{"id":23289,"date":"2024-01-11T18:40:34","date_gmt":"2024-01-12T00:40:34","guid":{"rendered":"https:\/\/contextoanalisisperiodistico.com\/index.php\/2024\/01\/11\/con-obras-en-materia-cultural-educativa-y-de-salud-florece-san-sebastian-abasolo\/"},"modified":"2024-01-11T18:40:34","modified_gmt":"2024-01-12T00:40:34","slug":"con-obras-en-materia-cultural-educativa-y-de-salud-florece-san-sebastian-abasolo","status":"publish","type":"post","link":"https:\/\/contextoanalisisperiodistico.com\/index.php\/2024\/01\/11\/con-obras-en-materia-cultural-educativa-y-de-salud-florece-san-sebastian-abasolo\/","title":{"rendered":"<em>Con obras en materia cultural, educativa y de salud, florece San Sebasti\u00e1n Abasolo<\/em>"},"content":{"rendered":"<div id=\"fb-root\"><\/div>\n\n<p>\u2022 El Gobernador de Oaxaca inform\u00f3 que en esta poblaci\u00f3n se invierten m\u00e1s de 13 millones de pesos como parte de la estrategia Trabajo que Transforma tu Municipio<\/p>\n\n\n\n<figure class=\"wp-block-image size-large\"><img fetchpriority=\"high\" decoding=\"async\" width=\"1024\" height=\"682\" src=\"https:\/\/contextoanalisisperiodistico.com\/wp-content\/uploads\/2024\/01\/img-20240111-wa00898277523694890197306.jpg\" alt=\"\" class=\"wp-image-23286\" srcset=\"https:\/\/contextoanalisisperiodistico.com\/wp-content\/uploads\/2024\/01\/img-20240111-wa00898277523694890197306.jpg 1024w, https:\/\/contextoanalisisperiodistico.com\/wp-content\/uploads\/2024\/01\/img-20240111-wa00898277523694890197306-300x200.jpg 300w, https:\/\/contextoanalisisperiodistico.com\/wp-content\/uploads\/2024\/01\/img-20240111-wa00898277523694890197306-768x512.jpg 768w\" sizes=\"(max-width: 1024px) 100vw, 1024px\" \/><\/figure>\n\n\n\n<figure class=\"wp-block-image\"><img decoding=\"async\" width=\"300\" height=\"200\" src=\"https:\/\/contextoanalisisperiodistico.com\/wp-content\/uploads\/2024\/01\/img-20240111-wa0088126982326604922651-300x200.jpg\" alt=\"\" class=\"wp-image-23288\" srcset=\"https:\/\/contextoanalisisperiodistico.com\/wp-content\/uploads\/2024\/01\/img-20240111-wa0088126982326604922651-300x200.jpg 300w, https:\/\/contextoanalisisperiodistico.com\/wp-content\/uploads\/2024\/01\/img-20240111-wa0088126982326604922651-768x512.jpg 768w, https:\/\/contextoanalisisperiodistico.com\/wp-content\/uploads\/2024\/01\/img-20240111-wa0088126982326604922651.jpg 1024w\" sizes=\"(max-width: 300px) 100vw, 300px\" \/><\/figure>\n\n\n\n<figure class=\"wp-block-image\"><img decoding=\"async\" width=\"300\" height=\"200\" src=\"https:\/\/contextoanalisisperiodistico.com\/wp-content\/uploads\/2024\/01\/img-20240111-wa00784403929459252026113-300x200.jpg\" alt=\"\" class=\"wp-image-23285\" srcset=\"https:\/\/contextoanalisisperiodistico.com\/wp-content\/uploads\/2024\/01\/img-20240111-wa00784403929459252026113-300x200.jpg 300w, https:\/\/contextoanalisisperiodistico.com\/wp-content\/uploads\/2024\/01\/img-20240111-wa00784403929459252026113-768x512.jpg 768w, https:\/\/contextoanalisisperiodistico.com\/wp-content\/uploads\/2024\/01\/img-20240111-wa00784403929459252026113.jpg 1024w\" sizes=\"(max-width: 300px) 100vw, 300px\" \/><\/figure>\n\n\n\n<figure class=\"wp-block-image\"><img loading=\"lazy\" decoding=\"async\" width=\"300\" height=\"200\" src=\"https:\/\/contextoanalisisperiodistico.com\/wp-content\/uploads\/2024\/01\/img-20240111-wa00798306017234841798235-300x200.jpg\" alt=\"\" class=\"wp-image-23287\" srcset=\"https:\/\/contextoanalisisperiodistico.com\/wp-content\/uploads\/2024\/01\/img-20240111-wa00798306017234841798235-300x200.jpg 300w, https:\/\/contextoanalisisperiodistico.com\/wp-content\/uploads\/2024\/01\/img-20240111-wa00798306017234841798235-768x512.jpg 768w, https:\/\/contextoanalisisperiodistico.com\/wp-content\/uploads\/2024\/01\/img-20240111-wa00798306017234841798235.jpg 1024w\" sizes=\"(max-width: 300px) 100vw, 300px\" \/><\/figure>\n\n\n\n<p>San Sebasti\u00e1n Abasolo, Oax. 11 de enero de 2024.- La Primavera Oaxaque\u00f1a florece en esta poblaci\u00f3n con obras para la cultura, salud, educaci\u00f3n y otros rubros afirm\u00f3 el Gobernador Salom\u00f3n Jara Cruz al visitar este municipio ubicado en los Valles Centrales.<\/p>\n\n\n\n<p>Acompa\u00f1ado de su equipo de gobierno, el Mandatario estatal inform\u00f3 que mediante la estrategia Trabajo que Transforma tu Municipio se invierte 13 millones 96 mil pesos para programas y acciones que impulsen el desarrollo de las y los habitantes.<\/p>\n\n\n\n<p>\u201cSomos un Gobierno cercano al pueblo y sus comunidades, por eso hemos decidido visitar los 570 municipios de Oaxaca, sin distinci\u00f3n alguna, porque para nosotros todas y todos somos iguales y cada uno tiene sus necesidades\u201d, manifest\u00f3.<\/p>\n\n\n\n<p>De esta manera, se dio a conocer que el Instituto del Patrimonio Cultural del Estado (Inpac) canaliza 7 millones 651 mil 508 pesos para la restauraci\u00f3n del templo cat\u00f3lico de la poblaci\u00f3n, herencia milenaria de los m\u00e1s de dos mil pobladores.<\/p>\n\n\n\n<p>Por su parte, el Sistema Estatal para el Desarrollo Integral de la Familia (DIF) procura el bienestar de las ni\u00f1as, ni\u00f1os, adolescentes y grupos prioritarios a trav\u00e9s de programas alimenticios y de asistencia social, con un monto total de 188 mil 959 pesos.<\/p>\n\n\n\n<p>Con un presupuesto de 1 mill\u00f3n 205 mil 32 pesos los Servicios de Salud de Oaxaca (SSO) entregaron medicamentos a un centro de salud de la poblaci\u00f3n. Asimismo, se realizar\u00e1 la rehabilitaci\u00f3n del centro de salud de esta municipalidad, con recursos por el orden de 303 mil 402 pesos.<\/p>\n\n\n\n<p>Tambi\u00e9n, el Instituto Estatal de Educaci\u00f3n P\u00fablica de Oaxaca (IEEPO) destinar\u00e1 439 mil 465 pesos en mobiliario, equipamiento y material de aseo, deportivo y oficina para diversos centros educativos.<\/p>\n\n\n\n<p>Mientras que, el Instituto Oaxaque\u00f1o Constructor de Infraestructura Educativa (Iocied) invertir\u00e1 2 millones 700 mil pesos para la rehabilitaci\u00f3n de ba\u00f1os, aulas, as\u00ed como electricidad, equipamiento tecnol\u00f3gico y la construcci\u00f3n de una barda perimetral en algunas escuelas de la comunidad.<\/p>\n\n\n\n<p>En tanto, la Secretar\u00eda de Fomento Agroalimentario y Desarrollo Rural (Sefader) implementar\u00e1 el programa Autosuficiencia Alimentaria para la producci\u00f3n de alimentos que garanticen la seguridad alimentaria de la poblaci\u00f3n, como son ma\u00edz, frijol, tomate, etc.<\/p>\n\n\n\n<p>En este marco, la Secretar\u00eda de Finanzas (Sefin) inform\u00f3 que fue depositado al ayuntamiento 178 mil 883 pesos como parte del Fondo Compensatorio del Gobierno Federal.<\/p>\n\n\n\n<p>Para preservar la cultura de esta localidad, la Secretar\u00eda de Interculturalidad, Pueblos y Comunidades Ind\u00edgenas y Afromexicanas (SIPCIA) atender\u00e1 la solicitud de un maestro de m\u00fasica y la entrega de instrumentos para la Banda Musical del pueblo. Adem\u00e1s, en pr\u00f3ximos d\u00edas entregar\u00e1 ocho tinacos con capacidad de 100 litros a la agencia Santa Rosa.<\/p>\n\n\n\n<p>Finalmente, el Secretariado Ejecutivo del Sistema Estatal de Seguridad P\u00fablica (SESESP) entreg\u00f3 a la presidenta municipal de San Sebasti\u00e1n Abasolo, Mar\u00eda Sara G\u00f3mez Gal\u00e1n, los requisitos para acceder a la capacitaci\u00f3n de elementos policiacos y al programa Mujeres Constructoras de Paz (Mucpaz), a fin de fortalecer el bienestar de las mujeres del lugar.<\/p>\n\n\n\n<p>-0-<\/p>\n","protected":false},"excerpt":{"rendered":"<p>\u2022 El Gobernador de Oaxaca inform\u00f3 que en esta poblaci\u00f3n se invierten m\u00e1s de 13&#8230;<\/p>\n","protected":false},"author":4,"featured_media":23284,"comment_status":"","ping_status":"open","sticky":false,"template":"","format":"standard","meta":{"footnotes":""},"categories":[9],"tags":[],"jetpack_sharing_enabled":true,"featured_image_urls":{"full":["https:\/\/contextoanalisisperiodistico.com\/wp-content\/uploads\/2024\/01\/IMG-20240111-WA0090.jpg",1024,683,false],"thumbnail":["https:\/\/contextoanalisisperiodistico.com\/wp-content\/uploads\/2024\/01\/IMG-20240111-WA0090-150x150.jpg",150,150,true],"medium":["https:\/\/contextoanalisisperiodistico.com\/wp-content\/uploads\/2024\/01\/IMG-20240111-WA0090-300x200.jpg",300,200,true],"medium_large":["https:\/\/contextoanalisisperiodistico.com\/wp-content\/uploads\/2024\/01\/IMG-20240111-WA0090-768x512.jpg",640,427,true],"large":["https:\/\/contextoanalisisperiodistico.com\/wp-content\/uploads\/2024\/01\/IMG-20240111-WA0090.jpg",640,427,false],"1536x1536":["https:\/\/contextoanalisisperiodistico.com\/wp-content\/uploads\/2024\/01\/IMG-20240111-WA0090.jpg",1024,683,false],"2048x2048":["https:\/\/contextoanalisisperiodistico.com\/wp-content\/uploads\/2024\/01\/IMG-20240111-WA0090.jpg",1024,683,false],"covernews-slider-full":["https:\/\/contextoanalisisperiodistico.com\/wp-content\/uploads\/2024\/01\/IMG-20240111-WA0090.jpg",1024,683,false],"covernews-slider-center":["https:\/\/contextoanalisisperiodistico.com\/wp-content\/uploads\/2024\/01\/IMG-20240111-WA0090-800x500.jpg",800,500,true],"covernews-featured":["https:\/\/contextoanalisisperiodistico.com\/wp-content\/uploads\/2024\/01\/IMG-20240111-WA0090.jpg",1024,683,false],"covernews-medium":["https:\/\/contextoanalisisperiodistico.com\/wp-content\/uploads\/2024\/01\/IMG-20240111-WA0090-540x340.jpg",540,340,true],"covernews-medium-square":["https:\/\/contextoanalisisperiodistico.com\/wp-content\/uploads\/2024\/01\/IMG-20240111-WA0090-400x250.jpg",400,250,true]},"author_info":{"display_name":"Mario Gir\u00f3n","author_link":"https:\/\/contextoanalisisperiodistico.com\/index.php\/author\/director\/"},"category_info":"<a href=\"https:\/\/contextoanalisisperiodistico.com\/index.php\/category\/politica\/\" rel=\"category tag\">Pol\u00edtica<\/a>","tag_info":"Pol\u00edtica","comment_count":"0","jetpack_featured_media_url":"https:\/\/contextoanalisisperiodistico.com\/wp-content\/uploads\/2024\/01\/IMG-20240111-WA0090.jpg","_links":{"self":[{"href":"https:\/\/contextoanalisisperiodistico.com\/index.php\/wp-json\/wp\/v2\/posts\/23289"}],"collection":[{"href":"https:\/\/contextoanalisisperiodistico.com\/index.php\/wp-json\/wp\/v2\/posts"}],"about":[{"href":"https:\/\/contextoanalisisperiodistico.com\/index.php\/wp-json\/wp\/v2\/types\/post"}],"author":[{"embeddable":true,"href":"https:\/\/contextoanalisisperiodistico.com\/index.php\/wp-json\/wp\/v2\/users\/4"}],"replies":[{"embeddable":true,"href":"https:\/\/contextoanalisisperiodistico.com\/index.php\/wp-json\/wp\/v2\/comments?post=23289"}],"version-history":[{"count":0,"href":"https:\/\/contextoanalisisperiodistico.com\/index.php\/wp-json\/wp\/v2\/posts\/23289\/revisions"}],"wp:featuredmedia":[{"embeddable":true,"href":"https:\/\/contextoanalisisperiodistico.com\/index.php\/wp-json\/wp\/v2\/media\/23284"}],"wp:attachment":[{"href":"https:\/\/contextoanalisisperiodistico.com\/index.php\/wp-json\/wp\/v2\/media?parent=23289"}],"wp:term":[{"taxonomy":"category","embeddable":true,"href":"https:\/\/contextoanalisisperiodistico.com\/index.php\/wp-json\/wp\/v2\/categories?post=23289"},{"taxonomy":"post_tag","embeddable":true,"href":"https:\/\/contextoanalisisperiodistico.com\/index.php\/wp-json\/wp\/v2\/tags?post=23289"}],"curies":[{"name":"wp","href":"https:\/\/api.w.org\/{rel}","templated":true}]}}