{"id":23261,"date":"2024-01-11T17:52:51","date_gmt":"2024-01-11T23:52:51","guid":{"rendered":"https:\/\/contextoanalisisperiodistico.com\/index.php\/2024\/01\/11\/desde-el-sector-cultural-gobierno-del-estado-repara-deuda-historica-con-los-pueblos-indigenas\/"},"modified":"2024-01-11T17:52:51","modified_gmt":"2024-01-11T23:52:51","slug":"desde-el-sector-cultural-gobierno-del-estado-repara-deuda-historica-con-los-pueblos-indigenas","status":"publish","type":"post","link":"https:\/\/contextoanalisisperiodistico.com\/index.php\/2024\/01\/11\/desde-el-sector-cultural-gobierno-del-estado-repara-deuda-historica-con-los-pueblos-indigenas\/","title":{"rendered":"Desde el sector cultural, Gobierno del Estado repara deuda hist\u00f3rica con los pueblos ind\u00edgenas"},"content":{"rendered":"<div id=\"fb-root\"><\/div>\n\n<p>\u25cf Se emprende el proyecto sexenal Culturas Vivas: Lenguas y Artes, \u00fanico en el<br \/>pa\u00eds, con una inversi\u00f3n de 4 millones de pesos en las ocho regiones con 294 actividades<\/p>\n\n\n\n<figure class=\"wp-block-image size-large\"><img fetchpriority=\"high\" decoding=\"async\" width=\"1024\" height=\"682\" src=\"https:\/\/contextoanalisisperiodistico.com\/wp-content\/uploads\/2024\/01\/img-20240111-wa00744534812309549843077-1024x682.jpg\" alt=\"\" class=\"wp-image-23260\" srcset=\"https:\/\/contextoanalisisperiodistico.com\/wp-content\/uploads\/2024\/01\/img-20240111-wa00744534812309549843077-1024x682.jpg 1024w, https:\/\/contextoanalisisperiodistico.com\/wp-content\/uploads\/2024\/01\/img-20240111-wa00744534812309549843077-300x200.jpg 300w, https:\/\/contextoanalisisperiodistico.com\/wp-content\/uploads\/2024\/01\/img-20240111-wa00744534812309549843077-768x512.jpg 768w, https:\/\/contextoanalisisperiodistico.com\/wp-content\/uploads\/2024\/01\/img-20240111-wa00744534812309549843077-1536x1023.jpg 1536w, https:\/\/contextoanalisisperiodistico.com\/wp-content\/uploads\/2024\/01\/img-20240111-wa00744534812309549843077.jpg 1600w\" sizes=\"(max-width: 1024px) 100vw, 1024px\" \/><\/figure>\n\n\n\n<figure class=\"wp-block-image\"><img decoding=\"async\" width=\"1024\" height=\"682\" src=\"https:\/\/contextoanalisisperiodistico.com\/wp-content\/uploads\/2024\/01\/img-20240111-wa00719142851116028078673-1024x682.jpg\" alt=\"\" class=\"wp-image-23259\" srcset=\"https:\/\/contextoanalisisperiodistico.com\/wp-content\/uploads\/2024\/01\/img-20240111-wa00719142851116028078673-1024x682.jpg 1024w, https:\/\/contextoanalisisperiodistico.com\/wp-content\/uploads\/2024\/01\/img-20240111-wa00719142851116028078673-300x200.jpg 300w, https:\/\/contextoanalisisperiodistico.com\/wp-content\/uploads\/2024\/01\/img-20240111-wa00719142851116028078673-768x512.jpg 768w, https:\/\/contextoanalisisperiodistico.com\/wp-content\/uploads\/2024\/01\/img-20240111-wa00719142851116028078673-1536x1023.jpg 1536w, https:\/\/contextoanalisisperiodistico.com\/wp-content\/uploads\/2024\/01\/img-20240111-wa00719142851116028078673.jpg 1600w\" sizes=\"(max-width: 1024px) 100vw, 1024px\" \/><\/figure>\n\n\n\n<p>\u25cf En los espacios p\u00fablicos recuperados se han realizado m\u00e1s de 390 actividades<\/p>\n\n\n\n<p>\u25cf Se recuperaron los programas PACMyC y PECDA, y se abrieron los museos Rufino Tamayo y Ervin Frissell<\/p>\n\n\n\n<p>Oaxaca de Ju\u00e1rez, Oax. 11 de enero de 2024.- El Gobierno de la Transformaci\u00f3n, que encabeza Salom\u00f3n Jara Cruz, a trav\u00e9s de la Secretar\u00eda de las Culturas y Artes, emprendi\u00f3, desde el primer d\u00eda, diversas acciones estrat\u00e9gicas con el objetivo de impulsar la riqueza cultural del estado, poniendo especial \u00e9nfasis en los pueblos ind\u00edgenas y afromexicano, hist\u00f3ricamente excluidos y marginados.<\/p>\n\n\n\n<p>As\u00ed lo enunci\u00f3 el titular de la dependencia, V\u00edctor Cata, durante su comparecencia ante las y los legisladores de la Comisi\u00f3n de Culturas, Artes, Juventud, Cultura F\u00edsica y Deporte de la LXV Legislatura del Congreso del Estado de Oaxaca, a quienes inform\u00f3 sobre las acciones que realiza la Secretar\u00eda desde el 1 de diciembre de 2022, para la Reparaci\u00f3n Hist\u00f3rica de los Pueblos y el Nuevo Pacto Social, ejes del Gobierno del Estado.<\/p>\n\n\n\n<p>V\u00edctor Cata indic\u00f3 que se dise\u00f1\u00f3 y arranc\u00f3 un proyecto \u00fanico en el pa\u00eds denominando Culturas Vivas. Lenguas y Artes, que incluye siete programas: Nidos de Lenguas, Talleres de Lengua y Pensamiento Ind\u00edgena, Talleres de Int\u00e9rpretes y Traductores, Paisajes Ling\u00fc\u00edsticos, Derechos Ling\u00fc\u00edsticos, Huella y Memoria, y Caravanas Culturales, realizando 294 actividades en las ocho regiones con una inversi\u00f3n de 4 millones de pesos y en beneficio de 4 mil 690 personas.<\/p>\n\n\n\n<p>Con una inversi\u00f3n bipartita de 4 millones 320 mil pesos, entre la Secretar\u00eda de Cultura federal y esta Secretar\u00eda, a trav\u00e9s del Programa de Apoyo a las Culturas Municipales y Comunitarias (PACMyC), se beneficiaron a 49 proyectos comunitarios; dicho programa, fue gestionado tras dos a\u00f1os sin destinar recursos para Oaxaca.<\/p>\n\n\n\n<p>Adem\u00e1s, se recuper\u00f3 el Programa de Est\u00edmulo a la Creaci\u00f3n y Desarrollo Art\u00edstico (PECDA), con una inversi\u00f3n federal y estatal de 2 millones 712 mil pesos. En este a\u00f1o, Oaxaca fue sede de las capacitaciones del Programa Original, el cual tuvo el objetivo de crear conciencia sobre el valor del trabajo artesanal y los derechos de la propiedad colectiva.<\/p>\n\n\n\n<p>Tambi\u00e9n, despu\u00e9s de 30 a\u00f1os cerrado, se logr\u00f3, desde la Secretar\u00eda, la apertura del Museo Ervin Frissell de San Pablo Villa de Mitla, as\u00ed como la apertura despu\u00e9s de tres a\u00f1os del Museo de Arte Precolombino Rufino Tamayo, el cual dej\u00f3 de ser administrado por un grupo privado.<\/p>\n\n\n\n<p>La Secretar\u00eda de las Culturas y Artes promovi\u00f3, en marzo, la convocatoria para la selecci\u00f3n de las delegaciones que participaron en la Guelaguetza del Lunes del Cerro y su Octava 2023, logrando por primera vez y de manera hist\u00f3rica la visibilizaci\u00f3n de los 16 pueblos ind\u00edgenas y el afromexicano.<\/p>\n\n\n\n<p>Entre los hechos hist\u00f3ricos de la Guelaguetza 2023 se encuentra la desaparici\u00f3n del Comit\u00e9 de Autenticidad, que dio paso a la creaci\u00f3n del Comit\u00e9 Organizador Interinstitucional, la Comisi\u00f3n Cultural Comunitaria y 24 Consejos Interculturales, integrados por un cuerpo de 72 personas representantes de las 16 culturas y pueblo afromexicano, conocedoras y portadoras de sus tradiciones e identidad, quienes tuvieron la encomienda de visitar, evaluar y seleccionar por regi\u00f3n y por cultura, a las delegaciones que se presentaron durante los dos Lunes del Cerro.<\/p>\n\n\n\n<p>Adem\u00e1s, en la temporada de Guelaguetza se realiz\u00f3 un programa de 98 actividades, as\u00ed como tres conciertos masivos; dichas actividades requirieron la participaci\u00f3n de mil 230 artistas, en su mayor\u00eda de Oaxaca. En las actividades realizadas en el marco de la Guelaguetza se invirtieron 14 millones 990 mil pesos, cifra menor a la que se invirti\u00f3 en la administraci\u00f3n pasada.<\/p>\n\n\n\n<p>El funcionario detall\u00f3 la dependencia realiz\u00f3 un total de 9 mil 837 acciones en 335 municipios de las ocho regiones del estado, en beneficio de 717 mil 592 habitantes. <code>-0-<\/code><\/p>\n","protected":false},"excerpt":{"rendered":"<p>\u25cf Se emprende el proyecto sexenal Culturas Vivas: Lenguas y Artes, \u00fanico en elpa\u00eds, con&#8230;<\/p>\n","protected":false},"author":4,"featured_media":23258,"comment_status":"","ping_status":"open","sticky":false,"template":"","format":"standard","meta":{"footnotes":""},"categories":[4],"tags":[],"jetpack_sharing_enabled":true,"featured_image_urls":{"full":["https:\/\/contextoanalisisperiodistico.com\/wp-content\/uploads\/2024\/01\/IMG-20240111-WA0072.jpg",1600,1066,false],"thumbnail":["https:\/\/contextoanalisisperiodistico.com\/wp-content\/uploads\/2024\/01\/IMG-20240111-WA0072-150x150.jpg",150,150,true],"medium":["https:\/\/contextoanalisisperiodistico.com\/wp-content\/uploads\/2024\/01\/IMG-20240111-WA0072-300x200.jpg",300,200,true],"medium_large":["https:\/\/contextoanalisisperiodistico.com\/wp-content\/uploads\/2024\/01\/IMG-20240111-WA0072-768x512.jpg",640,427,true],"large":["https:\/\/contextoanalisisperiodistico.com\/wp-content\/uploads\/2024\/01\/IMG-20240111-WA0072-1024x682.jpg",640,426,true],"1536x1536":["https:\/\/contextoanalisisperiodistico.com\/wp-content\/uploads\/2024\/01\/IMG-20240111-WA0072-1536x1023.jpg",1536,1023,true],"2048x2048":["https:\/\/contextoanalisisperiodistico.com\/wp-content\/uploads\/2024\/01\/IMG-20240111-WA0072.jpg",1600,1066,false],"covernews-slider-full":["https:\/\/contextoanalisisperiodistico.com\/wp-content\/uploads\/2024\/01\/IMG-20240111-WA0072-1115x715.jpg",1115,715,true],"covernews-slider-center":["https:\/\/contextoanalisisperiodistico.com\/wp-content\/uploads\/2024\/01\/IMG-20240111-WA0072-800x500.jpg",800,500,true],"covernews-featured":["https:\/\/contextoanalisisperiodistico.com\/wp-content\/uploads\/2024\/01\/IMG-20240111-WA0072-1024x682.jpg",1024,682,true],"covernews-medium":["https:\/\/contextoanalisisperiodistico.com\/wp-content\/uploads\/2024\/01\/IMG-20240111-WA0072-540x340.jpg",540,340,true],"covernews-medium-square":["https:\/\/contextoanalisisperiodistico.com\/wp-content\/uploads\/2024\/01\/IMG-20240111-WA0072-400x250.jpg",400,250,true]},"author_info":{"display_name":"Mario Gir\u00f3n","author_link":"https:\/\/contextoanalisisperiodistico.com\/index.php\/author\/director\/"},"category_info":"<a href=\"https:\/\/contextoanalisisperiodistico.com\/index.php\/category\/cultura\/\" rel=\"category tag\">Cultura<\/a>","tag_info":"Cultura","comment_count":"0","jetpack_featured_media_url":"https:\/\/contextoanalisisperiodistico.com\/wp-content\/uploads\/2024\/01\/IMG-20240111-WA0072.jpg","_links":{"self":[{"href":"https:\/\/contextoanalisisperiodistico.com\/index.php\/wp-json\/wp\/v2\/posts\/23261"}],"collection":[{"href":"https:\/\/contextoanalisisperiodistico.com\/index.php\/wp-json\/wp\/v2\/posts"}],"about":[{"href":"https:\/\/contextoanalisisperiodistico.com\/index.php\/wp-json\/wp\/v2\/types\/post"}],"author":[{"embeddable":true,"href":"https:\/\/contextoanalisisperiodistico.com\/index.php\/wp-json\/wp\/v2\/users\/4"}],"replies":[{"embeddable":true,"href":"https:\/\/contextoanalisisperiodistico.com\/index.php\/wp-json\/wp\/v2\/comments?post=23261"}],"version-history":[{"count":0,"href":"https:\/\/contextoanalisisperiodistico.com\/index.php\/wp-json\/wp\/v2\/posts\/23261\/revisions"}],"wp:featuredmedia":[{"embeddable":true,"href":"https:\/\/contextoanalisisperiodistico.com\/index.php\/wp-json\/wp\/v2\/media\/23258"}],"wp:attachment":[{"href":"https:\/\/contextoanalisisperiodistico.com\/index.php\/wp-json\/wp\/v2\/media?parent=23261"}],"wp:term":[{"taxonomy":"category","embeddable":true,"href":"https:\/\/contextoanalisisperiodistico.com\/index.php\/wp-json\/wp\/v2\/categories?post=23261"},{"taxonomy":"post_tag","embeddable":true,"href":"https:\/\/contextoanalisisperiodistico.com\/index.php\/wp-json\/wp\/v2\/tags?post=23261"}],"curies":[{"name":"wp","href":"https:\/\/api.w.org\/{rel}","templated":true}]}}