{"id":23257,"date":"2024-01-11T17:48:16","date_gmt":"2024-01-11T23:48:16","guid":{"rendered":"https:\/\/contextoanalisisperiodistico.com\/index.php\/2024\/01\/11\/beneficia-gobierno-estatal-a-tlacochahuaya-con-mas-de-15-millones-para-su-desarrollo\/"},"modified":"2024-01-11T17:48:16","modified_gmt":"2024-01-11T23:48:16","slug":"beneficia-gobierno-estatal-a-tlacochahuaya-con-mas-de-15-millones-para-su-desarrollo","status":"publish","type":"post","link":"https:\/\/contextoanalisisperiodistico.com\/index.php\/2024\/01\/11\/beneficia-gobierno-estatal-a-tlacochahuaya-con-mas-de-15-millones-para-su-desarrollo\/","title":{"rendered":"<em>Beneficia Gobierno Estatal a Tlacochahuaya con m\u00e1s de 15 millones para su desarrollo<\/em>"},"content":{"rendered":"<div id=\"fb-root\"><\/div>\n\n<p>\u2022 Se atender\u00e1 la salud, educaci\u00f3n, alimentaci\u00f3n e infraestructura, en beneficio de sus habitantes<\/p>\n\n\n\n<figure class=\"wp-block-image size-large\"><img fetchpriority=\"high\" decoding=\"async\" width=\"1024\" height=\"682\" src=\"https:\/\/contextoanalisisperiodistico.com\/wp-content\/uploads\/2024\/01\/img-20240111-wa00638096513300529054415-1024x682.jpg\" alt=\"\" class=\"wp-image-23254\" srcset=\"https:\/\/contextoanalisisperiodistico.com\/wp-content\/uploads\/2024\/01\/img-20240111-wa00638096513300529054415-1024x682.jpg 1024w, https:\/\/contextoanalisisperiodistico.com\/wp-content\/uploads\/2024\/01\/img-20240111-wa00638096513300529054415-300x200.jpg 300w, https:\/\/contextoanalisisperiodistico.com\/wp-content\/uploads\/2024\/01\/img-20240111-wa00638096513300529054415-768x512.jpg 768w, https:\/\/contextoanalisisperiodistico.com\/wp-content\/uploads\/2024\/01\/img-20240111-wa00638096513300529054415-1536x1023.jpg 1536w, https:\/\/contextoanalisisperiodistico.com\/wp-content\/uploads\/2024\/01\/img-20240111-wa00638096513300529054415.jpg 1600w\" sizes=\"(max-width: 1024px) 100vw, 1024px\" \/><\/figure>\n\n\n\n<figure class=\"wp-block-image\"><img decoding=\"async\" width=\"1024\" height=\"682\" src=\"https:\/\/contextoanalisisperiodistico.com\/wp-content\/uploads\/2024\/01\/img-20240111-wa00644798097688870207473-1024x682.jpg\" alt=\"\" class=\"wp-image-23256\" srcset=\"https:\/\/contextoanalisisperiodistico.com\/wp-content\/uploads\/2024\/01\/img-20240111-wa00644798097688870207473-1024x682.jpg 1024w, https:\/\/contextoanalisisperiodistico.com\/wp-content\/uploads\/2024\/01\/img-20240111-wa00644798097688870207473-300x200.jpg 300w, https:\/\/contextoanalisisperiodistico.com\/wp-content\/uploads\/2024\/01\/img-20240111-wa00644798097688870207473-768x512.jpg 768w, https:\/\/contextoanalisisperiodistico.com\/wp-content\/uploads\/2024\/01\/img-20240111-wa00644798097688870207473-1536x1023.jpg 1536w, https:\/\/contextoanalisisperiodistico.com\/wp-content\/uploads\/2024\/01\/img-20240111-wa00644798097688870207473.jpg 1600w\" sizes=\"(max-width: 1024px) 100vw, 1024px\" \/><\/figure>\n\n\n\n<figure class=\"wp-block-image\"><img decoding=\"async\" width=\"1024\" height=\"682\" src=\"https:\/\/contextoanalisisperiodistico.com\/wp-content\/uploads\/2024\/01\/img-20240111-wa0070145452148614204067-1024x682.jpg\" alt=\"\" class=\"wp-image-23253\" srcset=\"https:\/\/contextoanalisisperiodistico.com\/wp-content\/uploads\/2024\/01\/img-20240111-wa0070145452148614204067-1024x682.jpg 1024w, https:\/\/contextoanalisisperiodistico.com\/wp-content\/uploads\/2024\/01\/img-20240111-wa0070145452148614204067-300x200.jpg 300w, https:\/\/contextoanalisisperiodistico.com\/wp-content\/uploads\/2024\/01\/img-20240111-wa0070145452148614204067-768x512.jpg 768w, https:\/\/contextoanalisisperiodistico.com\/wp-content\/uploads\/2024\/01\/img-20240111-wa0070145452148614204067-1536x1023.jpg 1536w, https:\/\/contextoanalisisperiodistico.com\/wp-content\/uploads\/2024\/01\/img-20240111-wa0070145452148614204067.jpg 1600w\" sizes=\"(max-width: 1024px) 100vw, 1024px\" \/><\/figure>\n\n\n\n<figure class=\"wp-block-image\"><img loading=\"lazy\" decoding=\"async\" width=\"1024\" height=\"682\" src=\"https:\/\/contextoanalisisperiodistico.com\/wp-content\/uploads\/2024\/01\/img-20240111-wa00699175379305160590794-1024x682.jpg\" alt=\"\" class=\"wp-image-23255\" srcset=\"https:\/\/contextoanalisisperiodistico.com\/wp-content\/uploads\/2024\/01\/img-20240111-wa00699175379305160590794-1024x682.jpg 1024w, https:\/\/contextoanalisisperiodistico.com\/wp-content\/uploads\/2024\/01\/img-20240111-wa00699175379305160590794-300x200.jpg 300w, https:\/\/contextoanalisisperiodistico.com\/wp-content\/uploads\/2024\/01\/img-20240111-wa00699175379305160590794-768x512.jpg 768w, https:\/\/contextoanalisisperiodistico.com\/wp-content\/uploads\/2024\/01\/img-20240111-wa00699175379305160590794-1536x1023.jpg 1536w, https:\/\/contextoanalisisperiodistico.com\/wp-content\/uploads\/2024\/01\/img-20240111-wa00699175379305160590794.jpg 1600w\" sizes=\"(max-width: 1024px) 100vw, 1024px\" \/><\/figure>\n\n\n\n<p>San Jer\u00f3nimo Tlacochahuaya, Oax., 11 de enero de 2024.- En su recorrido por los municipios del estado, el Gobernador Salom\u00f3n Jara Cruz visit\u00f3 San Jer\u00f3nimo Tlacochahuaya, perteneciente a los Valles Centrales, donde dio a conocer los beneficios de la estrategia Trabajo que Transforma tu Municipio, mediante la cual se destin\u00f3 un monto de 15 millones 817 mil pesos para diversas acciones.<\/p>\n\n\n\n<p>Ante las y los pobladores, el Mandatario Estatal explic\u00f3 que con este nuevo modelo de trabajo, las y los funcionarios est\u00e1n m\u00e1s cerca de la ciudadan\u00eda, trabajando de la mano con honestidad, sencillez, atendiendo las carencias y necesidades de todas y todos.<\/p>\n\n\n\n<p>El Sistema para el Desarrollo Integral de la Familia (DIF) Oaxaca, expuso que benefici\u00f3 a 162 familias con los programas Alimentaci\u00f3n Escolar y Asistencia Social a grupos prioritarios, con una inversi\u00f3n de 478 mil 335 pesos.<\/p>\n\n\n\n<p>En este municipio, la Secretar\u00eda de Fomento Agroalimentario y Desarrollo Rural (Sefader) inyectar\u00e1 un monto total de 1 mill\u00f3n 602 mil 787 pesos para programas, adquisici\u00f3n de equipos, unidad de riego, fumigaci\u00f3n y banco de semillas que beneficien a las y los productores de la localidad.<\/p>\n\n\n\n<p>La Secretar\u00eda de Interculturalidad, Pueblos y Comunidades Ind\u00edgenas y Afromexicanas a trav\u00e9s del programa Juventudes Interculturales apoya a seis estudiantes universitarios de la localidad con 6 mil pesos cada uno, adem\u00e1s se entregar\u00e1n ocho tinacos con capacidad de mil 100 litros, dando un total de 61 mil pesos.<\/p>\n\n\n\n<p>El Mandatario estatal inform\u00f3 que el Instituto del Patrimonio Cultural del Estado de Oaxaca (Inpac) invertir\u00e1 en la restauraci\u00f3n del templo antiguo la cantidad de 2 millones 580 mil 564 pesos.<\/p>\n\n\n\n<p>La educaci\u00f3n es uno de los pilares de este Gobierno de la Transformaci\u00f3n, por ello, el Instituto Estatal de Educaci\u00f3n P\u00fablica del Estado de Oaxaca (IEEPO) destin\u00f3 284 mil 860 pesos para equipamiento de las diferentes instituciones de la localidad, en beneficio de la ni\u00f1ez y juventud.<\/p>\n\n\n\n<p>En materia de salud, a la comunidad perteneciente al Distrito de Tlacolula se destin\u00f3 la cantidad de 2 millones 411 mil 64 pesos para medicamentos de dos centros de salud en la localidad.<\/p>\n\n\n\n<p>A esta comunidad se le apoyar\u00e1 por parte del Instituto Oaxaque\u00f1o Constructor de Infraestructura Educativa (Iocifed) con obras como sanitarios, techado de chanchas y aulas para las diferentes instituciones, con un monto total de 6 millones 40 mil pesos.<\/p>\n\n\n\n<p>En tanto, Caminos Bienestar (Cabien) rehabilitar\u00e1 la carpeta asf\u00e1ltica del camino que conduce a la Escuela Normal Biling\u00fce Intercultural de Oaxaca, con una inversi\u00f3n de 5 millones de pesos.<\/p>\n\n\n\n<p>La Comisi\u00f3n Estatal del Agua para el Bienestar (Ceabien) realizar\u00e1 un proyecto para reubicar una l\u00ednea de conducci\u00f3n de la red de agua potable que atraviesa por predios privados.<\/p>\n\n\n\n<p>Para hacer frente a las necesidades con que cuenta el municipio, en el a\u00f1o 2023 la Secretar\u00eda de Finanzas (Sefin) a trav\u00e9s del Fondo Compensatorio deposit\u00f3 a las arcas municipales 618 mil 929 pesos.<\/p>\n\n\n\n<p>-0-<\/p>\n","protected":false},"excerpt":{"rendered":"<p>\u2022 Se atender\u00e1 la salud, educaci\u00f3n, alimentaci\u00f3n e infraestructura, en beneficio de sus habitantes San&#8230;<\/p>\n","protected":false},"author":4,"featured_media":23252,"comment_status":"","ping_status":"open","sticky":false,"template":"","format":"standard","meta":{"footnotes":""},"categories":[9],"tags":[],"jetpack_sharing_enabled":true,"featured_image_urls":{"full":["https:\/\/contextoanalisisperiodistico.com\/wp-content\/uploads\/2024\/01\/IMG-20240111-WA0067.jpg",1600,1066,false],"thumbnail":["https:\/\/contextoanalisisperiodistico.com\/wp-content\/uploads\/2024\/01\/IMG-20240111-WA0067-150x150.jpg",150,150,true],"medium":["https:\/\/contextoanalisisperiodistico.com\/wp-content\/uploads\/2024\/01\/IMG-20240111-WA0067-300x200.jpg",300,200,true],"medium_large":["https:\/\/contextoanalisisperiodistico.com\/wp-content\/uploads\/2024\/01\/IMG-20240111-WA0067-768x512.jpg",640,427,true],"large":["https:\/\/contextoanalisisperiodistico.com\/wp-content\/uploads\/2024\/01\/IMG-20240111-WA0067-1024x682.jpg",640,426,true],"1536x1536":["https:\/\/contextoanalisisperiodistico.com\/wp-content\/uploads\/2024\/01\/IMG-20240111-WA0067-1536x1023.jpg",1536,1023,true],"2048x2048":["https:\/\/contextoanalisisperiodistico.com\/wp-content\/uploads\/2024\/01\/IMG-20240111-WA0067.jpg",1600,1066,false],"covernews-slider-full":["https:\/\/contextoanalisisperiodistico.com\/wp-content\/uploads\/2024\/01\/IMG-20240111-WA0067-1115x715.jpg",1115,715,true],"covernews-slider-center":["https:\/\/contextoanalisisperiodistico.com\/wp-content\/uploads\/2024\/01\/IMG-20240111-WA0067-800x500.jpg",800,500,true],"covernews-featured":["https:\/\/contextoanalisisperiodistico.com\/wp-content\/uploads\/2024\/01\/IMG-20240111-WA0067-1024x682.jpg",1024,682,true],"covernews-medium":["https:\/\/contextoanalisisperiodistico.com\/wp-content\/uploads\/2024\/01\/IMG-20240111-WA0067-540x340.jpg",540,340,true],"covernews-medium-square":["https:\/\/contextoanalisisperiodistico.com\/wp-content\/uploads\/2024\/01\/IMG-20240111-WA0067-400x250.jpg",400,250,true]},"author_info":{"display_name":"Mario Gir\u00f3n","author_link":"https:\/\/contextoanalisisperiodistico.com\/index.php\/author\/director\/"},"category_info":"<a href=\"https:\/\/contextoanalisisperiodistico.com\/index.php\/category\/politica\/\" rel=\"category tag\">Pol\u00edtica<\/a>","tag_info":"Pol\u00edtica","comment_count":"0","jetpack_featured_media_url":"https:\/\/contextoanalisisperiodistico.com\/wp-content\/uploads\/2024\/01\/IMG-20240111-WA0067.jpg","_links":{"self":[{"href":"https:\/\/contextoanalisisperiodistico.com\/index.php\/wp-json\/wp\/v2\/posts\/23257"}],"collection":[{"href":"https:\/\/contextoanalisisperiodistico.com\/index.php\/wp-json\/wp\/v2\/posts"}],"about":[{"href":"https:\/\/contextoanalisisperiodistico.com\/index.php\/wp-json\/wp\/v2\/types\/post"}],"author":[{"embeddable":true,"href":"https:\/\/contextoanalisisperiodistico.com\/index.php\/wp-json\/wp\/v2\/users\/4"}],"replies":[{"embeddable":true,"href":"https:\/\/contextoanalisisperiodistico.com\/index.php\/wp-json\/wp\/v2\/comments?post=23257"}],"version-history":[{"count":0,"href":"https:\/\/contextoanalisisperiodistico.com\/index.php\/wp-json\/wp\/v2\/posts\/23257\/revisions"}],"wp:featuredmedia":[{"embeddable":true,"href":"https:\/\/contextoanalisisperiodistico.com\/index.php\/wp-json\/wp\/v2\/media\/23252"}],"wp:attachment":[{"href":"https:\/\/contextoanalisisperiodistico.com\/index.php\/wp-json\/wp\/v2\/media?parent=23257"}],"wp:term":[{"taxonomy":"category","embeddable":true,"href":"https:\/\/contextoanalisisperiodistico.com\/index.php\/wp-json\/wp\/v2\/categories?post=23257"},{"taxonomy":"post_tag","embeddable":true,"href":"https:\/\/contextoanalisisperiodistico.com\/index.php\/wp-json\/wp\/v2\/tags?post=23257"}],"curies":[{"name":"wp","href":"https:\/\/api.w.org\/{rel}","templated":true}]}}