{"id":23250,"date":"2024-01-11T14:10:55","date_gmt":"2024-01-11T20:10:55","guid":{"rendered":"https:\/\/contextoanalisisperiodistico.com\/index.php\/2024\/01\/11\/martinez-neri-banderazo-a-obras-que-transforman-vidas-en-viguera\/"},"modified":"2024-01-11T14:12:36","modified_gmt":"2024-01-11T20:12:36","slug":"martinez-neri-banderazo-a-obras-que-transforman-vidas-en-viguera","status":"publish","type":"post","link":"https:\/\/contextoanalisisperiodistico.com\/index.php\/2024\/01\/11\/martinez-neri-banderazo-a-obras-que-transforman-vidas-en-viguera\/","title":{"rendered":"Mart\u00ednez Neri: banderazo a obras que transforman vidas en Viguera"},"content":{"rendered":"<div id=\"fb-root\"><\/div>\n\n<p>\u2022&nbsp; Vecinos de Viguera agradecen a Neri mantenerse cerca de la gente.<\/p>\n\n\n\n<figure class=\"wp-block-image size-large\"><img fetchpriority=\"high\" decoding=\"async\" width=\"1024\" height=\"684\" src=\"https:\/\/contextoanalisisperiodistico.com\/wp-content\/uploads\/2024\/01\/a403f51a-53cb-4b41-b8dd-738723b977eb1196845833838072559-1024x684.jpeg\" alt=\"\" class=\"wp-image-23247\" srcset=\"https:\/\/contextoanalisisperiodistico.com\/wp-content\/uploads\/2024\/01\/a403f51a-53cb-4b41-b8dd-738723b977eb1196845833838072559-1024x684.jpeg 1024w, https:\/\/contextoanalisisperiodistico.com\/wp-content\/uploads\/2024\/01\/a403f51a-53cb-4b41-b8dd-738723b977eb1196845833838072559-300x200.jpeg 300w, https:\/\/contextoanalisisperiodistico.com\/wp-content\/uploads\/2024\/01\/a403f51a-53cb-4b41-b8dd-738723b977eb1196845833838072559-768x513.jpeg 768w, https:\/\/contextoanalisisperiodistico.com\/wp-content\/uploads\/2024\/01\/a403f51a-53cb-4b41-b8dd-738723b977eb1196845833838072559-1536x1026.jpeg 1536w, https:\/\/contextoanalisisperiodistico.com\/wp-content\/uploads\/2024\/01\/a403f51a-53cb-4b41-b8dd-738723b977eb1196845833838072559.jpeg 1600w\" sizes=\"(max-width: 1024px) 100vw, 1024px\" \/><\/figure>\n\n\n\n<figure class=\"wp-block-image\"><img decoding=\"async\" width=\"1024\" height=\"684\" src=\"https:\/\/contextoanalisisperiodistico.com\/wp-content\/uploads\/2024\/01\/2a172f98-5694-42aa-8142-63e94afe765a2138801673755040015-1024x684.jpeg\" alt=\"\" class=\"wp-image-23246\" srcset=\"https:\/\/contextoanalisisperiodistico.com\/wp-content\/uploads\/2024\/01\/2a172f98-5694-42aa-8142-63e94afe765a2138801673755040015-1024x684.jpeg 1024w, https:\/\/contextoanalisisperiodistico.com\/wp-content\/uploads\/2024\/01\/2a172f98-5694-42aa-8142-63e94afe765a2138801673755040015-300x200.jpeg 300w, https:\/\/contextoanalisisperiodistico.com\/wp-content\/uploads\/2024\/01\/2a172f98-5694-42aa-8142-63e94afe765a2138801673755040015-768x513.jpeg 768w, https:\/\/contextoanalisisperiodistico.com\/wp-content\/uploads\/2024\/01\/2a172f98-5694-42aa-8142-63e94afe765a2138801673755040015-1536x1026.jpeg 1536w, https:\/\/contextoanalisisperiodistico.com\/wp-content\/uploads\/2024\/01\/2a172f98-5694-42aa-8142-63e94afe765a2138801673755040015.jpeg 1600w\" sizes=\"(max-width: 1024px) 100vw, 1024px\" \/><\/figure>\n\n\n\n<figure class=\"wp-block-image\"><img decoding=\"async\" width=\"1024\" height=\"684\" src=\"https:\/\/contextoanalisisperiodistico.com\/wp-content\/uploads\/2024\/01\/d4c8f4bf-4774-4e91-b37d-cef3517f92e72702689407767829743-1024x684.jpeg\" alt=\"\" class=\"wp-image-23248\" srcset=\"https:\/\/contextoanalisisperiodistico.com\/wp-content\/uploads\/2024\/01\/d4c8f4bf-4774-4e91-b37d-cef3517f92e72702689407767829743-1024x684.jpeg 1024w, https:\/\/contextoanalisisperiodistico.com\/wp-content\/uploads\/2024\/01\/d4c8f4bf-4774-4e91-b37d-cef3517f92e72702689407767829743-300x200.jpeg 300w, https:\/\/contextoanalisisperiodistico.com\/wp-content\/uploads\/2024\/01\/d4c8f4bf-4774-4e91-b37d-cef3517f92e72702689407767829743-768x513.jpeg 768w, https:\/\/contextoanalisisperiodistico.com\/wp-content\/uploads\/2024\/01\/d4c8f4bf-4774-4e91-b37d-cef3517f92e72702689407767829743-1536x1026.jpeg 1536w, https:\/\/contextoanalisisperiodistico.com\/wp-content\/uploads\/2024\/01\/d4c8f4bf-4774-4e91-b37d-cef3517f92e72702689407767829743.jpeg 1600w\" sizes=\"(max-width: 1024px) 100vw, 1024px\" \/><\/figure>\n\n\n\n<figure class=\"wp-block-image\"><img loading=\"lazy\" decoding=\"async\" width=\"1024\" height=\"685\" src=\"https:\/\/contextoanalisisperiodistico.com\/wp-content\/uploads\/2024\/01\/7061a025-e742-4327-9b43-dadf88cf68406944887620695119058-1024x685.jpeg\" alt=\"\" class=\"wp-image-23245\" srcset=\"https:\/\/contextoanalisisperiodistico.com\/wp-content\/uploads\/2024\/01\/7061a025-e742-4327-9b43-dadf88cf68406944887620695119058-1024x685.jpeg 1024w, https:\/\/contextoanalisisperiodistico.com\/wp-content\/uploads\/2024\/01\/7061a025-e742-4327-9b43-dadf88cf68406944887620695119058-300x201.jpeg 300w, https:\/\/contextoanalisisperiodistico.com\/wp-content\/uploads\/2024\/01\/7061a025-e742-4327-9b43-dadf88cf68406944887620695119058-768x513.jpeg 768w, https:\/\/contextoanalisisperiodistico.com\/wp-content\/uploads\/2024\/01\/7061a025-e742-4327-9b43-dadf88cf68406944887620695119058.jpeg 1261w\" sizes=\"(max-width: 1024px) 100vw, 1024px\" \/><\/figure>\n\n\n\n<figure class=\"wp-block-image\"><img loading=\"lazy\" decoding=\"async\" width=\"1024\" height=\"684\" src=\"https:\/\/contextoanalisisperiodistico.com\/wp-content\/uploads\/2024\/01\/649227af-6143-47ce-afd7-9c092730cb977429245594578186883-1024x684.jpeg\" alt=\"\" class=\"wp-image-23249\" srcset=\"https:\/\/contextoanalisisperiodistico.com\/wp-content\/uploads\/2024\/01\/649227af-6143-47ce-afd7-9c092730cb977429245594578186883-1024x684.jpeg 1024w, https:\/\/contextoanalisisperiodistico.com\/wp-content\/uploads\/2024\/01\/649227af-6143-47ce-afd7-9c092730cb977429245594578186883-300x200.jpeg 300w, https:\/\/contextoanalisisperiodistico.com\/wp-content\/uploads\/2024\/01\/649227af-6143-47ce-afd7-9c092730cb977429245594578186883-768x513.jpeg 768w, https:\/\/contextoanalisisperiodistico.com\/wp-content\/uploads\/2024\/01\/649227af-6143-47ce-afd7-9c092730cb977429245594578186883-1536x1026.jpeg 1536w, https:\/\/contextoanalisisperiodistico.com\/wp-content\/uploads\/2024\/01\/649227af-6143-47ce-afd7-9c092730cb977429245594578186883.jpeg 1600w\" sizes=\"(max-width: 1024px) 100vw, 1024px\" \/><\/figure>\n\n\n\n<p>Oaxaca de Ju\u00e1rez, Oax., a 11 de enero de 2024.- Francisco Mart\u00ednez Neri, Presidente Municipal de Oaxaca de Ju\u00e1rez, en conjunto con su equipo de trabajo, inaugur\u00f3 dos importantes obras de servicios b\u00e1sicos en la Agencia Municipal de Trinidad de Viguera, generando un impacto directo y positivo en la calidad de vida de la comunidad.<\/p>\n\n\n\n<p>&nbsp;La primera inauguraci\u00f3n tuvo lugar en la calle Juan de la Barrera, donde se dio inicio a la pavimentaci\u00f3n con concreto hidr\u00e1ulico. Este proyecto busca mejorar la movilidad y accesibilidad para los habitantes que transitan por esta zona. Durante el acto, el primer concejal destac\u00f3 la importancia de estas obras que transforman vidas al proporcionar comodidad, facilidad para transitar y mayor seguridad. Mart\u00ednez Neri expres\u00f3 su satisfacci\u00f3n por el inter\u00e9s de la comunidad y anim\u00f3 a reportar cualquier observaci\u00f3n que garantice la calidad del proyecto.<\/p>\n\n\n\n<p>Acto seguido, el primer Concejal se traslad\u00f3 al paraje Caballetillo, tambi\u00e9n en la Agencia Municipal de Trinidad de Viguera, para dar el banderazo de inicio de la obra de construcci\u00f3n de casi 250 metros de drenaje, representando esto un claro ejemplo del compromiso del gobierno municipal con el desarrollo sostenible.<\/p>\n\n\n\n<p>En sus intervenciones, tanto el mandatario municipal como la Secretaria de Obras P\u00fablicas y Desarrollo Urbano, Denisse Arandia Valencia, enfatizaron la importancia de estas obras para el bienestar de la comunidad, adem\u00e1s de que representa un avance hacia un municipio mejor equipado con servicios esenciales que mejoran la calidad de vida.<\/p>\n\n\n\n<p>En el evento estuvieron presentes, la S\u00edndica Primera, Regidoras y Regidores, funcionarios municipales, invitados especiales, as\u00ed como el Agente Municipal de Trinidad de Viguera, consolidando as\u00ed la colaboraci\u00f3n entre la administraci\u00f3n municipal y la comunidad en la b\u00fasqueda de un desarrollo integral.<\/p>\n","protected":false},"excerpt":{"rendered":"<p>\u2022&nbsp; Vecinos de Viguera agradecen a Neri mantenerse cerca de la gente. Oaxaca de Ju\u00e1rez,&#8230;<\/p>\n","protected":false},"author":4,"featured_media":23244,"comment_status":"closed","ping_status":"open","sticky":false,"template":"","format":"standard","meta":{"footnotes":""},"categories":[9],"tags":[],"jetpack_sharing_enabled":true,"featured_image_urls":{"full":["https:\/\/contextoanalisisperiodistico.com\/wp-content\/uploads\/2024\/01\/12a62fe4-fe34-4b04-a5f3-a45fee905346.jpeg",1127,753,false],"thumbnail":["https:\/\/contextoanalisisperiodistico.com\/wp-content\/uploads\/2024\/01\/12a62fe4-fe34-4b04-a5f3-a45fee905346-150x150.jpeg",150,150,true],"medium":["https:\/\/contextoanalisisperiodistico.com\/wp-content\/uploads\/2024\/01\/12a62fe4-fe34-4b04-a5f3-a45fee905346-300x200.jpeg",300,200,true],"medium_large":["https:\/\/contextoanalisisperiodistico.com\/wp-content\/uploads\/2024\/01\/12a62fe4-fe34-4b04-a5f3-a45fee905346-768x513.jpeg",640,428,true],"large":["https:\/\/contextoanalisisperiodistico.com\/wp-content\/uploads\/2024\/01\/12a62fe4-fe34-4b04-a5f3-a45fee905346-1024x684.jpeg",640,428,true],"1536x1536":["https:\/\/contextoanalisisperiodistico.com\/wp-content\/uploads\/2024\/01\/12a62fe4-fe34-4b04-a5f3-a45fee905346.jpeg",1127,753,false],"2048x2048":["https:\/\/contextoanalisisperiodistico.com\/wp-content\/uploads\/2024\/01\/12a62fe4-fe34-4b04-a5f3-a45fee905346.jpeg",1127,753,false],"covernews-slider-full":["https:\/\/contextoanalisisperiodistico.com\/wp-content\/uploads\/2024\/01\/12a62fe4-fe34-4b04-a5f3-a45fee905346-1115x715.jpeg",1115,715,true],"covernews-slider-center":["https:\/\/contextoanalisisperiodistico.com\/wp-content\/uploads\/2024\/01\/12a62fe4-fe34-4b04-a5f3-a45fee905346-800x500.jpeg",800,500,true],"covernews-featured":["https:\/\/contextoanalisisperiodistico.com\/wp-content\/uploads\/2024\/01\/12a62fe4-fe34-4b04-a5f3-a45fee905346-1024x684.jpeg",1024,684,true],"covernews-medium":["https:\/\/contextoanalisisperiodistico.com\/wp-content\/uploads\/2024\/01\/12a62fe4-fe34-4b04-a5f3-a45fee905346-540x340.jpeg",540,340,true],"covernews-medium-square":["https:\/\/contextoanalisisperiodistico.com\/wp-content\/uploads\/2024\/01\/12a62fe4-fe34-4b04-a5f3-a45fee905346-400x250.jpeg",400,250,true]},"author_info":{"display_name":"Mario Gir\u00f3n","author_link":"https:\/\/contextoanalisisperiodistico.com\/index.php\/author\/director\/"},"category_info":"<a href=\"https:\/\/contextoanalisisperiodistico.com\/index.php\/category\/politica\/\" rel=\"category tag\">Pol\u00edtica<\/a>","tag_info":"Pol\u00edtica","comment_count":"0","jetpack_featured_media_url":"https:\/\/contextoanalisisperiodistico.com\/wp-content\/uploads\/2024\/01\/12a62fe4-fe34-4b04-a5f3-a45fee905346.jpeg","_links":{"self":[{"href":"https:\/\/contextoanalisisperiodistico.com\/index.php\/wp-json\/wp\/v2\/posts\/23250"}],"collection":[{"href":"https:\/\/contextoanalisisperiodistico.com\/index.php\/wp-json\/wp\/v2\/posts"}],"about":[{"href":"https:\/\/contextoanalisisperiodistico.com\/index.php\/wp-json\/wp\/v2\/types\/post"}],"author":[{"embeddable":true,"href":"https:\/\/contextoanalisisperiodistico.com\/index.php\/wp-json\/wp\/v2\/users\/4"}],"replies":[{"embeddable":true,"href":"https:\/\/contextoanalisisperiodistico.com\/index.php\/wp-json\/wp\/v2\/comments?post=23250"}],"version-history":[{"count":1,"href":"https:\/\/contextoanalisisperiodistico.com\/index.php\/wp-json\/wp\/v2\/posts\/23250\/revisions"}],"predecessor-version":[{"id":23251,"href":"https:\/\/contextoanalisisperiodistico.com\/index.php\/wp-json\/wp\/v2\/posts\/23250\/revisions\/23251"}],"wp:featuredmedia":[{"embeddable":true,"href":"https:\/\/contextoanalisisperiodistico.com\/index.php\/wp-json\/wp\/v2\/media\/23244"}],"wp:attachment":[{"href":"https:\/\/contextoanalisisperiodistico.com\/index.php\/wp-json\/wp\/v2\/media?parent=23250"}],"wp:term":[{"taxonomy":"category","embeddable":true,"href":"https:\/\/contextoanalisisperiodistico.com\/index.php\/wp-json\/wp\/v2\/categories?post=23250"},{"taxonomy":"post_tag","embeddable":true,"href":"https:\/\/contextoanalisisperiodistico.com\/index.php\/wp-json\/wp\/v2\/tags?post=23250"}],"curies":[{"name":"wp","href":"https:\/\/api.w.org\/{rel}","templated":true}]}}