{"id":23236,"date":"2024-01-11T11:06:12","date_gmt":"2024-01-11T17:06:12","guid":{"rendered":"https:\/\/contextoanalisisperiodistico.com\/index.php\/2024\/01\/11\/fortalece-gobierno-estatal-procesos-de-atencion-con-programa-evaluar-para-mejorar-2023\/"},"modified":"2024-01-11T11:06:12","modified_gmt":"2024-01-11T17:06:12","slug":"fortalece-gobierno-estatal-procesos-de-atencion-con-programa-evaluar-para-mejorar-2023","status":"publish","type":"post","link":"https:\/\/contextoanalisisperiodistico.com\/index.php\/2024\/01\/11\/fortalece-gobierno-estatal-procesos-de-atencion-con-programa-evaluar-para-mejorar-2023\/","title":{"rendered":"Fortalece Gobierno Estatal procesos de atenci\u00f3n con programa Evaluar para Mejorar 2023"},"content":{"rendered":"<div id=\"fb-root\"><\/div>\n\n<p>\u2022 La Secretar\u00eda de Honestidad aplic\u00f3 mil 971 encuestas a la ciudadan\u00eda que acudi\u00f3 a realizar alg\u00fan tr\u00e1mite o servicio en 12 dependencias gubernamentales, a fin de detectar sus \u00e1reas de oportunidad<\/p>\n\n\n\n<figure class=\"wp-block-image size-large\"><img fetchpriority=\"high\" decoding=\"async\" width=\"722\" height=\"564\" src=\"https:\/\/contextoanalisisperiodistico.com\/wp-content\/uploads\/2024\/01\/img-20240111-wa00366765592021975875941.jpg\" alt=\"\" class=\"wp-image-23232\" srcset=\"https:\/\/contextoanalisisperiodistico.com\/wp-content\/uploads\/2024\/01\/img-20240111-wa00366765592021975875941.jpg 722w, https:\/\/contextoanalisisperiodistico.com\/wp-content\/uploads\/2024\/01\/img-20240111-wa00366765592021975875941-300x234.jpg 300w\" sizes=\"(max-width: 722px) 100vw, 722px\" \/><\/figure>\n\n\n\n<figure class=\"wp-block-image\"><img decoding=\"async\" width=\"300\" height=\"225\" src=\"https:\/\/contextoanalisisperiodistico.com\/wp-content\/uploads\/2024\/01\/img-20240111-wa00387923422590593441796-300x225.jpg\" alt=\"\" class=\"wp-image-23233\" srcset=\"https:\/\/contextoanalisisperiodistico.com\/wp-content\/uploads\/2024\/01\/img-20240111-wa00387923422590593441796-300x225.jpg 300w, https:\/\/contextoanalisisperiodistico.com\/wp-content\/uploads\/2024\/01\/img-20240111-wa00387923422590593441796-768x576.jpg 768w, https:\/\/contextoanalisisperiodistico.com\/wp-content\/uploads\/2024\/01\/img-20240111-wa00387923422590593441796.jpg 1024w\" sizes=\"(max-width: 300px) 100vw, 300px\" \/><\/figure>\n\n\n\n<figure class=\"wp-block-image\"><img decoding=\"async\" width=\"300\" height=\"225\" src=\"https:\/\/contextoanalisisperiodistico.com\/wp-content\/uploads\/2024\/01\/img-20240111-wa00396930354524187606574-300x225.jpg\" alt=\"\" class=\"wp-image-23234\" srcset=\"https:\/\/contextoanalisisperiodistico.com\/wp-content\/uploads\/2024\/01\/img-20240111-wa00396930354524187606574-300x225.jpg 300w, https:\/\/contextoanalisisperiodistico.com\/wp-content\/uploads\/2024\/01\/img-20240111-wa00396930354524187606574-768x576.jpg 768w, https:\/\/contextoanalisisperiodistico.com\/wp-content\/uploads\/2024\/01\/img-20240111-wa00396930354524187606574.jpg 960w\" sizes=\"(max-width: 300px) 100vw, 300px\" \/><\/figure>\n\n\n\n<figure class=\"wp-block-image\"><img loading=\"lazy\" decoding=\"async\" width=\"300\" height=\"217\" src=\"https:\/\/contextoanalisisperiodistico.com\/wp-content\/uploads\/2024\/01\/img-20240111-wa00402404870927778721178-300x217.jpg\" alt=\"\" class=\"wp-image-23235\" srcset=\"https:\/\/contextoanalisisperiodistico.com\/wp-content\/uploads\/2024\/01\/img-20240111-wa00402404870927778721178-300x217.jpg 300w, https:\/\/contextoanalisisperiodistico.com\/wp-content\/uploads\/2024\/01\/img-20240111-wa00402404870927778721178-768x554.jpg 768w, https:\/\/contextoanalisisperiodistico.com\/wp-content\/uploads\/2024\/01\/img-20240111-wa00402404870927778721178.jpg 960w\" sizes=\"(max-width: 300px) 100vw, 300px\" \/><\/figure>\n\n\n\n<p>\u2022 Como resultado de estas encuestas, se solicit\u00f3 a las instancias que tengan a la vista de las personas usuarias los costos de los servicios y tr\u00e1mites, resaltando que no existen tr\u00e1mites urgentes<\/p>\n\n\n\n<p>Tlalixtac de Cabrera, Oax. 11 de enero de 2024.- Para fortalecer los procesos de atenci\u00f3n y la identificaci\u00f3n de actos de corrupci\u00f3n por parte de las personas servidoras p\u00fablicas, la Secretar\u00eda de Honestidad, Transparencia y Funci\u00f3n P\u00fablica a trav\u00e9s de la Subsecretar\u00eda de Contralor\u00eda Social y Transparencia, implement\u00f3 el programa Evaluar para Mejorar 2023 en 12 entidades y dependencias de la administraci\u00f3n estatal.<\/p>\n\n\n\n<p>Mediante esta acci\u00f3n se aplicaron 227 cuestionarios a las y los servidores p\u00fablicos y mil 971 encuestas a la ciudadan\u00eda que acudi\u00f3 a realizar alg\u00fan tr\u00e1mite o servicio en las instancias estatales participantes.<\/p>\n\n\n\n<p>Estas evaluaciones califican el proceso de atenci\u00f3n que proporciona el personal en los rubros de transparencia, desempe\u00f1o, servicio de calidad, accesibilidad e infraestructura, con el objetivo de detectar las \u00e1reas de oportunidad a mejorar para beneficio de las y los oaxaque\u00f1os.<\/p>\n\n\n\n<p>Al finalizar la aplicaci\u00f3n de encuestas, la Subsecretar\u00eda de Contralor\u00eda Social y Transparencia emite un informe de resultados indicando el porcentaje de satisfacci\u00f3n e insatisfacci\u00f3n de la ciudadan\u00eda usuaria, as\u00ed como el cumplimiento e incumplimiento por parte de la dependencia o entidad.<\/p>\n\n\n\n<p>Posteriormente, otorga 30 d\u00edas h\u00e1biles a la instancia para implementar acciones de mejora con base en las sugerencias y recomendaciones realizadas. En caso de no solventarlos en los t\u00e9rminos y periodo establecido, se emite un exhorto al titular.<\/p>\n\n\n\n<p>Como resultado de estas encuestas, la Secretar\u00eda de Honestidad requiri\u00f3 a las entidades intervenidas poner a la vista el aviso de privacidad se\u00f1alando el tratamiento y protecci\u00f3n de los datos personales de las y los usuarios, la portaci\u00f3n del gafete por parte del personal al momento de brindar atenci\u00f3n. Tambi\u00e9n sugiri\u00f3 capacitar al personal sobre temas del \u00e1mbito de su competencia, como son la calidad y calidez en el servicio.<\/p>\n\n\n\n<p>Otra de las solicitudes que se realizaron fue tener a la vista la lista de tr\u00e1mites y costos que efect\u00faan las dependencias, resaltando que no existen tr\u00e1mites urgentes ni un costo extra de estos.<\/p>\n\n\n\n<p>As\u00ed tambi\u00e9n, la actualizaci\u00f3n de se\u00f1al\u00e9ticas en las diversas \u00e1reas al servicio p\u00fablico, eliminar toda conducta de discriminaci\u00f3n hacia las personas, tal como distinci\u00f3n, exclusi\u00f3n o restricci\u00f3n por alguna caracter\u00edstica propia de la persona. Asimismo, se exhort\u00f3 a no insinuar ni solicitar alg\u00fan beneficio (dinero, regalos o favor) a la persona usuaria, con el objetivo de prevenir faltas administrativas y actos de corrupci\u00f3n.<\/p>\n\n\n\n<p>La Secretar\u00eda de Honestidad invita a la poblaci\u00f3n a denunciar cualquier conducta inapropiada por parte de las personas servidoras p\u00fablicas en la oficina de la Direcci\u00f3n de Quejas, Denuncias e Investigaci\u00f3n, ubicada en Ciudad Administrativa, edificio 3, Nivel 3, Tlalixtac de Cabrera, as\u00ed como al correo electr\u00f3nico: quejas.honestidad@oaxaca.gob.mx o al tel\u00e9fono 951 501 5000 extensi\u00f3n 10479.<\/p>\n\n\n\n<p>-0-<\/p>\n","protected":false},"excerpt":{"rendered":"<p>\u2022 La Secretar\u00eda de Honestidad aplic\u00f3 mil 971 encuestas a la ciudadan\u00eda que acudi\u00f3 a&#8230;<\/p>\n","protected":false},"author":4,"featured_media":23231,"comment_status":"","ping_status":"open","sticky":false,"template":"","format":"standard","meta":{"footnotes":""},"categories":[9],"tags":[],"jetpack_sharing_enabled":true,"featured_image_urls":{"full":["https:\/\/contextoanalisisperiodistico.com\/wp-content\/uploads\/2024\/01\/IMG-20240111-WA0037.jpg",721,560,false],"thumbnail":["https:\/\/contextoanalisisperiodistico.com\/wp-content\/uploads\/2024\/01\/IMG-20240111-WA0037-150x150.jpg",150,150,true],"medium":["https:\/\/contextoanalisisperiodistico.com\/wp-content\/uploads\/2024\/01\/IMG-20240111-WA0037-300x233.jpg",300,233,true],"medium_large":["https:\/\/contextoanalisisperiodistico.com\/wp-content\/uploads\/2024\/01\/IMG-20240111-WA0037.jpg",640,497,false],"large":["https:\/\/contextoanalisisperiodistico.com\/wp-content\/uploads\/2024\/01\/IMG-20240111-WA0037.jpg",640,497,false],"1536x1536":["https:\/\/contextoanalisisperiodistico.com\/wp-content\/uploads\/2024\/01\/IMG-20240111-WA0037.jpg",721,560,false],"2048x2048":["https:\/\/contextoanalisisperiodistico.com\/wp-content\/uploads\/2024\/01\/IMG-20240111-WA0037.jpg",721,560,false],"covernews-slider-full":["https:\/\/contextoanalisisperiodistico.com\/wp-content\/uploads\/2024\/01\/IMG-20240111-WA0037.jpg",721,560,false],"covernews-slider-center":["https:\/\/contextoanalisisperiodistico.com\/wp-content\/uploads\/2024\/01\/IMG-20240111-WA0037-721x500.jpg",721,500,true],"covernews-featured":["https:\/\/contextoanalisisperiodistico.com\/wp-content\/uploads\/2024\/01\/IMG-20240111-WA0037.jpg",721,560,false],"covernews-medium":["https:\/\/contextoanalisisperiodistico.com\/wp-content\/uploads\/2024\/01\/IMG-20240111-WA0037-540x340.jpg",540,340,true],"covernews-medium-square":["https:\/\/contextoanalisisperiodistico.com\/wp-content\/uploads\/2024\/01\/IMG-20240111-WA0037-400x250.jpg",400,250,true]},"author_info":{"display_name":"Mario Gir\u00f3n","author_link":"https:\/\/contextoanalisisperiodistico.com\/index.php\/author\/director\/"},"category_info":"<a href=\"https:\/\/contextoanalisisperiodistico.com\/index.php\/category\/politica\/\" rel=\"category tag\">Pol\u00edtica<\/a>","tag_info":"Pol\u00edtica","comment_count":"0","jetpack_featured_media_url":"https:\/\/contextoanalisisperiodistico.com\/wp-content\/uploads\/2024\/01\/IMG-20240111-WA0037.jpg","_links":{"self":[{"href":"https:\/\/contextoanalisisperiodistico.com\/index.php\/wp-json\/wp\/v2\/posts\/23236"}],"collection":[{"href":"https:\/\/contextoanalisisperiodistico.com\/index.php\/wp-json\/wp\/v2\/posts"}],"about":[{"href":"https:\/\/contextoanalisisperiodistico.com\/index.php\/wp-json\/wp\/v2\/types\/post"}],"author":[{"embeddable":true,"href":"https:\/\/contextoanalisisperiodistico.com\/index.php\/wp-json\/wp\/v2\/users\/4"}],"replies":[{"embeddable":true,"href":"https:\/\/contextoanalisisperiodistico.com\/index.php\/wp-json\/wp\/v2\/comments?post=23236"}],"version-history":[{"count":0,"href":"https:\/\/contextoanalisisperiodistico.com\/index.php\/wp-json\/wp\/v2\/posts\/23236\/revisions"}],"wp:featuredmedia":[{"embeddable":true,"href":"https:\/\/contextoanalisisperiodistico.com\/index.php\/wp-json\/wp\/v2\/media\/23231"}],"wp:attachment":[{"href":"https:\/\/contextoanalisisperiodistico.com\/index.php\/wp-json\/wp\/v2\/media?parent=23236"}],"wp:term":[{"taxonomy":"category","embeddable":true,"href":"https:\/\/contextoanalisisperiodistico.com\/index.php\/wp-json\/wp\/v2\/categories?post=23236"},{"taxonomy":"post_tag","embeddable":true,"href":"https:\/\/contextoanalisisperiodistico.com\/index.php\/wp-json\/wp\/v2\/tags?post=23236"}],"curies":[{"name":"wp","href":"https:\/\/api.w.org\/{rel}","templated":true}]}}