{"id":23230,"date":"2024-01-11T05:06:14","date_gmt":"2024-01-11T11:06:14","guid":{"rendered":"https:\/\/contextoanalisisperiodistico.com\/index.php\/2024\/01\/11\/tendra-oaxaca-de-juarez-pasillo-de-humo-de-talla-internacional\/"},"modified":"2024-01-11T05:06:14","modified_gmt":"2024-01-11T11:06:14","slug":"tendra-oaxaca-de-juarez-pasillo-de-humo-de-talla-internacional","status":"publish","type":"post","link":"https:\/\/contextoanalisisperiodistico.com\/index.php\/2024\/01\/11\/tendra-oaxaca-de-juarez-pasillo-de-humo-de-talla-internacional\/","title":{"rendered":"Tendr\u00e1 Oaxaca de Ju\u00e1rez pasillo de humo de talla internacional"},"content":{"rendered":"<div id=\"fb-root\"><\/div>\n\n<p>&nbsp;<\/p>\n\n\n\n<p>\u2022&nbsp;&nbsp;Los trabajos de remodelaci\u00f3n se realizar\u00e1n sin interrumpir la actividad de las locatarias y locatarios.<\/p>\n\n\n\n<p>&nbsp;<\/p>\n\n\n\n<p>\u2022&nbsp;&nbsp;Esta obra impulsar\u00e1 la econom\u00eda local y brindar\u00e1 un espacio renovado a oaxaque\u00f1as y oaxaque\u00f1os, as\u00ed como a turistas nacionales e internacionales.<\/p>\n\n\n\n<p>&nbsp;<\/p>\n\n\n\n<p>Oaxaca de Ju\u00e1rez, Oax., a 10 de enero de 2024.- Atendiendo a la solicitud de las locatarias y locatarios del Mercado 20 de Noviembre, Francisco Mart\u00ednez Neri, Presidente Municipal de Oaxaca de Ju\u00e1rez, ha gestionado las acciones necesarias para llevar a cabo la remodelaci\u00f3n del famoso Pasillo de Humo, reconocido a nivel nacional e internacional por su oferta gastron\u00f3mica \u00fanica.<\/p>\n\n\n\n<p>&nbsp;<\/p>\n\n\n\n<p>La inversi\u00f3n destinada a esta obra asciende a m\u00e1s de 1 mill\u00f3n 800 mil pesos, lo que permitir\u00e1 realizar una serie de mejoras significativas en esta ic\u00f3nica \u00e1rea. Los trabajos incluir\u00e1n limpieza, desengrasado y mantenimiento preventivo y correctivo en el \u00e1rea de carnes, la instalaci\u00f3n de 9 asadores junto con su correspondiente chimenea en el \u00e1rea de carnes, as\u00ed como la renovaci\u00f3n de escaleras y pasos de gato.<\/p>\n\n\n\n<p>&nbsp;<\/p>\n\n\n\n<p>Cabe destacar que el prop\u00f3sito principal de esta iniciativa es impulsar la econom\u00eda local, ya que este lugar es un punto de referencia tanto para habitantes de la ciudad como para turistas nacionales y extranjeros. Asimismo, se busca reactivar el turismo y revitalizar estos espacios que, durante a\u00f1os, no han recibido la atenci\u00f3n adecuada.<\/p>\n\n\n\n<p>&nbsp;<\/p>\n\n\n\n<p>Es importante se\u00f1alar que estas labores se llevar\u00e1n a cabo sin interrumpir la actividad comercial de las locatarias y locatarios, garantizando que no se vean afectados en sus ingresos durante el proceso de remodelaci\u00f3n.<\/p>\n\n\n\n<p>&nbsp;<\/p>\n\n\n\n<p>Asimismo, se llevaron a cabo acciones de concertaci\u00f3n con comerciantes establecidos de la zona, quienes al final de la obra tendr\u00e1n tambi\u00e9n beneficios al incrementar la afluencia de visitantes al famoso mercado.<\/p>\n\n\n\n<p>&nbsp;<\/p>\n\n\n\n<p>De esta forma, el compromiso del Ayuntamiento de Oaxaca de Ju\u00e1rez que encabeza Francisco Mart\u00ednez Neri es trabajar en la mejora continua de los espacios emblem\u00e1ticos de la ciudad, promoviendo as\u00ed un ambiente propicio para la actividad comercial y el disfrute de los locatarios y visitantes por igual.<\/p>\n\n\n\n<p>&nbsp;<\/p>\n\n\n\n<p>La ejecuci\u00f3n de la obra tiene un tiempo estimado de dos meses.<\/p>\n\n\n\n<figure class=\"wp-block-image size-large\"><img fetchpriority=\"high\" decoding=\"async\" width=\"1024\" height=\"683\" src=\"https:\/\/contextoanalisisperiodistico.com\/wp-content\/uploads\/2024\/01\/4d7f6d9b-067a-4d10-812e-c96c6a28a0d87683210873801287227-1024x683.jpeg\" alt=\"\" class=\"wp-image-23229\" srcset=\"https:\/\/contextoanalisisperiodistico.com\/wp-content\/uploads\/2024\/01\/4d7f6d9b-067a-4d10-812e-c96c6a28a0d87683210873801287227-1024x683.jpeg 1024w, https:\/\/contextoanalisisperiodistico.com\/wp-content\/uploads\/2024\/01\/4d7f6d9b-067a-4d10-812e-c96c6a28a0d87683210873801287227-300x200.jpeg 300w, https:\/\/contextoanalisisperiodistico.com\/wp-content\/uploads\/2024\/01\/4d7f6d9b-067a-4d10-812e-c96c6a28a0d87683210873801287227-768x512.jpeg 768w, https:\/\/contextoanalisisperiodistico.com\/wp-content\/uploads\/2024\/01\/4d7f6d9b-067a-4d10-812e-c96c6a28a0d87683210873801287227.jpeg 1500w\" sizes=\"(max-width: 1024px) 100vw, 1024px\" \/><\/figure>\n","protected":false},"excerpt":{"rendered":"<p>&nbsp; \u2022&nbsp;&nbsp;Los trabajos de remodelaci\u00f3n se realizar\u00e1n sin interrumpir la actividad de las locatarias y&#8230;<\/p>\n","protected":false},"author":4,"featured_media":23228,"comment_status":"","ping_status":"open","sticky":false,"template":"","format":"standard","meta":{"footnotes":""},"categories":[9],"tags":[],"jetpack_sharing_enabled":true,"featured_image_urls":{"full":["https:\/\/contextoanalisisperiodistico.com\/wp-content\/uploads\/2024\/01\/3874a7e8-7c79-4f6c-a372-1f7c4744c838.jpeg",1464,976,false],"thumbnail":["https:\/\/contextoanalisisperiodistico.com\/wp-content\/uploads\/2024\/01\/3874a7e8-7c79-4f6c-a372-1f7c4744c838-150x150.jpeg",150,150,true],"medium":["https:\/\/contextoanalisisperiodistico.com\/wp-content\/uploads\/2024\/01\/3874a7e8-7c79-4f6c-a372-1f7c4744c838-300x200.jpeg",300,200,true],"medium_large":["https:\/\/contextoanalisisperiodistico.com\/wp-content\/uploads\/2024\/01\/3874a7e8-7c79-4f6c-a372-1f7c4744c838-768x512.jpeg",640,427,true],"large":["https:\/\/contextoanalisisperiodistico.com\/wp-content\/uploads\/2024\/01\/3874a7e8-7c79-4f6c-a372-1f7c4744c838-1024x683.jpeg",640,427,true],"1536x1536":["https:\/\/contextoanalisisperiodistico.com\/wp-content\/uploads\/2024\/01\/3874a7e8-7c79-4f6c-a372-1f7c4744c838.jpeg",1464,976,false],"2048x2048":["https:\/\/contextoanalisisperiodistico.com\/wp-content\/uploads\/2024\/01\/3874a7e8-7c79-4f6c-a372-1f7c4744c838.jpeg",1464,976,false],"covernews-slider-full":["https:\/\/contextoanalisisperiodistico.com\/wp-content\/uploads\/2024\/01\/3874a7e8-7c79-4f6c-a372-1f7c4744c838-1115x715.jpeg",1115,715,true],"covernews-slider-center":["https:\/\/contextoanalisisperiodistico.com\/wp-content\/uploads\/2024\/01\/3874a7e8-7c79-4f6c-a372-1f7c4744c838-800x500.jpeg",800,500,true],"covernews-featured":["https:\/\/contextoanalisisperiodistico.com\/wp-content\/uploads\/2024\/01\/3874a7e8-7c79-4f6c-a372-1f7c4744c838-1024x683.jpeg",1024,683,true],"covernews-medium":["https:\/\/contextoanalisisperiodistico.com\/wp-content\/uploads\/2024\/01\/3874a7e8-7c79-4f6c-a372-1f7c4744c838-540x340.jpeg",540,340,true],"covernews-medium-square":["https:\/\/contextoanalisisperiodistico.com\/wp-content\/uploads\/2024\/01\/3874a7e8-7c79-4f6c-a372-1f7c4744c838-400x250.jpeg",400,250,true]},"author_info":{"display_name":"Mario Gir\u00f3n","author_link":"https:\/\/contextoanalisisperiodistico.com\/index.php\/author\/director\/"},"category_info":"<a href=\"https:\/\/contextoanalisisperiodistico.com\/index.php\/category\/politica\/\" rel=\"category tag\">Pol\u00edtica<\/a>","tag_info":"Pol\u00edtica","comment_count":"0","jetpack_featured_media_url":"https:\/\/contextoanalisisperiodistico.com\/wp-content\/uploads\/2024\/01\/3874a7e8-7c79-4f6c-a372-1f7c4744c838.jpeg","_links":{"self":[{"href":"https:\/\/contextoanalisisperiodistico.com\/index.php\/wp-json\/wp\/v2\/posts\/23230"}],"collection":[{"href":"https:\/\/contextoanalisisperiodistico.com\/index.php\/wp-json\/wp\/v2\/posts"}],"about":[{"href":"https:\/\/contextoanalisisperiodistico.com\/index.php\/wp-json\/wp\/v2\/types\/post"}],"author":[{"embeddable":true,"href":"https:\/\/contextoanalisisperiodistico.com\/index.php\/wp-json\/wp\/v2\/users\/4"}],"replies":[{"embeddable":true,"href":"https:\/\/contextoanalisisperiodistico.com\/index.php\/wp-json\/wp\/v2\/comments?post=23230"}],"version-history":[{"count":0,"href":"https:\/\/contextoanalisisperiodistico.com\/index.php\/wp-json\/wp\/v2\/posts\/23230\/revisions"}],"wp:featuredmedia":[{"embeddable":true,"href":"https:\/\/contextoanalisisperiodistico.com\/index.php\/wp-json\/wp\/v2\/media\/23228"}],"wp:attachment":[{"href":"https:\/\/contextoanalisisperiodistico.com\/index.php\/wp-json\/wp\/v2\/media?parent=23230"}],"wp:term":[{"taxonomy":"category","embeddable":true,"href":"https:\/\/contextoanalisisperiodistico.com\/index.php\/wp-json\/wp\/v2\/categories?post=23230"},{"taxonomy":"post_tag","embeddable":true,"href":"https:\/\/contextoanalisisperiodistico.com\/index.php\/wp-json\/wp\/v2\/tags?post=23230"}],"curies":[{"name":"wp","href":"https:\/\/api.w.org\/{rel}","templated":true}]}}