{"id":23219,"date":"2024-01-11T04:46:55","date_gmt":"2024-01-11T10:46:55","guid":{"rendered":"https:\/\/contextoanalisisperiodistico.com\/index.php\/2024\/01\/11\/inicia-2024-con-cero-casos-de-dengue-sso\/"},"modified":"2024-01-11T04:46:55","modified_gmt":"2024-01-11T10:46:55","slug":"inicia-2024-con-cero-casos-de-dengue-sso","status":"publish","type":"post","link":"https:\/\/contextoanalisisperiodistico.com\/index.php\/2024\/01\/11\/inicia-2024-con-cero-casos-de-dengue-sso\/","title":{"rendered":"Inicia 2024 con cero casos de dengue: SSO"},"content":{"rendered":"<div id=\"fb-root\"><\/div>\n\n<p>\u2022 Autoridades de salud exhortan a no bajar la guardia y piden a la poblaci\u00f3n que, en caso de malestar, acudan a la unidad de salud m\u00e1s cercana<\/p>\n\n\n\n<figure class=\"wp-block-image size-large\"><img fetchpriority=\"high\" decoding=\"async\" width=\"1024\" height=\"576\" src=\"https:\/\/contextoanalisisperiodistico.com\/wp-content\/uploads\/2024\/01\/img-20240111-wa00105361321205800648860-1024x576.jpg\" alt=\"\" class=\"wp-image-23217\" srcset=\"https:\/\/contextoanalisisperiodistico.com\/wp-content\/uploads\/2024\/01\/img-20240111-wa00105361321205800648860-1024x576.jpg 1024w, https:\/\/contextoanalisisperiodistico.com\/wp-content\/uploads\/2024\/01\/img-20240111-wa00105361321205800648860-300x169.jpg 300w, https:\/\/contextoanalisisperiodistico.com\/wp-content\/uploads\/2024\/01\/img-20240111-wa00105361321205800648860-768x432.jpg 768w, https:\/\/contextoanalisisperiodistico.com\/wp-content\/uploads\/2024\/01\/img-20240111-wa00105361321205800648860-1536x864.jpg 1536w, https:\/\/contextoanalisisperiodistico.com\/wp-content\/uploads\/2024\/01\/img-20240111-wa00105361321205800648860.jpg 1600w\" sizes=\"(max-width: 1024px) 100vw, 1024px\" \/><\/figure>\n\n\n\n<figure class=\"wp-block-image\"><img decoding=\"async\" width=\"1024\" height=\"576\" src=\"https:\/\/contextoanalisisperiodistico.com\/wp-content\/uploads\/2024\/01\/img-20240111-wa00086876638038000564702-1024x576.jpg\" alt=\"\" class=\"wp-image-23218\" srcset=\"https:\/\/contextoanalisisperiodistico.com\/wp-content\/uploads\/2024\/01\/img-20240111-wa00086876638038000564702-1024x576.jpg 1024w, https:\/\/contextoanalisisperiodistico.com\/wp-content\/uploads\/2024\/01\/img-20240111-wa00086876638038000564702-300x169.jpg 300w, https:\/\/contextoanalisisperiodistico.com\/wp-content\/uploads\/2024\/01\/img-20240111-wa00086876638038000564702-768x432.jpg 768w, https:\/\/contextoanalisisperiodistico.com\/wp-content\/uploads\/2024\/01\/img-20240111-wa00086876638038000564702-1536x864.jpg 1536w, https:\/\/contextoanalisisperiodistico.com\/wp-content\/uploads\/2024\/01\/img-20240111-wa00086876638038000564702.jpg 1600w\" sizes=\"(max-width: 1024px) 100vw, 1024px\" \/><\/figure>\n\n\n\n<p>Oaxaca de Ju\u00e1rez, Oax. 10 de enero de 2024.- Los Servicios de Salud de Oaxaca (SSO) informaron que al corte de la semana epidemiol\u00f3gica n\u00famero uno de este 2024, no se reportaron casos de dengue, ni defunciones en la entidad, sin embargo, piden a la poblaci\u00f3n no bajar la guardia y eliminar los criaderos potenciales de los mosquitos transmisores, Aedes aegypti y Albopictus.<\/p>\n\n\n\n<p>En este sentido, la instituci\u00f3n hace nuevamente el llamado a las madres y padres de familia para que realicen actividades de patio y vivienda limpia en sus hogares, tales como desyerbar y quitar maleza para evitar la proliferaci\u00f3n de los zancudos, as\u00ed como voltear y lavar todo objeto que se encuentre en el jard\u00edn o azotea y tapar los que acumulen agua limpia.<\/p>\n\n\n\n<p>En el caso de la existencia de bebederos de animales de compa\u00f1\u00eda, estos tienen que estar limpios y con agua nueva cada tercer d\u00eda. Todos los recipientes que almacenen agua deben taparse, lavarse y tallarse cada 72 horas.<\/p>\n\n\n\n<p>En este sentido, la instituci\u00f3n se\u00f1al\u00f3 que en todas las unidades m\u00e9dicas del sector se mantiene la vigilancia epidemiol\u00f3gica para la detecci\u00f3n oportuna de casos probables y su intervenci\u00f3n inmediata por si se presenta un brote.<\/p>\n\n\n\n<p>Adem\u00e1s, los SSO enfatizan el monitoreo constante en las zonas que son paso de migrantes y la atenci\u00f3n en caso de que manifiesten una persona con alg\u00fan signo o s\u00edntoma relacionado con el padecimiento.<\/p>\n\n\n\n<p>En caso de presentar fiebre, malestar generalizado, dolor caracter\u00edstico en cabeza (detr\u00e1s de los ojos), en articulaciones, m\u00fasculos, enrojecimiento en la piel, n\u00e1usea, v\u00f3mito y p\u00e9rdida del apetito, as\u00ed como en casos graves, sangrado por nariz o enc\u00edas, o moretones en la piel, es importante acudir de manera inmediata a la unidad de salud m\u00e1s cercana y evitar la automedicaci\u00f3n.<\/p>\n\n\n\n<p>Finalmente, enfatizaron que contra el mosquito Aedes la participaci\u00f3n de la comunidad es fundamental, por ello de manera individual, las personas deben sumarse a las acciones de limpieza en sus casas y en su comunidad para evitar la presencia del zancudo.<br \/>-0-<\/p>\n","protected":false},"excerpt":{"rendered":"<p>\u2022 Autoridades de salud exhortan a no bajar la guardia y piden a la poblaci\u00f3n&#8230;<\/p>\n","protected":false},"author":4,"featured_media":23216,"comment_status":"","ping_status":"open","sticky":false,"template":"","format":"standard","meta":{"footnotes":""},"categories":[92],"tags":[],"jetpack_sharing_enabled":true,"featured_image_urls":{"full":["https:\/\/contextoanalisisperiodistico.com\/wp-content\/uploads\/2024\/01\/IMG-20240111-WA0009.jpg",1600,900,false],"thumbnail":["https:\/\/contextoanalisisperiodistico.com\/wp-content\/uploads\/2024\/01\/IMG-20240111-WA0009-150x150.jpg",150,150,true],"medium":["https:\/\/contextoanalisisperiodistico.com\/wp-content\/uploads\/2024\/01\/IMG-20240111-WA0009-300x169.jpg",300,169,true],"medium_large":["https:\/\/contextoanalisisperiodistico.com\/wp-content\/uploads\/2024\/01\/IMG-20240111-WA0009-768x432.jpg",640,360,true],"large":["https:\/\/contextoanalisisperiodistico.com\/wp-content\/uploads\/2024\/01\/IMG-20240111-WA0009-1024x576.jpg",640,360,true],"1536x1536":["https:\/\/contextoanalisisperiodistico.com\/wp-content\/uploads\/2024\/01\/IMG-20240111-WA0009-1536x864.jpg",1536,864,true],"2048x2048":["https:\/\/contextoanalisisperiodistico.com\/wp-content\/uploads\/2024\/01\/IMG-20240111-WA0009.jpg",1600,900,false],"covernews-slider-full":["https:\/\/contextoanalisisperiodistico.com\/wp-content\/uploads\/2024\/01\/IMG-20240111-WA0009-1115x715.jpg",1115,715,true],"covernews-slider-center":["https:\/\/contextoanalisisperiodistico.com\/wp-content\/uploads\/2024\/01\/IMG-20240111-WA0009-800x500.jpg",800,500,true],"covernews-featured":["https:\/\/contextoanalisisperiodistico.com\/wp-content\/uploads\/2024\/01\/IMG-20240111-WA0009-1024x576.jpg",1024,576,true],"covernews-medium":["https:\/\/contextoanalisisperiodistico.com\/wp-content\/uploads\/2024\/01\/IMG-20240111-WA0009-540x340.jpg",540,340,true],"covernews-medium-square":["https:\/\/contextoanalisisperiodistico.com\/wp-content\/uploads\/2024\/01\/IMG-20240111-WA0009-400x250.jpg",400,250,true]},"author_info":{"display_name":"Mario Gir\u00f3n","author_link":"https:\/\/contextoanalisisperiodistico.com\/index.php\/author\/director\/"},"category_info":"<a href=\"https:\/\/contextoanalisisperiodistico.com\/index.php\/category\/salud\/\" rel=\"category tag\">Salud<\/a>","tag_info":"Salud","comment_count":"0","jetpack_featured_media_url":"https:\/\/contextoanalisisperiodistico.com\/wp-content\/uploads\/2024\/01\/IMG-20240111-WA0009.jpg","_links":{"self":[{"href":"https:\/\/contextoanalisisperiodistico.com\/index.php\/wp-json\/wp\/v2\/posts\/23219"}],"collection":[{"href":"https:\/\/contextoanalisisperiodistico.com\/index.php\/wp-json\/wp\/v2\/posts"}],"about":[{"href":"https:\/\/contextoanalisisperiodistico.com\/index.php\/wp-json\/wp\/v2\/types\/post"}],"author":[{"embeddable":true,"href":"https:\/\/contextoanalisisperiodistico.com\/index.php\/wp-json\/wp\/v2\/users\/4"}],"replies":[{"embeddable":true,"href":"https:\/\/contextoanalisisperiodistico.com\/index.php\/wp-json\/wp\/v2\/comments?post=23219"}],"version-history":[{"count":0,"href":"https:\/\/contextoanalisisperiodistico.com\/index.php\/wp-json\/wp\/v2\/posts\/23219\/revisions"}],"wp:featuredmedia":[{"embeddable":true,"href":"https:\/\/contextoanalisisperiodistico.com\/index.php\/wp-json\/wp\/v2\/media\/23216"}],"wp:attachment":[{"href":"https:\/\/contextoanalisisperiodistico.com\/index.php\/wp-json\/wp\/v2\/media?parent=23219"}],"wp:term":[{"taxonomy":"category","embeddable":true,"href":"https:\/\/contextoanalisisperiodistico.com\/index.php\/wp-json\/wp\/v2\/categories?post=23219"},{"taxonomy":"post_tag","embeddable":true,"href":"https:\/\/contextoanalisisperiodistico.com\/index.php\/wp-json\/wp\/v2\/tags?post=23219"}],"curies":[{"name":"wp","href":"https:\/\/api.w.org\/{rel}","templated":true}]}}