{"id":23203,"date":"2024-01-09T20:59:50","date_gmt":"2024-01-10T02:59:50","guid":{"rendered":"https:\/\/contextoanalisisperiodistico.com\/index.php\/2024\/01\/09\/avanza-gobierno-de-oaxaca-en-materia-de-justicia-laboral-y-empleos-dignos-secretaria-del-trabajo\/"},"modified":"2024-01-09T20:59:50","modified_gmt":"2024-01-10T02:59:50","slug":"avanza-gobierno-de-oaxaca-en-materia-de-justicia-laboral-y-empleos-dignos-secretaria-del-trabajo","status":"publish","type":"post","link":"https:\/\/contextoanalisisperiodistico.com\/index.php\/2024\/01\/09\/avanza-gobierno-de-oaxaca-en-materia-de-justicia-laboral-y-empleos-dignos-secretaria-del-trabajo\/","title":{"rendered":"Avanza Gobierno de Oaxaca en materia de justicia laboral y empleos dignos: Secretar\u00eda del Trabajo"},"content":{"rendered":"<div id=\"fb-root\"><\/div>\n\n<p>\u2022 Destaca la implementaci\u00f3n del Nuevo Modelo Laboral que mejora la justicia en materia de trabajo, fortalece la libertad y democracia sindical<\/p>\n\n\n\n<figure class=\"wp-block-image size-large\"><img fetchpriority=\"high\" decoding=\"async\" width=\"1024\" height=\"683\" src=\"https:\/\/contextoanalisisperiodistico.com\/wp-content\/uploads\/2024\/01\/img-20240109-wa00383568598132347971597-1024x683.jpg\" alt=\"\" class=\"wp-image-23198\" srcset=\"https:\/\/contextoanalisisperiodistico.com\/wp-content\/uploads\/2024\/01\/img-20240109-wa00383568598132347971597-1024x683.jpg 1024w, https:\/\/contextoanalisisperiodistico.com\/wp-content\/uploads\/2024\/01\/img-20240109-wa00383568598132347971597-300x200.jpg 300w, https:\/\/contextoanalisisperiodistico.com\/wp-content\/uploads\/2024\/01\/img-20240109-wa00383568598132347971597-768x512.jpg 768w, https:\/\/contextoanalisisperiodistico.com\/wp-content\/uploads\/2024\/01\/img-20240109-wa00383568598132347971597.jpg 1200w\" sizes=\"(max-width: 1024px) 100vw, 1024px\" \/><\/figure>\n\n\n\n<figure class=\"wp-block-image\"><img decoding=\"async\" width=\"1024\" height=\"683\" src=\"https:\/\/contextoanalisisperiodistico.com\/wp-content\/uploads\/2024\/01\/img-20240109-wa00465694883645168990972-1024x683.jpg\" alt=\"\" class=\"wp-image-23202\" srcset=\"https:\/\/contextoanalisisperiodistico.com\/wp-content\/uploads\/2024\/01\/img-20240109-wa00465694883645168990972-1024x683.jpg 1024w, https:\/\/contextoanalisisperiodistico.com\/wp-content\/uploads\/2024\/01\/img-20240109-wa00465694883645168990972-300x200.jpg 300w, https:\/\/contextoanalisisperiodistico.com\/wp-content\/uploads\/2024\/01\/img-20240109-wa00465694883645168990972-768x512.jpg 768w, https:\/\/contextoanalisisperiodistico.com\/wp-content\/uploads\/2024\/01\/img-20240109-wa00465694883645168990972.jpg 1200w\" sizes=\"(max-width: 1024px) 100vw, 1024px\" \/><\/figure>\n\n\n\n<figure class=\"wp-block-image\"><img decoding=\"async\" width=\"1024\" height=\"683\" src=\"https:\/\/contextoanalisisperiodistico.com\/wp-content\/uploads\/2024\/01\/img-20240109-wa00448965141520839994715-1024x683.jpg\" alt=\"\" class=\"wp-image-23201\" srcset=\"https:\/\/contextoanalisisperiodistico.com\/wp-content\/uploads\/2024\/01\/img-20240109-wa00448965141520839994715-1024x683.jpg 1024w, https:\/\/contextoanalisisperiodistico.com\/wp-content\/uploads\/2024\/01\/img-20240109-wa00448965141520839994715-300x200.jpg 300w, https:\/\/contextoanalisisperiodistico.com\/wp-content\/uploads\/2024\/01\/img-20240109-wa00448965141520839994715-768x512.jpg 768w, https:\/\/contextoanalisisperiodistico.com\/wp-content\/uploads\/2024\/01\/img-20240109-wa00448965141520839994715.jpg 1200w\" sizes=\"(max-width: 1024px) 100vw, 1024px\" \/><\/figure>\n\n\n\n<figure class=\"wp-block-image\"><img loading=\"lazy\" decoding=\"async\" width=\"1024\" height=\"683\" src=\"https:\/\/contextoanalisisperiodistico.com\/wp-content\/uploads\/2024\/01\/img-20240109-wa00473092144888831117025-1024x683.jpg\" alt=\"\" class=\"wp-image-23200\" srcset=\"https:\/\/contextoanalisisperiodistico.com\/wp-content\/uploads\/2024\/01\/img-20240109-wa00473092144888831117025-1024x683.jpg 1024w, https:\/\/contextoanalisisperiodistico.com\/wp-content\/uploads\/2024\/01\/img-20240109-wa00473092144888831117025-300x200.jpg 300w, https:\/\/contextoanalisisperiodistico.com\/wp-content\/uploads\/2024\/01\/img-20240109-wa00473092144888831117025-768x512.jpg 768w, https:\/\/contextoanalisisperiodistico.com\/wp-content\/uploads\/2024\/01\/img-20240109-wa00473092144888831117025.jpg 1200w\" sizes=\"(max-width: 1024px) 100vw, 1024px\" \/><\/figure>\n\n\n\n<figure class=\"wp-block-image\"><img loading=\"lazy\" decoding=\"async\" width=\"1024\" height=\"683\" src=\"https:\/\/contextoanalisisperiodistico.com\/wp-content\/uploads\/2024\/01\/img-20240109-wa00431441564114213556029-1024x683.jpg\" alt=\"\" class=\"wp-image-23199\" srcset=\"https:\/\/contextoanalisisperiodistico.com\/wp-content\/uploads\/2024\/01\/img-20240109-wa00431441564114213556029-1024x683.jpg 1024w, https:\/\/contextoanalisisperiodistico.com\/wp-content\/uploads\/2024\/01\/img-20240109-wa00431441564114213556029-300x200.jpg 300w, https:\/\/contextoanalisisperiodistico.com\/wp-content\/uploads\/2024\/01\/img-20240109-wa00431441564114213556029-768x512.jpg 768w, https:\/\/contextoanalisisperiodistico.com\/wp-content\/uploads\/2024\/01\/img-20240109-wa00431441564114213556029.jpg 1200w\" sizes=\"(max-width: 1024px) 100vw, 1024px\" \/><\/figure>\n\n\n\n<p>San Raymundo Jalpan, Oax. 9 de enero de 2024.- Los avances significativos en materia de justicia laboral y la creaci\u00f3n de empleos dignos fueron destacados por la secretaria del Trabajo en Oaxaca, Edith Araceli Santib\u00e1\u00f1ez Boh\u00f3rquez, al comparecer este martes ante la Comisi\u00f3n Permanente de Trabajo y Seguridad Social de la LXV Legislatura del Congreso del Estado de Oaxaca, en el marco de la Glosa del Primer Informe del Gobierno de Salom\u00f3n Jara Cruz.<\/p>\n\n\n\n<p>Durante su intervenci\u00f3n, la encargada de la pol\u00edtica laboral en la entidad resalt\u00f3 los logros en la Procuradur\u00eda de la Defensa del Trabajo con un total de 567 asesor\u00edas, 346 audiencias y la conclusi\u00f3n de 115 casos en beneficio de 592 trabajadoras y 476 trabajadores.<\/p>\n\n\n\n<p>Asimismo, agreg\u00f3 que, en coordinaci\u00f3n con la Secretar\u00eda del Trabajo y Previsi\u00f3n Social (STPS) del Gobierno Federal, se promueve la implementaci\u00f3n legal del programa Verificaci\u00f3n Laboral Voluntaria (Velavo) dirigido al sector patronal en busca de garantizar el bienestar laboral de trabajadoras y trabajadores.<\/p>\n\n\n\n<p>La titular mencion\u00f3 los desaf\u00edos que enfrenta el estado en el \u00e1mbito laboral, destacando el compromiso del Gobierno de la Primavera Oaxaque\u00f1a para atenderlos con la creaci\u00f3n de la Secretar\u00eda del Trabajo, un paso esencial para promover el desarrollo integral de las y los trabajadores bajo dos objetivos clave: asegurar el acceso a la justicia laboral e impulsar la generaci\u00f3n de empleos dignos y formales.<\/p>\n\n\n\n<p>Edith Santib\u00e1\u00f1ez destac\u00f3 la coordinaci\u00f3n que la dependencia mantiene con la Secretar\u00eda del Trabajo y Previsi\u00f3n Social (STPS) del Gobierno de M\u00e9xico, lo que ha permitido avanzar en Oaxaca con la implementaci\u00f3n del Nuevo Modelo Laboral para mejorar la justicia en esta materia, as\u00ed como fortalecer la libertad y democracia sindical.<\/p>\n\n\n\n<p>Detall\u00f3 que, en alianza interinstitucional, la Secretar\u00eda del Trabajo particip\u00f3 en las Ferias Nacionales de Empleo a cargo de la Coordinaci\u00f3n del Servicio Nacional de Empleo; Ferias de Cr\u00e9dito y Soluciones de Pago coordinadas por el Instituto del Fondo Nacional de la Vivienda para los Trabajadores (Infonavit), y brind\u00f3 acompa\u00f1amiento en las Jornadas del Instituto de Atenci\u00f3n Integral al Migrante Oaxaque\u00f1o para verificar las condiciones laborales de paisanas y paisanos migrantes.<\/p>\n\n\n\n<p>Respecto a las acciones emprendidas para disminuir la violencia de g\u00e9nero en el \u00e1mbito laboral, mencion\u00f3 la gesti\u00f3n ante la Comisi\u00f3n Nacional para Prevenir y Erradicar la Violencia Contra las Mujeres (Conavim) para seis becas que ascienden a un monto de 3 millones de pesos.<\/p>\n\n\n\n<p>Lo anterior para ejecutar el proceso del programa Certificaci\u00f3n de Espacios Libres de Violencia de G\u00e9nero en Centros Laborales P\u00fablicos y Privados, dirigido a diversas dependencias gubernamentales.<\/p>\n\n\n\n<p>En el mismo sentido la funcionaria agreg\u00f3 el impulso del programa Mujer Trabajadora Infonavit enfocado en atender las necesidades espec\u00edficas de vivienda de este sector, as\u00ed como las Jornadas de Paz y Justicia que brindaron informaci\u00f3n sobre la oferta de servicios de capacitaci\u00f3n a 1 mil 589 mujeres.<\/p>\n\n\n\n<p>La secretaria del Trabajo reafirm\u00f3 el compromiso del Gobernador Salom\u00f3n Jara Cruz, como parte de la Reparaci\u00f3n Hist\u00f3rica de los Pueblos de Oaxaca, que con el crecimiento econ\u00f3mico inclusivo y sostenible, refuerza la importancia de promover empleos m\u00e1s productivos y dignos en beneficio de la poblaci\u00f3n.<br \/>-0-<\/p>\n","protected":false},"excerpt":{"rendered":"<p>\u2022 Destaca la implementaci\u00f3n del Nuevo Modelo Laboral que mejora la justicia en materia de&#8230;<\/p>\n","protected":false},"author":4,"featured_media":23197,"comment_status":"","ping_status":"open","sticky":false,"template":"","format":"standard","meta":{"footnotes":""},"categories":[9],"tags":[],"jetpack_sharing_enabled":true,"featured_image_urls":{"full":["https:\/\/contextoanalisisperiodistico.com\/wp-content\/uploads\/2024\/01\/IMG-20240109-WA0045.jpg",1200,800,false],"thumbnail":["https:\/\/contextoanalisisperiodistico.com\/wp-content\/uploads\/2024\/01\/IMG-20240109-WA0045-150x150.jpg",150,150,true],"medium":["https:\/\/contextoanalisisperiodistico.com\/wp-content\/uploads\/2024\/01\/IMG-20240109-WA0045-300x200.jpg",300,200,true],"medium_large":["https:\/\/contextoanalisisperiodistico.com\/wp-content\/uploads\/2024\/01\/IMG-20240109-WA0045-768x512.jpg",640,427,true],"large":["https:\/\/contextoanalisisperiodistico.com\/wp-content\/uploads\/2024\/01\/IMG-20240109-WA0045-1024x683.jpg",640,427,true],"1536x1536":["https:\/\/contextoanalisisperiodistico.com\/wp-content\/uploads\/2024\/01\/IMG-20240109-WA0045.jpg",1200,800,false],"2048x2048":["https:\/\/contextoanalisisperiodistico.com\/wp-content\/uploads\/2024\/01\/IMG-20240109-WA0045.jpg",1200,800,false],"covernews-slider-full":["https:\/\/contextoanalisisperiodistico.com\/wp-content\/uploads\/2024\/01\/IMG-20240109-WA0045-1115x715.jpg",1115,715,true],"covernews-slider-center":["https:\/\/contextoanalisisperiodistico.com\/wp-content\/uploads\/2024\/01\/IMG-20240109-WA0045-800x500.jpg",800,500,true],"covernews-featured":["https:\/\/contextoanalisisperiodistico.com\/wp-content\/uploads\/2024\/01\/IMG-20240109-WA0045-1024x683.jpg",1024,683,true],"covernews-medium":["https:\/\/contextoanalisisperiodistico.com\/wp-content\/uploads\/2024\/01\/IMG-20240109-WA0045-540x340.jpg",540,340,true],"covernews-medium-square":["https:\/\/contextoanalisisperiodistico.com\/wp-content\/uploads\/2024\/01\/IMG-20240109-WA0045-400x250.jpg",400,250,true]},"author_info":{"display_name":"Mario Gir\u00f3n","author_link":"https:\/\/contextoanalisisperiodistico.com\/index.php\/author\/director\/"},"category_info":"<a href=\"https:\/\/contextoanalisisperiodistico.com\/index.php\/category\/politica\/\" rel=\"category tag\">Pol\u00edtica<\/a>","tag_info":"Pol\u00edtica","comment_count":"0","jetpack_featured_media_url":"https:\/\/contextoanalisisperiodistico.com\/wp-content\/uploads\/2024\/01\/IMG-20240109-WA0045.jpg","_links":{"self":[{"href":"https:\/\/contextoanalisisperiodistico.com\/index.php\/wp-json\/wp\/v2\/posts\/23203"}],"collection":[{"href":"https:\/\/contextoanalisisperiodistico.com\/index.php\/wp-json\/wp\/v2\/posts"}],"about":[{"href":"https:\/\/contextoanalisisperiodistico.com\/index.php\/wp-json\/wp\/v2\/types\/post"}],"author":[{"embeddable":true,"href":"https:\/\/contextoanalisisperiodistico.com\/index.php\/wp-json\/wp\/v2\/users\/4"}],"replies":[{"embeddable":true,"href":"https:\/\/contextoanalisisperiodistico.com\/index.php\/wp-json\/wp\/v2\/comments?post=23203"}],"version-history":[{"count":0,"href":"https:\/\/contextoanalisisperiodistico.com\/index.php\/wp-json\/wp\/v2\/posts\/23203\/revisions"}],"wp:featuredmedia":[{"embeddable":true,"href":"https:\/\/contextoanalisisperiodistico.com\/index.php\/wp-json\/wp\/v2\/media\/23197"}],"wp:attachment":[{"href":"https:\/\/contextoanalisisperiodistico.com\/index.php\/wp-json\/wp\/v2\/media?parent=23203"}],"wp:term":[{"taxonomy":"category","embeddable":true,"href":"https:\/\/contextoanalisisperiodistico.com\/index.php\/wp-json\/wp\/v2\/categories?post=23203"},{"taxonomy":"post_tag","embeddable":true,"href":"https:\/\/contextoanalisisperiodistico.com\/index.php\/wp-json\/wp\/v2\/tags?post=23203"}],"curies":[{"name":"wp","href":"https:\/\/api.w.org\/{rel}","templated":true}]}}