{"id":23182,"date":"2024-01-09T16:30:01","date_gmt":"2024-01-09T22:30:01","guid":{"rendered":"https:\/\/contextoanalisisperiodistico.com\/index.php\/2024\/01\/09\/gobierno-del-estado-inicia-trabajos-de-construccion-del-parque-primavera\/"},"modified":"2024-01-09T16:30:01","modified_gmt":"2024-01-09T22:30:01","slug":"gobierno-del-estado-inicia-trabajos-de-construccion-del-parque-primavera","status":"publish","type":"post","link":"https:\/\/contextoanalisisperiodistico.com\/index.php\/2024\/01\/09\/gobierno-del-estado-inicia-trabajos-de-construccion-del-parque-primavera\/","title":{"rendered":"<em>Gobierno del Estado inicia trabajos de construcci\u00f3n del Parque Primavera<\/em>"},"content":{"rendered":"<div id=\"fb-root\"><\/div>\n\n<p>\u2022 Con una inversi\u00f3n de 300 mdp, el Gobierno del Estado rescata m\u00e1s de 11 hect\u00e1reas donde se construir\u00e1 este espacio en beneficio de las familias oaxaque\u00f1as<\/p>\n\n\n\n<figure class=\"wp-block-image size-large\"><img fetchpriority=\"high\" decoding=\"async\" width=\"1024\" height=\"682\" src=\"https:\/\/contextoanalisisperiodistico.com\/wp-content\/uploads\/2024\/01\/img-20240109-wa00205163552950530547271-1024x682.jpg\" alt=\"\" class=\"wp-image-23174\" srcset=\"https:\/\/contextoanalisisperiodistico.com\/wp-content\/uploads\/2024\/01\/img-20240109-wa00205163552950530547271-1024x682.jpg 1024w, https:\/\/contextoanalisisperiodistico.com\/wp-content\/uploads\/2024\/01\/img-20240109-wa00205163552950530547271-300x200.jpg 300w, https:\/\/contextoanalisisperiodistico.com\/wp-content\/uploads\/2024\/01\/img-20240109-wa00205163552950530547271-768x512.jpg 768w, https:\/\/contextoanalisisperiodistico.com\/wp-content\/uploads\/2024\/01\/img-20240109-wa00205163552950530547271-1536x1023.jpg 1536w, https:\/\/contextoanalisisperiodistico.com\/wp-content\/uploads\/2024\/01\/img-20240109-wa00205163552950530547271.jpg 1600w\" sizes=\"(max-width: 1024px) 100vw, 1024px\" \/><\/figure>\n\n\n\n<figure class=\"wp-block-image\"><img decoding=\"async\" width=\"1024\" height=\"682\" src=\"https:\/\/contextoanalisisperiodistico.com\/wp-content\/uploads\/2024\/01\/img-20240109-wa00211942474535836567016-1024x682.jpg\" alt=\"\" class=\"wp-image-23176\" srcset=\"https:\/\/contextoanalisisperiodistico.com\/wp-content\/uploads\/2024\/01\/img-20240109-wa00211942474535836567016-1024x682.jpg 1024w, https:\/\/contextoanalisisperiodistico.com\/wp-content\/uploads\/2024\/01\/img-20240109-wa00211942474535836567016-300x200.jpg 300w, https:\/\/contextoanalisisperiodistico.com\/wp-content\/uploads\/2024\/01\/img-20240109-wa00211942474535836567016-768x512.jpg 768w, https:\/\/contextoanalisisperiodistico.com\/wp-content\/uploads\/2024\/01\/img-20240109-wa00211942474535836567016-1536x1023.jpg 1536w, https:\/\/contextoanalisisperiodistico.com\/wp-content\/uploads\/2024\/01\/img-20240109-wa00211942474535836567016.jpg 1600w\" sizes=\"(max-width: 1024px) 100vw, 1024px\" \/><\/figure>\n\n\n\n<figure class=\"wp-block-image\"><img decoding=\"async\" width=\"1024\" height=\"682\" src=\"https:\/\/contextoanalisisperiodistico.com\/wp-content\/uploads\/2024\/01\/img-20240109-wa00172164837782968926896-1024x682.jpg\" alt=\"\" class=\"wp-image-23175\" srcset=\"https:\/\/contextoanalisisperiodistico.com\/wp-content\/uploads\/2024\/01\/img-20240109-wa00172164837782968926896-1024x682.jpg 1024w, https:\/\/contextoanalisisperiodistico.com\/wp-content\/uploads\/2024\/01\/img-20240109-wa00172164837782968926896-300x200.jpg 300w, https:\/\/contextoanalisisperiodistico.com\/wp-content\/uploads\/2024\/01\/img-20240109-wa00172164837782968926896-768x512.jpg 768w, https:\/\/contextoanalisisperiodistico.com\/wp-content\/uploads\/2024\/01\/img-20240109-wa00172164837782968926896-1536x1023.jpg 1536w, https:\/\/contextoanalisisperiodistico.com\/wp-content\/uploads\/2024\/01\/img-20240109-wa00172164837782968926896.jpg 1600w\" sizes=\"(max-width: 1024px) 100vw, 1024px\" \/><\/figure>\n\n\n\n<figure class=\"wp-block-image\"><img loading=\"lazy\" decoding=\"async\" width=\"1024\" height=\"683\" src=\"https:\/\/contextoanalisisperiodistico.com\/wp-content\/uploads\/2024\/01\/img-20240109-wa00189204912789497450018-1024x683.jpg\" alt=\"\" class=\"wp-image-23177\" srcset=\"https:\/\/contextoanalisisperiodistico.com\/wp-content\/uploads\/2024\/01\/img-20240109-wa00189204912789497450018-1024x683.jpg 1024w, https:\/\/contextoanalisisperiodistico.com\/wp-content\/uploads\/2024\/01\/img-20240109-wa00189204912789497450018-300x200.jpg 300w, https:\/\/contextoanalisisperiodistico.com\/wp-content\/uploads\/2024\/01\/img-20240109-wa00189204912789497450018-768x512.jpg 768w, https:\/\/contextoanalisisperiodistico.com\/wp-content\/uploads\/2024\/01\/img-20240109-wa00189204912789497450018.jpg 1501w\" sizes=\"(max-width: 1024px) 100vw, 1024px\" \/><\/figure>\n\n\n\n<figure class=\"wp-block-image\"><img loading=\"lazy\" decoding=\"async\" width=\"1024\" height=\"682\" src=\"https:\/\/contextoanalisisperiodistico.com\/wp-content\/uploads\/2024\/01\/img-20240109-wa002215588021301108877-1024x682.jpg\" alt=\"\" class=\"wp-image-23178\" srcset=\"https:\/\/contextoanalisisperiodistico.com\/wp-content\/uploads\/2024\/01\/img-20240109-wa002215588021301108877-1024x682.jpg 1024w, https:\/\/contextoanalisisperiodistico.com\/wp-content\/uploads\/2024\/01\/img-20240109-wa002215588021301108877-300x200.jpg 300w, https:\/\/contextoanalisisperiodistico.com\/wp-content\/uploads\/2024\/01\/img-20240109-wa002215588021301108877-768x512.jpg 768w, https:\/\/contextoanalisisperiodistico.com\/wp-content\/uploads\/2024\/01\/img-20240109-wa002215588021301108877-1536x1023.jpg 1536w, https:\/\/contextoanalisisperiodistico.com\/wp-content\/uploads\/2024\/01\/img-20240109-wa002215588021301108877.jpg 1600w\" sizes=\"(max-width: 1024px) 100vw, 1024px\" \/><\/figure>\n\n\n\n<figure class=\"wp-block-image\"><img loading=\"lazy\" decoding=\"async\" width=\"1024\" height=\"682\" src=\"https:\/\/contextoanalisisperiodistico.com\/wp-content\/uploads\/2024\/01\/img-20240109-wa00242962382313768358991-1024x682.jpg\" alt=\"\" class=\"wp-image-23179\" srcset=\"https:\/\/contextoanalisisperiodistico.com\/wp-content\/uploads\/2024\/01\/img-20240109-wa00242962382313768358991-1024x682.jpg 1024w, https:\/\/contextoanalisisperiodistico.com\/wp-content\/uploads\/2024\/01\/img-20240109-wa00242962382313768358991-300x200.jpg 300w, https:\/\/contextoanalisisperiodistico.com\/wp-content\/uploads\/2024\/01\/img-20240109-wa00242962382313768358991-768x512.jpg 768w, https:\/\/contextoanalisisperiodistico.com\/wp-content\/uploads\/2024\/01\/img-20240109-wa00242962382313768358991-1536x1023.jpg 1536w, https:\/\/contextoanalisisperiodistico.com\/wp-content\/uploads\/2024\/01\/img-20240109-wa00242962382313768358991.jpg 1600w\" sizes=\"(max-width: 1024px) 100vw, 1024px\" \/><\/figure>\n\n\n\n<figure class=\"wp-block-image\"><img loading=\"lazy\" decoding=\"async\" width=\"1024\" height=\"682\" src=\"https:\/\/contextoanalisisperiodistico.com\/wp-content\/uploads\/2024\/01\/img-20240109-wa00257388922976146201736-1024x682.jpg\" alt=\"\" class=\"wp-image-23181\" srcset=\"https:\/\/contextoanalisisperiodistico.com\/wp-content\/uploads\/2024\/01\/img-20240109-wa00257388922976146201736-1024x682.jpg 1024w, https:\/\/contextoanalisisperiodistico.com\/wp-content\/uploads\/2024\/01\/img-20240109-wa00257388922976146201736-300x200.jpg 300w, https:\/\/contextoanalisisperiodistico.com\/wp-content\/uploads\/2024\/01\/img-20240109-wa00257388922976146201736-768x512.jpg 768w, https:\/\/contextoanalisisperiodistico.com\/wp-content\/uploads\/2024\/01\/img-20240109-wa00257388922976146201736-1536x1023.jpg 1536w, https:\/\/contextoanalisisperiodistico.com\/wp-content\/uploads\/2024\/01\/img-20240109-wa00257388922976146201736.jpg 1600w\" sizes=\"(max-width: 1024px) 100vw, 1024px\" \/><\/figure>\n\n\n\n<figure class=\"wp-block-image\"><img loading=\"lazy\" decoding=\"async\" width=\"1024\" height=\"682\" src=\"https:\/\/contextoanalisisperiodistico.com\/wp-content\/uploads\/2024\/01\/img-20240109-wa00238641805635895265677-1024x682.jpg\" alt=\"\" class=\"wp-image-23180\" srcset=\"https:\/\/contextoanalisisperiodistico.com\/wp-content\/uploads\/2024\/01\/img-20240109-wa00238641805635895265677-1024x682.jpg 1024w, https:\/\/contextoanalisisperiodistico.com\/wp-content\/uploads\/2024\/01\/img-20240109-wa00238641805635895265677-300x200.jpg 300w, https:\/\/contextoanalisisperiodistico.com\/wp-content\/uploads\/2024\/01\/img-20240109-wa00238641805635895265677-768x512.jpg 768w, https:\/\/contextoanalisisperiodistico.com\/wp-content\/uploads\/2024\/01\/img-20240109-wa00238641805635895265677-1536x1023.jpg 1536w, https:\/\/contextoanalisisperiodistico.com\/wp-content\/uploads\/2024\/01\/img-20240109-wa00238641805635895265677.jpg 1600w\" sizes=\"(max-width: 1024px) 100vw, 1024px\" \/><\/figure>\n\n\n\n<p>\u2022 \u201cEl Parque es un ejemplo de nuestra primavera, de la transformaci\u00f3n que vivimos en Oaxaca\u201d, afirm\u00f3 el Gobernador Salom\u00f3n Jara Cruz<\/p>\n\n\n\n<p>Oaxaca de Ju\u00e1rez, Oax., 9 de enero de 2024.- El Gobierno del Estado rescata m\u00e1s de 11 hect\u00e1reas, que anteriormente ocupaba la F\u00e1brica de Triplay Novopan, en beneficio de casi medio mill\u00f3n de personas, con la construcci\u00f3n del Parque Primavera, as\u00ed lo inform\u00f3 el Gobernador Salom\u00f3n Jara Cruz al dar el banderazo de inicio de los trabajos de construcci\u00f3n.<br \/>En este marco, el Mandatario oaxaque\u00f1o refiri\u00f3 que \u201cuna vez cumplidos los protocolos legales para dar un uso social a las 11.84 hect\u00e1reas de este pol\u00edgono, arrancamos el parque primavera con una inversi\u00f3n de 300 millones de pesos\u201d.<br \/>Destac\u00f3 que el Parque Primavera simboliza, por un lado, dejar atr\u00e1s el olvido, el abandono y la inseguridad que se dio en torno a un espacio distintivo de la ciudad de Oaxaca, como lo fue la antigua f\u00e1brica, para dar la bienvenida al renacimiento y al nuevo florecer de los espacios p\u00fablicos de la Verde Antequera.<br \/>\u201cNuestro Gobierno de la transformaci\u00f3n decidi\u00f3 rescatarlo, as\u00ed como hemos rescatado muchos espacios de nuestra capital, como un lugar de encuentro familiar donde todas y todos podamos convivir con paz y seguridad\u201d, sostuvo.<br \/>Por su parte, el secretario de las Infraestructuras y Comunicaciones (Sinfra), Netzahualc\u00f3yotl Salvatierra L\u00f3pez destac\u00f3 que el proyecto incluye puntos tem\u00e1ticos como el Juego de Pelota Mixteca, un vivero, una plaza deportiva, un sal\u00f3n multieventos, el jard\u00edn ceremonial y un Banco de semillas donde se va a salvaguardar parte importante del patrimonio natural y alimenticio de la entidad.<br \/>De igual forma, este espacio se conectar\u00e1 con zonas aleda\u00f1as a la Central de Abasto a trav\u00e9s de pasos peatonales.<\/p>\n\n\n\n<p>El Parque Primavera tambi\u00e9n contar\u00e1 con aportaciones culturales realizadas por la familia del maestro y oaxaque\u00f1o universal Francisco Toledo, mediante el dise\u00f1o de la estructura perimetral, que dar\u00e1 un toque \u00fanico a su arquitectura, con las virtudes pl\u00e1sticas que son el sello inigualable de Oaxaca.<br \/>Por ello, fue agradecida esta aportaci\u00f3n, as\u00ed como la que realizar\u00e1 la familia del maestro, pintor y escultor oaxaque\u00f1o Alejandro Santiago, por hacer parte de este proyecto la exposici\u00f3n Migrantes.<br \/>Tambi\u00e9n el director de Planeaci\u00f3n y Proyectos de la Secretar\u00eda de Desarrollo Agrario, Territorial y Urbano (Sedatu) del Gobierno de M\u00e9xico, Alberto Cruz Carbajal, entreg\u00f3 el proyecto ejecutivo que detalla las directrices y propuesta t\u00e9cnica, planos, diagramas y fichas t\u00e9cnicas con las que se podr\u00e1n ejecutar las obras.<br \/>El funcionario de la Sedatu detall\u00f3 que \u201cpocas veces desde la Secretar\u00eda hemos intervenido un predio de grandes dimensiones, donde a partir de cuatro ejes trazados tendremos un componente de cultura, deporte, de sostenibilidad y de seguridad, con lo que este parque podr\u00e1 ser referente no solamente en el estado\u201d.<br \/>Las personas que podr\u00e1n disfrutar de este espacio habitan los municipios de Oaxaca de Ju\u00e1rez, Santa Cruz Xoxocotl\u00e1n, Santa Mar\u00eda Atzompa, San Jacinto Amilpas y San Pablo Etla.<br \/>-0-<\/p>\n","protected":false},"excerpt":{"rendered":"<p>\u2022 Con una inversi\u00f3n de 300 mdp, el Gobierno del Estado rescata m\u00e1s de 11&#8230;<\/p>\n","protected":false},"author":4,"featured_media":23173,"comment_status":"","ping_status":"open","sticky":false,"template":"","format":"standard","meta":{"footnotes":""},"categories":[9],"tags":[],"jetpack_sharing_enabled":true,"featured_image_urls":{"full":["https:\/\/contextoanalisisperiodistico.com\/wp-content\/uploads\/2024\/01\/IMG-20240109-WA0019.jpg",1600,1066,false],"thumbnail":["https:\/\/contextoanalisisperiodistico.com\/wp-content\/uploads\/2024\/01\/IMG-20240109-WA0019-150x150.jpg",150,150,true],"medium":["https:\/\/contextoanalisisperiodistico.com\/wp-content\/uploads\/2024\/01\/IMG-20240109-WA0019-300x200.jpg",300,200,true],"medium_large":["https:\/\/contextoanalisisperiodistico.com\/wp-content\/uploads\/2024\/01\/IMG-20240109-WA0019-768x512.jpg",640,427,true],"large":["https:\/\/contextoanalisisperiodistico.com\/wp-content\/uploads\/2024\/01\/IMG-20240109-WA0019-1024x682.jpg",640,426,true],"1536x1536":["https:\/\/contextoanalisisperiodistico.com\/wp-content\/uploads\/2024\/01\/IMG-20240109-WA0019-1536x1023.jpg",1536,1023,true],"2048x2048":["https:\/\/contextoanalisisperiodistico.com\/wp-content\/uploads\/2024\/01\/IMG-20240109-WA0019.jpg",1600,1066,false],"covernews-slider-full":["https:\/\/contextoanalisisperiodistico.com\/wp-content\/uploads\/2024\/01\/IMG-20240109-WA0019-1115x715.jpg",1115,715,true],"covernews-slider-center":["https:\/\/contextoanalisisperiodistico.com\/wp-content\/uploads\/2024\/01\/IMG-20240109-WA0019-800x500.jpg",800,500,true],"covernews-featured":["https:\/\/contextoanalisisperiodistico.com\/wp-content\/uploads\/2024\/01\/IMG-20240109-WA0019-1024x682.jpg",1024,682,true],"covernews-medium":["https:\/\/contextoanalisisperiodistico.com\/wp-content\/uploads\/2024\/01\/IMG-20240109-WA0019-540x340.jpg",540,340,true],"covernews-medium-square":["https:\/\/contextoanalisisperiodistico.com\/wp-content\/uploads\/2024\/01\/IMG-20240109-WA0019-400x250.jpg",400,250,true]},"author_info":{"display_name":"Mario Gir\u00f3n","author_link":"https:\/\/contextoanalisisperiodistico.com\/index.php\/author\/director\/"},"category_info":"<a href=\"https:\/\/contextoanalisisperiodistico.com\/index.php\/category\/politica\/\" rel=\"category tag\">Pol\u00edtica<\/a>","tag_info":"Pol\u00edtica","comment_count":"0","jetpack_featured_media_url":"https:\/\/contextoanalisisperiodistico.com\/wp-content\/uploads\/2024\/01\/IMG-20240109-WA0019.jpg","_links":{"self":[{"href":"https:\/\/contextoanalisisperiodistico.com\/index.php\/wp-json\/wp\/v2\/posts\/23182"}],"collection":[{"href":"https:\/\/contextoanalisisperiodistico.com\/index.php\/wp-json\/wp\/v2\/posts"}],"about":[{"href":"https:\/\/contextoanalisisperiodistico.com\/index.php\/wp-json\/wp\/v2\/types\/post"}],"author":[{"embeddable":true,"href":"https:\/\/contextoanalisisperiodistico.com\/index.php\/wp-json\/wp\/v2\/users\/4"}],"replies":[{"embeddable":true,"href":"https:\/\/contextoanalisisperiodistico.com\/index.php\/wp-json\/wp\/v2\/comments?post=23182"}],"version-history":[{"count":0,"href":"https:\/\/contextoanalisisperiodistico.com\/index.php\/wp-json\/wp\/v2\/posts\/23182\/revisions"}],"wp:featuredmedia":[{"embeddable":true,"href":"https:\/\/contextoanalisisperiodistico.com\/index.php\/wp-json\/wp\/v2\/media\/23173"}],"wp:attachment":[{"href":"https:\/\/contextoanalisisperiodistico.com\/index.php\/wp-json\/wp\/v2\/media?parent=23182"}],"wp:term":[{"taxonomy":"category","embeddable":true,"href":"https:\/\/contextoanalisisperiodistico.com\/index.php\/wp-json\/wp\/v2\/categories?post=23182"},{"taxonomy":"post_tag","embeddable":true,"href":"https:\/\/contextoanalisisperiodistico.com\/index.php\/wp-json\/wp\/v2\/tags?post=23182"}],"curies":[{"name":"wp","href":"https:\/\/api.w.org\/{rel}","templated":true}]}}