{"id":23172,"date":"2024-01-09T15:08:24","date_gmt":"2024-01-09T21:08:24","guid":{"rendered":"https:\/\/contextoanalisisperiodistico.com\/index.php\/2024\/01\/09\/con-inversion-millonaria-refuerza-gobierno-de-oaxaca-procuracion-de-justicia\/"},"modified":"2024-01-09T15:08:24","modified_gmt":"2024-01-09T21:08:24","slug":"con-inversion-millonaria-refuerza-gobierno-de-oaxaca-procuracion-de-justicia","status":"publish","type":"post","link":"https:\/\/contextoanalisisperiodistico.com\/index.php\/2024\/01\/09\/con-inversion-millonaria-refuerza-gobierno-de-oaxaca-procuracion-de-justicia\/","title":{"rendered":"<em>Con inversi\u00f3n millonaria refuerza Gobierno de Oaxaca procuraci\u00f3n de justicia<\/em>"},"content":{"rendered":"<div id=\"fb-root\"><\/div>\n\n<p>\u2022 La entrega de equipamiento y mobiliario asciende a m\u00e1s de 4 millones de pesos<\/p>\n\n\n\n<p>\u2022 Con estas acciones Oaxaca refrenda su lugar como uno de los estados m\u00e1s seguros del pa\u00eds<\/p>\n\n\n\n<p>Oaxaca de Ju\u00e1rez, Oax., 9 de enero de 2024.- En cumplimiento con el Nuevo Pacto Social en materia de seguridad y procuraci\u00f3n de justicia, el Gobierno del Estado hizo una inversi\u00f3n para reforzar los trabajos de la Fiscal\u00eda General del Estado de Oaxaca (FGEO), por un monto de 4 millones 256 mil 258 pesos.<\/p>\n\n\n\n<p>El Gobernador Salom\u00f3n Jara Cruz expuso que con esta inversi\u00f3n se entrega equipamiento y material para hacer m\u00e1s efectivos los procesos de investigaci\u00f3n criminal\u00edstica, y se reitera el lugar que ocupa el estado de Oaxaca como una de las entidades m\u00e1s seguras del pa\u00eds.<\/p>\n\n\n\n<p>Afirm\u00f3 que, con estas acciones de acompa\u00f1amiento para fortalecer la autonom\u00eda operativa de la FGEO, se camina en la ruta correcta mediante una estrategia integral que garantiza justicia pronta y expedita a la sociedad con cero impunidad y el fortalecimiento permanente de las instituciones.<\/p>\n\n\n\n<p>En su oportunidad, la titular del Secretariado Ejecutivo del Sistema Estatal de Seguridad P\u00fablica (SESESP), Karina Bar\u00f3n Ortiz, puntualiz\u00f3 que estas acciones constituyen un paso importante en el rumbo de la pol\u00edtica de paz y seguridad de este Gobierno de la Primavera Oaxaque\u00f1a.<\/p>\n\n\n\n<p>Asimismo, explic\u00f3 que uno de los objetivos de esta entrega es aumentar la confianza ciudadana en sus polic\u00edas y que cada integrante se sienta orgulloso de pertenecer a su corporaci\u00f3n.<\/p>\n\n\n\n<p>Detall\u00f3 que se hizo entrega de 60 cascos bal\u00edsticos, 150 chalecos bal\u00edsticos, 500 l\u00e1mparas t\u00e1cticas y 501 mochilas t\u00e1cticas.<\/p>\n\n\n\n<p>En su oportunidad, el fiscal General, Bernardo Rodr\u00edguez Alamilla reconoci\u00f3 el apoyo y trabajo que el Gobernador Salom\u00f3n Jara Cruz ha realizado en la materia, apostando como nunca antes al fortalecimiento material y humano de las corporaciones de seguridad y de procuraci\u00f3n de justicia.<\/p>\n\n\n\n<p>Por \u00faltimo, inform\u00f3 que en este 2024 con el presupuesto aprobado se podr\u00e1 dignificar el salario de las y los trabajadores, se contar\u00e1 con mejor equipamiento para el desempe\u00f1o de sus actividades, adem\u00e1s de contar con espacios laborales dignos.<br \/>-0-<\/p>\n\n\n\n<figure class=\"wp-block-image size-large\"><img fetchpriority=\"high\" decoding=\"async\" width=\"1024\" height=\"682\" src=\"https:\/\/contextoanalisisperiodistico.com\/wp-content\/uploads\/2024\/01\/img-20240109-wa00091609578013273799831-1024x682.jpg\" alt=\"\" class=\"wp-image-23167\" srcset=\"https:\/\/contextoanalisisperiodistico.com\/wp-content\/uploads\/2024\/01\/img-20240109-wa00091609578013273799831-1024x682.jpg 1024w, https:\/\/contextoanalisisperiodistico.com\/wp-content\/uploads\/2024\/01\/img-20240109-wa00091609578013273799831-300x200.jpg 300w, https:\/\/contextoanalisisperiodistico.com\/wp-content\/uploads\/2024\/01\/img-20240109-wa00091609578013273799831-768x512.jpg 768w, https:\/\/contextoanalisisperiodistico.com\/wp-content\/uploads\/2024\/01\/img-20240109-wa00091609578013273799831-1536x1023.jpg 1536w, https:\/\/contextoanalisisperiodistico.com\/wp-content\/uploads\/2024\/01\/img-20240109-wa00091609578013273799831.jpg 1600w\" sizes=\"(max-width: 1024px) 100vw, 1024px\" \/><\/figure>\n\n\n\n<figure class=\"wp-block-image\"><img decoding=\"async\" width=\"1024\" height=\"682\" src=\"https:\/\/contextoanalisisperiodistico.com\/wp-content\/uploads\/2024\/01\/img-20240109-wa00129098663880771870550-1024x682.jpg\" alt=\"\" class=\"wp-image-23171\" srcset=\"https:\/\/contextoanalisisperiodistico.com\/wp-content\/uploads\/2024\/01\/img-20240109-wa00129098663880771870550-1024x682.jpg 1024w, https:\/\/contextoanalisisperiodistico.com\/wp-content\/uploads\/2024\/01\/img-20240109-wa00129098663880771870550-300x200.jpg 300w, https:\/\/contextoanalisisperiodistico.com\/wp-content\/uploads\/2024\/01\/img-20240109-wa00129098663880771870550-768x512.jpg 768w, https:\/\/contextoanalisisperiodistico.com\/wp-content\/uploads\/2024\/01\/img-20240109-wa00129098663880771870550-1536x1023.jpg 1536w, https:\/\/contextoanalisisperiodistico.com\/wp-content\/uploads\/2024\/01\/img-20240109-wa00129098663880771870550.jpg 1600w\" sizes=\"(max-width: 1024px) 100vw, 1024px\" \/><\/figure>\n\n\n\n<figure class=\"wp-block-image\"><img decoding=\"async\" width=\"1024\" height=\"682\" src=\"https:\/\/contextoanalisisperiodistico.com\/wp-content\/uploads\/2024\/01\/img-20240109-wa00113863563017014422783-1024x682.jpg\" alt=\"\" class=\"wp-image-23170\" srcset=\"https:\/\/contextoanalisisperiodistico.com\/wp-content\/uploads\/2024\/01\/img-20240109-wa00113863563017014422783-1024x682.jpg 1024w, https:\/\/contextoanalisisperiodistico.com\/wp-content\/uploads\/2024\/01\/img-20240109-wa00113863563017014422783-300x200.jpg 300w, https:\/\/contextoanalisisperiodistico.com\/wp-content\/uploads\/2024\/01\/img-20240109-wa00113863563017014422783-768x512.jpg 768w, https:\/\/contextoanalisisperiodistico.com\/wp-content\/uploads\/2024\/01\/img-20240109-wa00113863563017014422783-1536x1023.jpg 1536w, https:\/\/contextoanalisisperiodistico.com\/wp-content\/uploads\/2024\/01\/img-20240109-wa00113863563017014422783.jpg 1600w\" sizes=\"(max-width: 1024px) 100vw, 1024px\" \/><\/figure>\n\n\n\n<figure class=\"wp-block-image\"><img loading=\"lazy\" decoding=\"async\" width=\"1024\" height=\"682\" src=\"https:\/\/contextoanalisisperiodistico.com\/wp-content\/uploads\/2024\/01\/img-20240109-wa0010912567260979065191-1024x682.jpg\" alt=\"\" class=\"wp-image-23168\" srcset=\"https:\/\/contextoanalisisperiodistico.com\/wp-content\/uploads\/2024\/01\/img-20240109-wa0010912567260979065191-1024x682.jpg 1024w, https:\/\/contextoanalisisperiodistico.com\/wp-content\/uploads\/2024\/01\/img-20240109-wa0010912567260979065191-300x200.jpg 300w, https:\/\/contextoanalisisperiodistico.com\/wp-content\/uploads\/2024\/01\/img-20240109-wa0010912567260979065191-768x512.jpg 768w, https:\/\/contextoanalisisperiodistico.com\/wp-content\/uploads\/2024\/01\/img-20240109-wa0010912567260979065191-1536x1023.jpg 1536w, https:\/\/contextoanalisisperiodistico.com\/wp-content\/uploads\/2024\/01\/img-20240109-wa0010912567260979065191.jpg 1600w\" sizes=\"(max-width: 1024px) 100vw, 1024px\" \/><\/figure>\n\n\n\n<figure class=\"wp-block-image\"><img loading=\"lazy\" decoding=\"async\" width=\"1024\" height=\"682\" src=\"https:\/\/contextoanalisisperiodistico.com\/wp-content\/uploads\/2024\/01\/img-20240109-wa00061948652164906812102-1024x682.jpg\" alt=\"\" class=\"wp-image-23169\" srcset=\"https:\/\/contextoanalisisperiodistico.com\/wp-content\/uploads\/2024\/01\/img-20240109-wa00061948652164906812102-1024x682.jpg 1024w, https:\/\/contextoanalisisperiodistico.com\/wp-content\/uploads\/2024\/01\/img-20240109-wa00061948652164906812102-300x200.jpg 300w, https:\/\/contextoanalisisperiodistico.com\/wp-content\/uploads\/2024\/01\/img-20240109-wa00061948652164906812102-768x512.jpg 768w, https:\/\/contextoanalisisperiodistico.com\/wp-content\/uploads\/2024\/01\/img-20240109-wa00061948652164906812102-1536x1023.jpg 1536w, https:\/\/contextoanalisisperiodistico.com\/wp-content\/uploads\/2024\/01\/img-20240109-wa00061948652164906812102.jpg 1600w\" sizes=\"(max-width: 1024px) 100vw, 1024px\" \/><\/figure>\n","protected":false},"excerpt":{"rendered":"<p>\u2022 La entrega de equipamiento y mobiliario asciende a m\u00e1s de 4 millones de pesos&#8230;<\/p>\n","protected":false},"author":4,"featured_media":23166,"comment_status":"","ping_status":"open","sticky":false,"template":"","format":"standard","meta":{"footnotes":""},"categories":[9],"tags":[],"jetpack_sharing_enabled":true,"featured_image_urls":{"full":["https:\/\/contextoanalisisperiodistico.com\/wp-content\/uploads\/2024\/01\/IMG-20240109-WA0007.jpg",1600,1066,false],"thumbnail":["https:\/\/contextoanalisisperiodistico.com\/wp-content\/uploads\/2024\/01\/IMG-20240109-WA0007-150x150.jpg",150,150,true],"medium":["https:\/\/contextoanalisisperiodistico.com\/wp-content\/uploads\/2024\/01\/IMG-20240109-WA0007-300x200.jpg",300,200,true],"medium_large":["https:\/\/contextoanalisisperiodistico.com\/wp-content\/uploads\/2024\/01\/IMG-20240109-WA0007-768x512.jpg",640,427,true],"large":["https:\/\/contextoanalisisperiodistico.com\/wp-content\/uploads\/2024\/01\/IMG-20240109-WA0007-1024x682.jpg",640,426,true],"1536x1536":["https:\/\/contextoanalisisperiodistico.com\/wp-content\/uploads\/2024\/01\/IMG-20240109-WA0007-1536x1023.jpg",1536,1023,true],"2048x2048":["https:\/\/contextoanalisisperiodistico.com\/wp-content\/uploads\/2024\/01\/IMG-20240109-WA0007.jpg",1600,1066,false],"covernews-slider-full":["https:\/\/contextoanalisisperiodistico.com\/wp-content\/uploads\/2024\/01\/IMG-20240109-WA0007-1115x715.jpg",1115,715,true],"covernews-slider-center":["https:\/\/contextoanalisisperiodistico.com\/wp-content\/uploads\/2024\/01\/IMG-20240109-WA0007-800x500.jpg",800,500,true],"covernews-featured":["https:\/\/contextoanalisisperiodistico.com\/wp-content\/uploads\/2024\/01\/IMG-20240109-WA0007-1024x682.jpg",1024,682,true],"covernews-medium":["https:\/\/contextoanalisisperiodistico.com\/wp-content\/uploads\/2024\/01\/IMG-20240109-WA0007-540x340.jpg",540,340,true],"covernews-medium-square":["https:\/\/contextoanalisisperiodistico.com\/wp-content\/uploads\/2024\/01\/IMG-20240109-WA0007-400x250.jpg",400,250,true]},"author_info":{"display_name":"Mario Gir\u00f3n","author_link":"https:\/\/contextoanalisisperiodistico.com\/index.php\/author\/director\/"},"category_info":"<a href=\"https:\/\/contextoanalisisperiodistico.com\/index.php\/category\/politica\/\" rel=\"category tag\">Pol\u00edtica<\/a>","tag_info":"Pol\u00edtica","comment_count":"0","jetpack_featured_media_url":"https:\/\/contextoanalisisperiodistico.com\/wp-content\/uploads\/2024\/01\/IMG-20240109-WA0007.jpg","_links":{"self":[{"href":"https:\/\/contextoanalisisperiodistico.com\/index.php\/wp-json\/wp\/v2\/posts\/23172"}],"collection":[{"href":"https:\/\/contextoanalisisperiodistico.com\/index.php\/wp-json\/wp\/v2\/posts"}],"about":[{"href":"https:\/\/contextoanalisisperiodistico.com\/index.php\/wp-json\/wp\/v2\/types\/post"}],"author":[{"embeddable":true,"href":"https:\/\/contextoanalisisperiodistico.com\/index.php\/wp-json\/wp\/v2\/users\/4"}],"replies":[{"embeddable":true,"href":"https:\/\/contextoanalisisperiodistico.com\/index.php\/wp-json\/wp\/v2\/comments?post=23172"}],"version-history":[{"count":0,"href":"https:\/\/contextoanalisisperiodistico.com\/index.php\/wp-json\/wp\/v2\/posts\/23172\/revisions"}],"wp:featuredmedia":[{"embeddable":true,"href":"https:\/\/contextoanalisisperiodistico.com\/index.php\/wp-json\/wp\/v2\/media\/23166"}],"wp:attachment":[{"href":"https:\/\/contextoanalisisperiodistico.com\/index.php\/wp-json\/wp\/v2\/media?parent=23172"}],"wp:term":[{"taxonomy":"category","embeddable":true,"href":"https:\/\/contextoanalisisperiodistico.com\/index.php\/wp-json\/wp\/v2\/categories?post=23172"},{"taxonomy":"post_tag","embeddable":true,"href":"https:\/\/contextoanalisisperiodistico.com\/index.php\/wp-json\/wp\/v2\/tags?post=23172"}],"curies":[{"name":"wp","href":"https:\/\/api.w.org\/{rel}","templated":true}]}}