{"id":22907,"date":"2023-12-31T12:07:55","date_gmt":"2023-12-31T18:07:55","guid":{"rendered":"https:\/\/contextoanalisisperiodistico.com\/index.php\/2023\/12\/31\/exhibe-el-casa-coleccion-de-mascaras-mexicanas-que-da-cuenta-de-las-danzas-de-los-pueblos\/"},"modified":"2023-12-31T12:10:56","modified_gmt":"2023-12-31T18:10:56","slug":"exhibe-el-casa-coleccion-de-mascaras-mexicanas-que-da-cuenta-de-las-danzas-de-los-pueblos","status":"publish","type":"post","link":"https:\/\/contextoanalisisperiodistico.com\/index.php\/2023\/12\/31\/exhibe-el-casa-coleccion-de-mascaras-mexicanas-que-da-cuenta-de-las-danzas-de-los-pueblos\/","title":{"rendered":"Exhibe el CaSa colecci\u00f3n de m\u00e1scaras mexicanas de danzas de los pueblos"},"content":{"rendered":"<div id=\"fb-root\"><\/div>\n\n<p>\u25cf Desde hace 50 a\u00f1os el antrop\u00f3logo Ren\u00e9 Bustamante ha conformado su colecci\u00f3n de m\u00e1scaras y una parte de ella se presenta en la galer\u00eda Planta baja del Centro de las Artes de San Agust\u00edn<br \/>\u25cf Son alrededor de 700 piezas provenientes de distintos estados del pa\u00eds las que pueden apreciarse<\/p>\n\n\n\n<figure class=\"wp-block-image size-large\"><img fetchpriority=\"high\" decoding=\"async\" width=\"1024\" height=\"684\" src=\"https:\/\/contextoanalisisperiodistico.com\/wp-content\/uploads\/2023\/12\/img-20231231-wa00085812326690243545575-1024x684.jpg\" alt=\"\" class=\"wp-image-22903\" srcset=\"https:\/\/contextoanalisisperiodistico.com\/wp-content\/uploads\/2023\/12\/img-20231231-wa00085812326690243545575-1024x684.jpg 1024w, https:\/\/contextoanalisisperiodistico.com\/wp-content\/uploads\/2023\/12\/img-20231231-wa00085812326690243545575-300x200.jpg 300w, https:\/\/contextoanalisisperiodistico.com\/wp-content\/uploads\/2023\/12\/img-20231231-wa00085812326690243545575-768x513.jpg 768w, https:\/\/contextoanalisisperiodistico.com\/wp-content\/uploads\/2023\/12\/img-20231231-wa00085812326690243545575-1536x1025.jpg 1536w, https:\/\/contextoanalisisperiodistico.com\/wp-content\/uploads\/2023\/12\/img-20231231-wa00085812326690243545575.jpg 1600w\" sizes=\"(max-width: 1024px) 100vw, 1024px\" \/><\/figure>\n\n\n\n<figure class=\"wp-block-image\"><img decoding=\"async\" width=\"1024\" height=\"682\" src=\"https:\/\/contextoanalisisperiodistico.com\/wp-content\/uploads\/2023\/12\/img-20231231-wa00071934561650339460936-1024x682.jpg\" alt=\"\" class=\"wp-image-22905\" srcset=\"https:\/\/contextoanalisisperiodistico.com\/wp-content\/uploads\/2023\/12\/img-20231231-wa00071934561650339460936-1024x682.jpg 1024w, https:\/\/contextoanalisisperiodistico.com\/wp-content\/uploads\/2023\/12\/img-20231231-wa00071934561650339460936-300x200.jpg 300w, https:\/\/contextoanalisisperiodistico.com\/wp-content\/uploads\/2023\/12\/img-20231231-wa00071934561650339460936-768x512.jpg 768w, https:\/\/contextoanalisisperiodistico.com\/wp-content\/uploads\/2023\/12\/img-20231231-wa00071934561650339460936-1536x1023.jpg 1536w, https:\/\/contextoanalisisperiodistico.com\/wp-content\/uploads\/2023\/12\/img-20231231-wa00071934561650339460936.jpg 1600w\" sizes=\"(max-width: 1024px) 100vw, 1024px\" \/><\/figure>\n\n\n\n<figure class=\"wp-block-image\"><img decoding=\"async\" width=\"1024\" height=\"682\" src=\"https:\/\/contextoanalisisperiodistico.com\/wp-content\/uploads\/2023\/12\/img-20231231-wa00122751354536229332265-1024x682.jpg\" alt=\"\" class=\"wp-image-22904\" srcset=\"https:\/\/contextoanalisisperiodistico.com\/wp-content\/uploads\/2023\/12\/img-20231231-wa00122751354536229332265-1024x682.jpg 1024w, https:\/\/contextoanalisisperiodistico.com\/wp-content\/uploads\/2023\/12\/img-20231231-wa00122751354536229332265-300x200.jpg 300w, https:\/\/contextoanalisisperiodistico.com\/wp-content\/uploads\/2023\/12\/img-20231231-wa00122751354536229332265-768x512.jpg 768w, https:\/\/contextoanalisisperiodistico.com\/wp-content\/uploads\/2023\/12\/img-20231231-wa00122751354536229332265-1536x1023.jpg 1536w, https:\/\/contextoanalisisperiodistico.com\/wp-content\/uploads\/2023\/12\/img-20231231-wa00122751354536229332265.jpg 1600w\" sizes=\"(max-width: 1024px) 100vw, 1024px\" \/><\/figure>\n\n\n\n<figure class=\"wp-block-image\"><img loading=\"lazy\" decoding=\"async\" width=\"1024\" height=\"682\" src=\"https:\/\/contextoanalisisperiodistico.com\/wp-content\/uploads\/2023\/12\/img-20231231-wa00112674198840921715341-1024x682.jpg\" alt=\"\" class=\"wp-image-22906\" srcset=\"https:\/\/contextoanalisisperiodistico.com\/wp-content\/uploads\/2023\/12\/img-20231231-wa00112674198840921715341-1024x682.jpg 1024w, https:\/\/contextoanalisisperiodistico.com\/wp-content\/uploads\/2023\/12\/img-20231231-wa00112674198840921715341-300x200.jpg 300w, https:\/\/contextoanalisisperiodistico.com\/wp-content\/uploads\/2023\/12\/img-20231231-wa00112674198840921715341-768x512.jpg 768w, https:\/\/contextoanalisisperiodistico.com\/wp-content\/uploads\/2023\/12\/img-20231231-wa00112674198840921715341-1536x1023.jpg 1536w, https:\/\/contextoanalisisperiodistico.com\/wp-content\/uploads\/2023\/12\/img-20231231-wa00112674198840921715341.jpg 1600w\" sizes=\"(max-width: 1024px) 100vw, 1024px\" \/><\/figure>\n\n\n\n<p>San Agust\u00edn Etla, Oax. 31 de diciembre de 2023.- El antrop\u00f3logo oaxaque\u00f1o Ren\u00e9 Bustamante ha logrado conformar en los \u00faltimos 50 a\u00f1os una de las colecciones m\u00e1s importantes de m\u00e1scaras mexicanas, una parte de ella integra la exposici\u00f3n Rostros Atemporales. Evoluci\u00f3n y permanencia de las danzas y m\u00e1scaras mexicanas, que se exhibe en la galer\u00eda Planta baja del Centro de las Artes de San Agust\u00edn (CaSa) desde este mes de diciembre y hasta al 28 de abril de 2024.<\/p>\n\n\n\n<p>En la exposici\u00f3n se encuentra la primera m\u00e1scara que adquiri\u00f3 hace cinco d\u00e9cadas y con la cual inici\u00f3 su colecci\u00f3n, se trata de una pieza que tiene alrededor de 170 a\u00f1os, es de Corralero, Oaxaca, en la Costa chica, la usaban para la Danza de los Pescadores y representa a un caim\u00e1n.<br \/>Bustamante mencion\u00f3 que \u00abel impacto m\u00e1s fuerte que producen las danzas y m\u00e1scaras mexicanas, aparte de su fuerza est\u00e9tica, es la extraordinaria variedad de ellas. Las m\u00e1scaras tambi\u00e9n permiten expresar miedos, fantas\u00edas o hechos hist\u00f3ricos concretos, o actuar fuera de los convencionalismos sociales, culturales o religiosos. Resuelven dilemas y rompen tab\u00faes, estableciendo otras formas de comunicaci\u00f3n\u201d.<\/p>\n\n\n\n<p>Coment\u00f3 que muchas veces los mismos danzantes realizan sus m\u00e1scaras, pero a veces hay uno o dos talladores en los pueblos, \u201caunque es algo que se est\u00e1 acabando, los talladores de m\u00e1scaras, los que hay est\u00e1n para satisfacer al mercado, hacen m\u00e1scaras para vender en tiendas y te das cuenta porque hay diferencias tremendas a las que se usan en las ceremonias, cada pueblo y cada lugar tiene sus propias din\u00e1micas\u201d, mencion\u00f3.<\/p>\n\n\n\n<p>Sobre los temas que abordan en las danzas, Bustamante dijo que existe una gran variedad, hasta este momento lleva 88 temas documentados. Y una de las danzas m\u00e1s populares en el pa\u00eds es la de Conquista.<\/p>\n\n\n\n<p>En la exposici\u00f3n tambi\u00e9n se incluyen m\u00e1scaras que son utilizadas en danzas que tienen lugar durante el D\u00eda de Muertos, as\u00ed como danzas de los Diablos, personajes que Bustamante considera tienen un papel importante en las comunidades, \u201cporque el diablo es el que puede hacer lo que sea\u201d.<br \/>Ren\u00e9 Bustamante lament\u00f3 que varias danzas se est\u00e9n acabando r\u00e1pidamente, por lo que se ha enfocado en documentarlas.<\/p>\n\n\n\n<p>Rostros Atemporales. Evoluci\u00f3n y permanencia de las danzas y m\u00e1scaras mexicanas, indic\u00f3 Bustamante, es una exposici\u00f3n que le deb\u00eda al CaSa, \u201ctodas las exposiciones que he tenido aqu\u00ed en realidad se pensaban de mucho tiempo atr\u00e1s con Francisco Toledo y finalmente se han realizado\u201d, concluy\u00f3. <code>-0-<\/code><\/p>\n","protected":false},"excerpt":{"rendered":"<p>\u25cf Desde hace 50 a\u00f1os el antrop\u00f3logo Ren\u00e9 Bustamante ha conformado su colecci\u00f3n de m\u00e1scaras&#8230;<\/p>\n","protected":false},"author":4,"featured_media":22902,"comment_status":"closed","ping_status":"open","sticky":false,"template":"","format":"standard","meta":{"footnotes":""},"categories":[7],"tags":[],"jetpack_sharing_enabled":true,"featured_image_urls":{"full":["https:\/\/contextoanalisisperiodistico.com\/wp-content\/uploads\/2023\/12\/IMG-20231231-WA0006.jpg",1600,1064,false],"thumbnail":["https:\/\/contextoanalisisperiodistico.com\/wp-content\/uploads\/2023\/12\/IMG-20231231-WA0006-150x150.jpg",150,150,true],"medium":["https:\/\/contextoanalisisperiodistico.com\/wp-content\/uploads\/2023\/12\/IMG-20231231-WA0006-300x200.jpg",300,200,true],"medium_large":["https:\/\/contextoanalisisperiodistico.com\/wp-content\/uploads\/2023\/12\/IMG-20231231-WA0006-768x511.jpg",640,426,true],"large":["https:\/\/contextoanalisisperiodistico.com\/wp-content\/uploads\/2023\/12\/IMG-20231231-WA0006-1024x681.jpg",640,426,true],"1536x1536":["https:\/\/contextoanalisisperiodistico.com\/wp-content\/uploads\/2023\/12\/IMG-20231231-WA0006-1536x1021.jpg",1536,1021,true],"2048x2048":["https:\/\/contextoanalisisperiodistico.com\/wp-content\/uploads\/2023\/12\/IMG-20231231-WA0006.jpg",1600,1064,false],"covernews-slider-full":["https:\/\/contextoanalisisperiodistico.com\/wp-content\/uploads\/2023\/12\/IMG-20231231-WA0006-1115x715.jpg",1115,715,true],"covernews-slider-center":["https:\/\/contextoanalisisperiodistico.com\/wp-content\/uploads\/2023\/12\/IMG-20231231-WA0006-800x500.jpg",800,500,true],"covernews-featured":["https:\/\/contextoanalisisperiodistico.com\/wp-content\/uploads\/2023\/12\/IMG-20231231-WA0006-1024x681.jpg",1024,681,true],"covernews-medium":["https:\/\/contextoanalisisperiodistico.com\/wp-content\/uploads\/2023\/12\/IMG-20231231-WA0006-540x340.jpg",540,340,true],"covernews-medium-square":["https:\/\/contextoanalisisperiodistico.com\/wp-content\/uploads\/2023\/12\/IMG-20231231-WA0006-400x250.jpg",400,250,true]},"author_info":{"display_name":"Mario Gir\u00f3n","author_link":"https:\/\/contextoanalisisperiodistico.com\/index.php\/author\/director\/"},"category_info":"<a href=\"https:\/\/contextoanalisisperiodistico.com\/index.php\/category\/municipios\/\" rel=\"category tag\">Municipios<\/a>","tag_info":"Municipios","comment_count":"0","jetpack_featured_media_url":"https:\/\/contextoanalisisperiodistico.com\/wp-content\/uploads\/2023\/12\/IMG-20231231-WA0006.jpg","_links":{"self":[{"href":"https:\/\/contextoanalisisperiodistico.com\/index.php\/wp-json\/wp\/v2\/posts\/22907"}],"collection":[{"href":"https:\/\/contextoanalisisperiodistico.com\/index.php\/wp-json\/wp\/v2\/posts"}],"about":[{"href":"https:\/\/contextoanalisisperiodistico.com\/index.php\/wp-json\/wp\/v2\/types\/post"}],"author":[{"embeddable":true,"href":"https:\/\/contextoanalisisperiodistico.com\/index.php\/wp-json\/wp\/v2\/users\/4"}],"replies":[{"embeddable":true,"href":"https:\/\/contextoanalisisperiodistico.com\/index.php\/wp-json\/wp\/v2\/comments?post=22907"}],"version-history":[{"count":2,"href":"https:\/\/contextoanalisisperiodistico.com\/index.php\/wp-json\/wp\/v2\/posts\/22907\/revisions"}],"predecessor-version":[{"id":22909,"href":"https:\/\/contextoanalisisperiodistico.com\/index.php\/wp-json\/wp\/v2\/posts\/22907\/revisions\/22909"}],"wp:featuredmedia":[{"embeddable":true,"href":"https:\/\/contextoanalisisperiodistico.com\/index.php\/wp-json\/wp\/v2\/media\/22902"}],"wp:attachment":[{"href":"https:\/\/contextoanalisisperiodistico.com\/index.php\/wp-json\/wp\/v2\/media?parent=22907"}],"wp:term":[{"taxonomy":"category","embeddable":true,"href":"https:\/\/contextoanalisisperiodistico.com\/index.php\/wp-json\/wp\/v2\/categories?post=22907"},{"taxonomy":"post_tag","embeddable":true,"href":"https:\/\/contextoanalisisperiodistico.com\/index.php\/wp-json\/wp\/v2\/tags?post=22907"}],"curies":[{"name":"wp","href":"https:\/\/api.w.org\/{rel}","templated":true}]}}