{"id":22894,"date":"2023-12-30T13:43:00","date_gmt":"2023-12-30T19:43:00","guid":{"rendered":"https:\/\/contextoanalisisperiodistico.com\/index.php\/2023\/12\/30\/oaxaca-de-juarez-ciudad-favorita-de-los-viajeros-durante-2023-travel-leisure\/"},"modified":"2023-12-30T13:50:24","modified_gmt":"2023-12-30T19:50:24","slug":"oaxaca-de-juarez-ciudad-favorita-de-los-viajeros-durante-2023-travel-leisure","status":"publish","type":"post","link":"https:\/\/contextoanalisisperiodistico.com\/index.php\/2023\/12\/30\/oaxaca-de-juarez-ciudad-favorita-de-los-viajeros-durante-2023-travel-leisure\/","title":{"rendered":"Oaxaca de Ju\u00e1rez, ciudad favorita de viajeros en 2023: Travel + Leisure"},"content":{"rendered":"<div id=\"fb-root\"><\/div>\n\n<p>&nbsp;<\/p>\n\n\n\n<p>\u2022&nbsp;&nbsp;&nbsp;&nbsp;&nbsp;&nbsp;&nbsp;&nbsp;&nbsp;&nbsp;&nbsp; Paz y gobernabilidad, los principales factores que valoran viajeros al momento de elegir a Oaxaca.<\/p>\n\n\n\n<p>&nbsp;<\/p>\n\n\n\n<p>Oaxaca de Ju\u00e1rez, Oax, a 30 de diciembre de 2023.- La ciudad de Oaxaca de Ju\u00e1rez una vez m\u00e1s ha sido elegida por los viajeros de todo el mundo como su destino favorito a la hora de decidir un lugar para viajar.&nbsp; Por segundo a\u00f1o consecutivo, la Verde Antequera ha obtenido el prestigioso reconocimiento como la ciudad favorita otorgado por la reconocida revista especializada en turismo Travel + Leisure.<\/p>\n\n\n\n<p>&nbsp;<\/p>\n\n\n\n<p>Este t\u00edtulo reafirma el esplendor y encanto que caracterizan a la ciudad de Oaxaca, donde convergen personas de diferentes partes del estado y del mundo, reflejando la paz y la gobernabilidad que distinguen a este lugar.<\/p>\n\n\n\n<p>&nbsp;<\/p>\n\n\n\n<p>Travel + Leisure convoc\u00f3 a su distinguido p\u00fablico lector a seleccionar su ciudad favorita entre 25 destinos de todo el mundo a trav\u00e9s de la encuesta anual \u00abWorld\u2019s Best Awards\u00bb para el a\u00f1o 2023.<\/p>\n\n\n\n<p>&nbsp;<\/p>\n\n\n\n<p>&nbsp;Oaxaca de Ju\u00e1rez obtuvo este destacado t\u00edtulo como resultado de la encuesta, donde las ciudades fueron evaluadas bajo criterios espec\u00edficos que incluyen lugares de inter\u00e9s, puntos emblem\u00e1ticos, cultura, gastronom\u00eda, amabilidad, opciones de compra, y relaci\u00f3n calidad-precio, entre otros aspectos.<\/p>\n\n\n\n<p>&nbsp;<\/p>\n\n\n\n<p>Este nuevo reconocimiento consolida a Oaxaca de Ju\u00e1rez como una ciudad colmada de magia, color, cultura y tradici\u00f3n, donde convergen y conviven cientos de expresiones culturales, situ\u00e1ndola como un referente mundial.<\/p>\n\n\n\n<p>&nbsp;<\/p>\n\n\n\n<p>La distinci\u00f3n resalta la riqueza y diversidad que caracterizan a esta ic\u00f3nica ciudad, enriquecida por la herencia de diversas culturas.<\/p>\n","protected":false},"excerpt":{"rendered":"<p>&nbsp; \u2022&nbsp;&nbsp;&nbsp;&nbsp;&nbsp;&nbsp;&nbsp;&nbsp;&nbsp;&nbsp;&nbsp; Paz y gobernabilidad, los principales factores que valoran viajeros al momento de elegir&#8230;<\/p>\n","protected":false},"author":4,"featured_media":22893,"comment_status":"closed","ping_status":"open","sticky":false,"template":"","format":"standard","meta":{"footnotes":""},"categories":[9],"tags":[],"jetpack_sharing_enabled":true,"featured_image_urls":{"full":["https:\/\/contextoanalisisperiodistico.com\/wp-content\/uploads\/2023\/12\/IMG-20231230-WA0039.jpg",1600,1068,false],"thumbnail":["https:\/\/contextoanalisisperiodistico.com\/wp-content\/uploads\/2023\/12\/IMG-20231230-WA0039-150x150.jpg",150,150,true],"medium":["https:\/\/contextoanalisisperiodistico.com\/wp-content\/uploads\/2023\/12\/IMG-20231230-WA0039-300x200.jpg",300,200,true],"medium_large":["https:\/\/contextoanalisisperiodistico.com\/wp-content\/uploads\/2023\/12\/IMG-20231230-WA0039-768x513.jpg",640,428,true],"large":["https:\/\/contextoanalisisperiodistico.com\/wp-content\/uploads\/2023\/12\/IMG-20231230-WA0039-1024x684.jpg",640,428,true],"1536x1536":["https:\/\/contextoanalisisperiodistico.com\/wp-content\/uploads\/2023\/12\/IMG-20231230-WA0039-1536x1025.jpg",1536,1025,true],"2048x2048":["https:\/\/contextoanalisisperiodistico.com\/wp-content\/uploads\/2023\/12\/IMG-20231230-WA0039.jpg",1600,1068,false],"covernews-slider-full":["https:\/\/contextoanalisisperiodistico.com\/wp-content\/uploads\/2023\/12\/IMG-20231230-WA0039-1115x715.jpg",1115,715,true],"covernews-slider-center":["https:\/\/contextoanalisisperiodistico.com\/wp-content\/uploads\/2023\/12\/IMG-20231230-WA0039-800x500.jpg",800,500,true],"covernews-featured":["https:\/\/contextoanalisisperiodistico.com\/wp-content\/uploads\/2023\/12\/IMG-20231230-WA0039-1024x684.jpg",1024,684,true],"covernews-medium":["https:\/\/contextoanalisisperiodistico.com\/wp-content\/uploads\/2023\/12\/IMG-20231230-WA0039-540x340.jpg",540,340,true],"covernews-medium-square":["https:\/\/contextoanalisisperiodistico.com\/wp-content\/uploads\/2023\/12\/IMG-20231230-WA0039-400x250.jpg",400,250,true]},"author_info":{"display_name":"Mario Gir\u00f3n","author_link":"https:\/\/contextoanalisisperiodistico.com\/index.php\/author\/director\/"},"category_info":"<a href=\"https:\/\/contextoanalisisperiodistico.com\/index.php\/category\/politica\/\" rel=\"category tag\">Pol\u00edtica<\/a>","tag_info":"Pol\u00edtica","comment_count":"0","jetpack_featured_media_url":"https:\/\/contextoanalisisperiodistico.com\/wp-content\/uploads\/2023\/12\/IMG-20231230-WA0039.jpg","_links":{"self":[{"href":"https:\/\/contextoanalisisperiodistico.com\/index.php\/wp-json\/wp\/v2\/posts\/22894"}],"collection":[{"href":"https:\/\/contextoanalisisperiodistico.com\/index.php\/wp-json\/wp\/v2\/posts"}],"about":[{"href":"https:\/\/contextoanalisisperiodistico.com\/index.php\/wp-json\/wp\/v2\/types\/post"}],"author":[{"embeddable":true,"href":"https:\/\/contextoanalisisperiodistico.com\/index.php\/wp-json\/wp\/v2\/users\/4"}],"replies":[{"embeddable":true,"href":"https:\/\/contextoanalisisperiodistico.com\/index.php\/wp-json\/wp\/v2\/comments?post=22894"}],"version-history":[{"count":2,"href":"https:\/\/contextoanalisisperiodistico.com\/index.php\/wp-json\/wp\/v2\/posts\/22894\/revisions"}],"predecessor-version":[{"id":22896,"href":"https:\/\/contextoanalisisperiodistico.com\/index.php\/wp-json\/wp\/v2\/posts\/22894\/revisions\/22896"}],"wp:featuredmedia":[{"embeddable":true,"href":"https:\/\/contextoanalisisperiodistico.com\/index.php\/wp-json\/wp\/v2\/media\/22893"}],"wp:attachment":[{"href":"https:\/\/contextoanalisisperiodistico.com\/index.php\/wp-json\/wp\/v2\/media?parent=22894"}],"wp:term":[{"taxonomy":"category","embeddable":true,"href":"https:\/\/contextoanalisisperiodistico.com\/index.php\/wp-json\/wp\/v2\/categories?post=22894"},{"taxonomy":"post_tag","embeddable":true,"href":"https:\/\/contextoanalisisperiodistico.com\/index.php\/wp-json\/wp\/v2\/tags?post=22894"}],"curies":[{"name":"wp","href":"https:\/\/api.w.org\/{rel}","templated":true}]}}