{"id":22892,"date":"2023-12-30T11:37:08","date_gmt":"2023-12-30T17:37:08","guid":{"rendered":"https:\/\/contextoanalisisperiodistico.com\/index.php\/2023\/12\/30\/semovi-cuenta-con-placas-y-tarjetas-de-circulacion-suficientes\/"},"modified":"2023-12-30T11:37:08","modified_gmt":"2023-12-30T17:37:08","slug":"semovi-cuenta-con-placas-y-tarjetas-de-circulacion-suficientes","status":"publish","type":"post","link":"https:\/\/contextoanalisisperiodistico.com\/index.php\/2023\/12\/30\/semovi-cuenta-con-placas-y-tarjetas-de-circulacion-suficientes\/","title":{"rendered":"Semovi cuenta con placas y tarjetas de circulaci\u00f3n suficientes"},"content":{"rendered":"<div id=\"fb-root\"><\/div>\n\n<p>* Para atender demanda de personas usuarias <\/p>\n\n\n\n<figure class=\"wp-block-image size-large\"><img fetchpriority=\"high\" decoding=\"async\" width=\"990\" height=\"660\" src=\"https:\/\/contextoanalisisperiodistico.com\/wp-content\/uploads\/2023\/12\/img-20231230-wa00195988469260120903484.jpg\" alt=\"\" class=\"wp-image-22891\" srcset=\"https:\/\/contextoanalisisperiodistico.com\/wp-content\/uploads\/2023\/12\/img-20231230-wa00195988469260120903484.jpg 990w, https:\/\/contextoanalisisperiodistico.com\/wp-content\/uploads\/2023\/12\/img-20231230-wa00195988469260120903484-300x200.jpg 300w, https:\/\/contextoanalisisperiodistico.com\/wp-content\/uploads\/2023\/12\/img-20231230-wa00195988469260120903484-768x512.jpg 768w\" sizes=\"(max-width: 990px) 100vw, 990px\" \/><\/figure>\n\n\n\n<p>San Antonio de la Cal, Oax. 30 de diciembre de 2023.- La titular de la Secretar\u00eda de Movilidad (Semovi), Claudina de Gyves Mendoza dio a conocer que en los 45 m\u00f3dulos de atenci\u00f3n instalados en las ocho regiones del estado se cuentan con placas y tarjetas de circulaci\u00f3n suficientes para atender la demanda de las y los usuarios.<\/p>\n\n\n\n<p>La secretaria puntualiz\u00f3 que desde el inicio de la administraci\u00f3n se ha brindado certeza a las personas contribuyentes para que realicen sus tr\u00e1mites de placas y tarjetas de circulaci\u00f3n, aun cuando se recibi\u00f3 un d\u00e9ficit de materiales heredado de la administraci\u00f3n pasada y que se solvent\u00f3 a la brevedad.<\/p>\n\n\n\n<p>De tal manera, dijo, desde el mes de junio que se present\u00f3 el nuevo dise\u00f1o de placas acorde a la administraci\u00f3n actual, no se ha dejado de tener insumos en existencia que les permita a las y los contribuyentes dar legalidad a sus unidades.<\/p>\n\n\n\n<p>Esa suficiencia de placas, detall\u00f3, permiti\u00f3 que de enero a noviembre se atendieran 314 mil 539 tr\u00e1mites de emplacamiento, cinco por ciento m\u00e1s de los tr\u00e1mites atendidos en 2022.<\/p>\n\n\n\n<p>Explic\u00f3 que actualmente se cuenta con placas y tarjetas de circulaci\u00f3n para cubrir las modalidades de transporte privado autom\u00f3vil, p\u00fablico autom\u00f3vil, privado motocicleta, p\u00fablico motocicleta, privado para personas con discapacidad, privado remolque, privado autob\u00fas, p\u00fablico autob\u00fas, privado cami\u00f3n y p\u00fablico cami\u00f3n.<\/p>\n\n\n\n<p>De Gyves Mendoza enfatiz\u00f3 que se les recomienda a las personas usuarias realizar sus tr\u00e1mites personalmente y no utilizar intermediarios que dificulten este proceso y les realicen cobros indebidos. \u201cEn la Semovi se les brinda el acompa\u00f1amiento para facilitar los requisitos y procesos\u201d, dijo.<\/p>\n\n\n\n<p>Indic\u00f3 que para comodidad y mayor seguridad la atenci\u00f3n se brinda a trav\u00e9s de citas que pueden obtenerse en la liga https:\/\/citas.semovioaxaca.gob.mx\/cita<\/p>\n\n\n\n<p>En el caso del m\u00f3dulo ubicado en la Avenida Carlos Gracida se atiende tambi\u00e9n a solicitud de turnos y en todos los m\u00f3dulos restantes del estado si existe baja afluencia de citas se brinda la atenci\u00f3n a quien lo solicita.<\/p>\n\n\n\n<p>\u201cLa Semovi redobla esfuerzos para transformar los procesos de atenci\u00f3n, vigilando que se eliminen viejas pr\u00e1cticas y garantizando que se otorgue la mayor calidad en este servicio a todas las personas usuarias por igual\u201d, finaliz\u00f3. <code>-0-<\/code><\/p>\n","protected":false},"excerpt":{"rendered":"<p>* Para atender demanda de personas usuarias San Antonio de la Cal, Oax. 30 de&#8230;<\/p>\n","protected":false},"author":4,"featured_media":22890,"comment_status":"","ping_status":"open","sticky":false,"template":"","format":"standard","meta":{"footnotes":""},"categories":[9],"tags":[],"jetpack_sharing_enabled":true,"featured_image_urls":{"full":["https:\/\/contextoanalisisperiodistico.com\/wp-content\/uploads\/2023\/12\/IMG-20231230-WA0018.jpg",990,660,false],"thumbnail":["https:\/\/contextoanalisisperiodistico.com\/wp-content\/uploads\/2023\/12\/IMG-20231230-WA0018-150x150.jpg",150,150,true],"medium":["https:\/\/contextoanalisisperiodistico.com\/wp-content\/uploads\/2023\/12\/IMG-20231230-WA0018-300x200.jpg",300,200,true],"medium_large":["https:\/\/contextoanalisisperiodistico.com\/wp-content\/uploads\/2023\/12\/IMG-20231230-WA0018-768x512.jpg",640,427,true],"large":["https:\/\/contextoanalisisperiodistico.com\/wp-content\/uploads\/2023\/12\/IMG-20231230-WA0018.jpg",640,427,false],"1536x1536":["https:\/\/contextoanalisisperiodistico.com\/wp-content\/uploads\/2023\/12\/IMG-20231230-WA0018.jpg",990,660,false],"2048x2048":["https:\/\/contextoanalisisperiodistico.com\/wp-content\/uploads\/2023\/12\/IMG-20231230-WA0018.jpg",990,660,false],"covernews-slider-full":["https:\/\/contextoanalisisperiodistico.com\/wp-content\/uploads\/2023\/12\/IMG-20231230-WA0018.jpg",990,660,false],"covernews-slider-center":["https:\/\/contextoanalisisperiodistico.com\/wp-content\/uploads\/2023\/12\/IMG-20231230-WA0018-800x500.jpg",800,500,true],"covernews-featured":["https:\/\/contextoanalisisperiodistico.com\/wp-content\/uploads\/2023\/12\/IMG-20231230-WA0018.jpg",990,660,false],"covernews-medium":["https:\/\/contextoanalisisperiodistico.com\/wp-content\/uploads\/2023\/12\/IMG-20231230-WA0018-540x340.jpg",540,340,true],"covernews-medium-square":["https:\/\/contextoanalisisperiodistico.com\/wp-content\/uploads\/2023\/12\/IMG-20231230-WA0018-400x250.jpg",400,250,true]},"author_info":{"display_name":"Mario Gir\u00f3n","author_link":"https:\/\/contextoanalisisperiodistico.com\/index.php\/author\/director\/"},"category_info":"<a href=\"https:\/\/contextoanalisisperiodistico.com\/index.php\/category\/politica\/\" rel=\"category tag\">Pol\u00edtica<\/a>","tag_info":"Pol\u00edtica","comment_count":"0","jetpack_featured_media_url":"https:\/\/contextoanalisisperiodistico.com\/wp-content\/uploads\/2023\/12\/IMG-20231230-WA0018.jpg","_links":{"self":[{"href":"https:\/\/contextoanalisisperiodistico.com\/index.php\/wp-json\/wp\/v2\/posts\/22892"}],"collection":[{"href":"https:\/\/contextoanalisisperiodistico.com\/index.php\/wp-json\/wp\/v2\/posts"}],"about":[{"href":"https:\/\/contextoanalisisperiodistico.com\/index.php\/wp-json\/wp\/v2\/types\/post"}],"author":[{"embeddable":true,"href":"https:\/\/contextoanalisisperiodistico.com\/index.php\/wp-json\/wp\/v2\/users\/4"}],"replies":[{"embeddable":true,"href":"https:\/\/contextoanalisisperiodistico.com\/index.php\/wp-json\/wp\/v2\/comments?post=22892"}],"version-history":[{"count":0,"href":"https:\/\/contextoanalisisperiodistico.com\/index.php\/wp-json\/wp\/v2\/posts\/22892\/revisions"}],"wp:featuredmedia":[{"embeddable":true,"href":"https:\/\/contextoanalisisperiodistico.com\/index.php\/wp-json\/wp\/v2\/media\/22890"}],"wp:attachment":[{"href":"https:\/\/contextoanalisisperiodistico.com\/index.php\/wp-json\/wp\/v2\/media?parent=22892"}],"wp:term":[{"taxonomy":"category","embeddable":true,"href":"https:\/\/contextoanalisisperiodistico.com\/index.php\/wp-json\/wp\/v2\/categories?post=22892"},{"taxonomy":"post_tag","embeddable":true,"href":"https:\/\/contextoanalisisperiodistico.com\/index.php\/wp-json\/wp\/v2\/tags?post=22892"}],"curies":[{"name":"wp","href":"https:\/\/api.w.org\/{rel}","templated":true}]}}