{"id":22875,"date":"2023-12-29T22:21:21","date_gmt":"2023-12-30T04:21:21","guid":{"rendered":"https:\/\/contextoanalisisperiodistico.com\/index.php\/2023\/12\/29\/buenas-noticias-economicas-de-fin-de-ano-al-personal-del-sutcobao\/"},"modified":"2023-12-29T22:25:28","modified_gmt":"2023-12-30T04:25:28","slug":"buenas-noticias-economicas-de-fin-de-ano-al-personal-del-sutcobao","status":"publish","type":"post","link":"https:\/\/contextoanalisisperiodistico.com\/index.php\/2023\/12\/29\/buenas-noticias-economicas-de-fin-de-ano-al-personal-del-sutcobao\/","title":{"rendered":"Buena noticia econ\u00f3mica de fin de a\u00f1o al personal del SUTCOBAO"},"content":{"rendered":"<div id=\"fb-root\"><\/div>\n\n<p>*La pol\u00edtica de gestor\u00eda en la Federaci\u00f3n del gobernador Salom\u00f3n Jara, reforzada con la movilizaci\u00f3n y otros ejemplos de lucha a nivel nacional y local, har\u00e1 posible que ma\u00f1ana los afiliados al Sutcobao Oaxaca cobren el incremento salarial pendiente, retroactivo al 1 de febrero 2023<\/p>\n\n\n\n<p>Oaxaca de Ju\u00e1rez Oax., a 29 de diciembre del 2023 &#8211; El Comit\u00e9 Ejecutivo del SUTCOBAO, informa a toda la comunidad del COBAO que el d\u00eda de ayer jueves por la tarde, la Direcci\u00f3n General nos comunic\u00f3 que la Federaci\u00f3n acababa de notificarles el env\u00edo del recurso de pol\u00edtica salarial 2023 que le corresponde y, de inmediato se inici\u00f3 con los tr\u00e1mites ante la Secretaria de Finanzas Estatal, por lo que hoy viernes 29 de diciembre se continuar\u00e1 con los procesos administrativos que posibiliten la dispersi\u00f3n del pago del incremento salarial pendiente, retroactivo al 1 de febrero 2023, que con certeza se ver\u00e1 reflejado en las cuentas individuales de los trabajadores, el d\u00eda de ma\u00f1ana s\u00e1bado 30 de diciembre; considerando el exceso de movimientos en los bancos con motivo del cierre de a\u00f1o.<\/p>\n\n\n\n<p>&nbsp;<\/p>\n\n\n\n<p>Es de reconocer la voluntad y capacidad de gesti\u00f3n de la parte directiva que ha mantenido una permanente comunicaci\u00f3n con la SEMS y con nosotros como representantes de los trabajadores, pero tambi\u00e9n del Gobierno del Estado a cargo del Ing. Salom\u00f3n Jara, por el apoyo para agilizar los tr\u00e1mites y hacer posible este pago en el 2023.<\/p>\n\n\n\n<p>&nbsp;<\/p>\n\n\n\n<p><\/p>\n\n\n\n<figure class=\"wp-block-image size-large\"><img fetchpriority=\"high\" decoding=\"async\" width=\"205\" height=\"938\" src=\"https:\/\/contextoanalisisperiodistico.com\/wp-content\/uploads\/2023\/12\/screenshot_20231229_170930_word4714456425533313009.jpg\" alt=\"\" class=\"wp-image-22874\"\/><\/figure>\n\n\n\n<p>Por lo que: compa\u00f1eras y compa\u00f1eros del SUTCOBAO, reciban un fraternal saludo, no sin antes agradecerles la confianza y solidaridad brindada al Comit\u00e9 Ejecutivo para superar el reto que nos impuso el at\u00edpico proceso de revisi\u00f3n salarial 2023 que en todo momento tuvo como limitante, la aportaci\u00f3n del recurso federal.<\/p>\n\n\n\n<p>&nbsp;<\/p>\n\n\n\n<p>Que sigan disfrutando al m\u00e1ximo de estas fiestas de fin de a\u00f1o en compa\u00f1\u00eda de sus seres queridos y as\u00ed mismo se les desea, que el 2024 pr\u00f3ximo a iniciar; les provea de salud y de todo lo que se propongan en aras del bienestar personal y familiar.<\/p>\n\n\n\n<p>&nbsp;<\/p>\n\n\n\n<p><\/p>\n\n\n\n<p><\/p>\n\n\n\n<p>&nbsp;<\/p>\n","protected":false},"excerpt":{"rendered":"<p>*La pol\u00edtica de gestor\u00eda en la Federaci\u00f3n del gobernador Salom\u00f3n Jara, reforzada con la movilizaci\u00f3n&#8230;<\/p>\n","protected":false},"author":4,"featured_media":22873,"comment_status":"closed","ping_status":"open","sticky":false,"template":"","format":"standard","meta":{"footnotes":""},"categories":[91],"tags":[],"jetpack_sharing_enabled":true,"featured_image_urls":{"full":["https:\/\/contextoanalisisperiodistico.com\/wp-content\/uploads\/2023\/12\/Screenshot_20231229_221349_Photos.jpg",378,151,false],"thumbnail":["https:\/\/contextoanalisisperiodistico.com\/wp-content\/uploads\/2023\/12\/Screenshot_20231229_221349_Photos-150x150.jpg",150,150,true],"medium":["https:\/\/contextoanalisisperiodistico.com\/wp-content\/uploads\/2023\/12\/Screenshot_20231229_221349_Photos-300x120.jpg",300,120,true],"medium_large":["https:\/\/contextoanalisisperiodistico.com\/wp-content\/uploads\/2023\/12\/Screenshot_20231229_221349_Photos.jpg",378,151,false],"large":["https:\/\/contextoanalisisperiodistico.com\/wp-content\/uploads\/2023\/12\/Screenshot_20231229_221349_Photos.jpg",378,151,false],"1536x1536":["https:\/\/contextoanalisisperiodistico.com\/wp-content\/uploads\/2023\/12\/Screenshot_20231229_221349_Photos.jpg",378,151,false],"2048x2048":["https:\/\/contextoanalisisperiodistico.com\/wp-content\/uploads\/2023\/12\/Screenshot_20231229_221349_Photos.jpg",378,151,false],"covernews-slider-full":["https:\/\/contextoanalisisperiodistico.com\/wp-content\/uploads\/2023\/12\/Screenshot_20231229_221349_Photos.jpg",378,151,false],"covernews-slider-center":["https:\/\/contextoanalisisperiodistico.com\/wp-content\/uploads\/2023\/12\/Screenshot_20231229_221349_Photos.jpg",378,151,false],"covernews-featured":["https:\/\/contextoanalisisperiodistico.com\/wp-content\/uploads\/2023\/12\/Screenshot_20231229_221349_Photos.jpg",378,151,false],"covernews-medium":["https:\/\/contextoanalisisperiodistico.com\/wp-content\/uploads\/2023\/12\/Screenshot_20231229_221349_Photos.jpg",378,151,false],"covernews-medium-square":["https:\/\/contextoanalisisperiodistico.com\/wp-content\/uploads\/2023\/12\/Screenshot_20231229_221349_Photos.jpg",378,151,false]},"author_info":{"display_name":"Mario Gir\u00f3n","author_link":"https:\/\/contextoanalisisperiodistico.com\/index.php\/author\/director\/"},"category_info":"<a href=\"https:\/\/contextoanalisisperiodistico.com\/index.php\/category\/educacion\/\" rel=\"category tag\">Educaci\u00f3n<\/a>","tag_info":"Educaci\u00f3n","comment_count":"0","jetpack_featured_media_url":"https:\/\/contextoanalisisperiodistico.com\/wp-content\/uploads\/2023\/12\/Screenshot_20231229_221349_Photos.jpg","_links":{"self":[{"href":"https:\/\/contextoanalisisperiodistico.com\/index.php\/wp-json\/wp\/v2\/posts\/22875"}],"collection":[{"href":"https:\/\/contextoanalisisperiodistico.com\/index.php\/wp-json\/wp\/v2\/posts"}],"about":[{"href":"https:\/\/contextoanalisisperiodistico.com\/index.php\/wp-json\/wp\/v2\/types\/post"}],"author":[{"embeddable":true,"href":"https:\/\/contextoanalisisperiodistico.com\/index.php\/wp-json\/wp\/v2\/users\/4"}],"replies":[{"embeddable":true,"href":"https:\/\/contextoanalisisperiodistico.com\/index.php\/wp-json\/wp\/v2\/comments?post=22875"}],"version-history":[{"count":1,"href":"https:\/\/contextoanalisisperiodistico.com\/index.php\/wp-json\/wp\/v2\/posts\/22875\/revisions"}],"predecessor-version":[{"id":22878,"href":"https:\/\/contextoanalisisperiodistico.com\/index.php\/wp-json\/wp\/v2\/posts\/22875\/revisions\/22878"}],"wp:featuredmedia":[{"embeddable":true,"href":"https:\/\/contextoanalisisperiodistico.com\/index.php\/wp-json\/wp\/v2\/media\/22873"}],"wp:attachment":[{"href":"https:\/\/contextoanalisisperiodistico.com\/index.php\/wp-json\/wp\/v2\/media?parent=22875"}],"wp:term":[{"taxonomy":"category","embeddable":true,"href":"https:\/\/contextoanalisisperiodistico.com\/index.php\/wp-json\/wp\/v2\/categories?post=22875"},{"taxonomy":"post_tag","embeddable":true,"href":"https:\/\/contextoanalisisperiodistico.com\/index.php\/wp-json\/wp\/v2\/tags?post=22875"}],"curies":[{"name":"wp","href":"https:\/\/api.w.org\/{rel}","templated":true}]}}