{"id":22864,"date":"2023-12-29T13:44:28","date_gmt":"2023-12-29T19:44:28","guid":{"rendered":"https:\/\/contextoanalisisperiodistico.com\/index.php\/2023\/12\/29\/reconocen-al-municipio-de-oaxaca-de-juarez-por-buen-manejo-de-sus-finanzas-publicas\/"},"modified":"2023-12-29T13:44:28","modified_gmt":"2023-12-29T19:44:28","slug":"reconocen-al-municipio-de-oaxaca-de-juarez-por-buen-manejo-de-sus-finanzas-publicas","status":"publish","type":"post","link":"https:\/\/contextoanalisisperiodistico.com\/index.php\/2023\/12\/29\/reconocen-al-municipio-de-oaxaca-de-juarez-por-buen-manejo-de-sus-finanzas-publicas\/","title":{"rendered":"Reconocen al Municipio de Oaxaca de Ju\u00e1rez por buen manejo de sus finanzas p\u00fablicas"},"content":{"rendered":"<div id=\"fb-root\"><\/div>\n\n<p>Oaxaca de Ju\u00e1rez.&nbsp;Oax., 29 de diciembre de 2023. Debido a que en los \u00faltimos dos a\u00f1os la administraci\u00f3n municipal encabezada por Francisco Mart\u00ednez Neri redujo la deuda p\u00fablica, adem\u00e1s de haber manejado el presupuesto con eficiencia y austeridad, la calificadora HR Ratings, empresa con presencia mundial, dedicada a evaluar el riesgo crediticio de gobiernos nacionales, estatales y municipales, otorg\u00f3 la calificaci\u00f3n \u00abHR-A\u00bb lo que implica buenas noticias para el gobierno de la ciudad.&nbsp;<\/p>\n\n\n\n<p>Las finanzas del Municipio se han manejado con sensatez al no haber adquirido deuda adicional a la existente y, por el contrario, gracias a un manejo eficaz de los recursos se report\u00f3 al final del 2022, una mayor existencia de Ingresos de Libre Disposici\u00f3n, lo que quiere decir que se liberaron recursos que antes se ocupaban para pagar deuda y ahora se destinan a obra p\u00fablica, servicios generales y equipamiento que mejoran la vida de los habitantes del municipio.<\/p>\n\n\n\n<p>HR Ratings revel\u00f3 que la calificaci\u00f3n positiva de Oaxaca de Ju\u00e1rez tiene que ver con una mejora en la recaudaci\u00f3n local, lo que quiere decir que gracias al que el ciudadano percibe una administraci\u00f3n honesta, m\u00e1s personas acudieron a pagar sus contribuciones y con ello aumentaron los ingresos propios del gobierno, esto a su vez se ve reflejado en mayores asignaciones de recursos por parte del gobierno federal.<\/p>\n\n\n\n<p>Por su parte, el Presidente Municipal, Francisco Mart\u00ednez Neri, destac\u00f3 que, a pesar de los desaf\u00edos como el cierre del tiradero de Zaachila, que ha aumentado significativamente los gastos asociados al manejo de residuos s\u00f3lidos, as\u00ed como las deudas heredadas y del fondo de pensiones, la administraci\u00f3n ha sabido manejar estas situaciones sin recurrir a nuevos endeudamientos.<\/p>\n\n\n\n<p>Mart\u00ednez Neri resalt\u00f3 el importante aumento en la recaudaci\u00f3n municipal como indicador de la confianza de la ciudadan\u00eda en el gobierno. Enfatiz\u00f3 la importancia de cerrar el ejercicio fiscal sin dejar deuda alguna, estableciendo un precedente de gesti\u00f3n ejemplar para las futuras administraciones municipales.<\/p>\n\n\n\n<p>HR Ratings estim\u00f3 para el 2023 un incremento en los Ingresos de Libre Disposici\u00f3n del Municipio derivado de un alza en participaciones federales, as\u00ed como un mayor dinamismo en la recaudaci\u00f3n local. Se tiene proyectado que estos ingresos se apliquen al concluir proyectos de obra p\u00fablica.<\/p>\n\n\n\n<p>La calificadora anticipa que \u201cde seguir con el manejo adecuado actual, para el 2024 y el 2025, el gasto de inversi\u00f3n disminuya ligeramente, mientras que la tendencia positiva en los Ingresos de Libre Disposici\u00f3n se mantendr\u00eda, con lo cual se proyectan finanzas sanas el mediano y largo plazo\u201d.<\/p>\n\n\n\n<p>La s\u00f3lida gesti\u00f3n financiera del Municipio de Oaxaca de Ju\u00e1rez reflejada en esta calificaci\u00f3n es un testimonio del compromiso con la transparencia, la eficiencia y la responsabilidad en la administraci\u00f3n de recursos, estableciendo un est\u00e1ndar de excelencia para el manejo fiscal municipal, acciones que se traducen en beneficio y bienestar para las y los ciudadanos de Oaxaca de Ju\u00e1rez.<\/p>\n","protected":false},"excerpt":{"rendered":"<p>Oaxaca de Ju\u00e1rez.&nbsp;Oax., 29 de diciembre de 2023. Debido a que en los \u00faltimos dos&#8230;<\/p>\n","protected":false},"author":4,"featured_media":22863,"comment_status":"","ping_status":"open","sticky":false,"template":"","format":"standard","meta":{"footnotes":""},"categories":[9],"tags":[],"jetpack_sharing_enabled":true,"featured_image_urls":{"full":["https:\/\/contextoanalisisperiodistico.com\/wp-content\/uploads\/2023\/12\/999963EF-25B5-4A9B-9F33-161CB62FA200.jpeg",1616,1080,false],"thumbnail":["https:\/\/contextoanalisisperiodistico.com\/wp-content\/uploads\/2023\/12\/999963EF-25B5-4A9B-9F33-161CB62FA200-150x150.jpeg",150,150,true],"medium":["https:\/\/contextoanalisisperiodistico.com\/wp-content\/uploads\/2023\/12\/999963EF-25B5-4A9B-9F33-161CB62FA200-300x200.jpeg",300,200,true],"medium_large":["https:\/\/contextoanalisisperiodistico.com\/wp-content\/uploads\/2023\/12\/999963EF-25B5-4A9B-9F33-161CB62FA200-768x513.jpeg",640,428,true],"large":["https:\/\/contextoanalisisperiodistico.com\/wp-content\/uploads\/2023\/12\/999963EF-25B5-4A9B-9F33-161CB62FA200-1024x684.jpeg",640,428,true],"1536x1536":["https:\/\/contextoanalisisperiodistico.com\/wp-content\/uploads\/2023\/12\/999963EF-25B5-4A9B-9F33-161CB62FA200-1536x1027.jpeg",1536,1027,true],"2048x2048":["https:\/\/contextoanalisisperiodistico.com\/wp-content\/uploads\/2023\/12\/999963EF-25B5-4A9B-9F33-161CB62FA200.jpeg",1616,1080,false],"covernews-slider-full":["https:\/\/contextoanalisisperiodistico.com\/wp-content\/uploads\/2023\/12\/999963EF-25B5-4A9B-9F33-161CB62FA200-1115x715.jpeg",1115,715,true],"covernews-slider-center":["https:\/\/contextoanalisisperiodistico.com\/wp-content\/uploads\/2023\/12\/999963EF-25B5-4A9B-9F33-161CB62FA200-800x500.jpeg",800,500,true],"covernews-featured":["https:\/\/contextoanalisisperiodistico.com\/wp-content\/uploads\/2023\/12\/999963EF-25B5-4A9B-9F33-161CB62FA200-1024x684.jpeg",1024,684,true],"covernews-medium":["https:\/\/contextoanalisisperiodistico.com\/wp-content\/uploads\/2023\/12\/999963EF-25B5-4A9B-9F33-161CB62FA200-540x340.jpeg",540,340,true],"covernews-medium-square":["https:\/\/contextoanalisisperiodistico.com\/wp-content\/uploads\/2023\/12\/999963EF-25B5-4A9B-9F33-161CB62FA200-400x250.jpeg",400,250,true]},"author_info":{"display_name":"Mario Gir\u00f3n","author_link":"https:\/\/contextoanalisisperiodistico.com\/index.php\/author\/director\/"},"category_info":"<a href=\"https:\/\/contextoanalisisperiodistico.com\/index.php\/category\/politica\/\" rel=\"category tag\">Pol\u00edtica<\/a>","tag_info":"Pol\u00edtica","comment_count":"0","jetpack_featured_media_url":"https:\/\/contextoanalisisperiodistico.com\/wp-content\/uploads\/2023\/12\/999963EF-25B5-4A9B-9F33-161CB62FA200.jpeg","_links":{"self":[{"href":"https:\/\/contextoanalisisperiodistico.com\/index.php\/wp-json\/wp\/v2\/posts\/22864"}],"collection":[{"href":"https:\/\/contextoanalisisperiodistico.com\/index.php\/wp-json\/wp\/v2\/posts"}],"about":[{"href":"https:\/\/contextoanalisisperiodistico.com\/index.php\/wp-json\/wp\/v2\/types\/post"}],"author":[{"embeddable":true,"href":"https:\/\/contextoanalisisperiodistico.com\/index.php\/wp-json\/wp\/v2\/users\/4"}],"replies":[{"embeddable":true,"href":"https:\/\/contextoanalisisperiodistico.com\/index.php\/wp-json\/wp\/v2\/comments?post=22864"}],"version-history":[{"count":0,"href":"https:\/\/contextoanalisisperiodistico.com\/index.php\/wp-json\/wp\/v2\/posts\/22864\/revisions"}],"wp:featuredmedia":[{"embeddable":true,"href":"https:\/\/contextoanalisisperiodistico.com\/index.php\/wp-json\/wp\/v2\/media\/22863"}],"wp:attachment":[{"href":"https:\/\/contextoanalisisperiodistico.com\/index.php\/wp-json\/wp\/v2\/media?parent=22864"}],"wp:term":[{"taxonomy":"category","embeddable":true,"href":"https:\/\/contextoanalisisperiodistico.com\/index.php\/wp-json\/wp\/v2\/categories?post=22864"},{"taxonomy":"post_tag","embeddable":true,"href":"https:\/\/contextoanalisisperiodistico.com\/index.php\/wp-json\/wp\/v2\/tags?post=22864"}],"curies":[{"name":"wp","href":"https:\/\/api.w.org\/{rel}","templated":true}]}}