{"id":22860,"date":"2023-12-29T03:04:10","date_gmt":"2023-12-29T09:04:10","guid":{"rendered":"https:\/\/contextoanalisisperiodistico.com\/index.php\/2023\/12\/29\/para-salvaguardar-seguridad-de-las-familias-operativo-contra-pirotecnia-ilegal\/"},"modified":"2023-12-29T03:04:10","modified_gmt":"2023-12-29T09:04:10","slug":"para-salvaguardar-seguridad-de-las-familias-operativo-contra-pirotecnia-ilegal","status":"publish","type":"post","link":"https:\/\/contextoanalisisperiodistico.com\/index.php\/2023\/12\/29\/para-salvaguardar-seguridad-de-las-familias-operativo-contra-pirotecnia-ilegal\/","title":{"rendered":"<em>Para salvaguardar seguridad de las familias, operativo contra pirotecnia ilegal<\/em>"},"content":{"rendered":"<div id=\"fb-root\"><\/div>\n\n<p>Con el fin de salvaguardar la seguridad de las familias oaxaque\u00f1as y evitar accidentes particularmente en ni\u00f1as y ni\u00f1os, el gobierno municipal, a trav\u00e9s de la Secretar\u00eda de Seguridad Ciudadana, Movilidad y Protecci\u00f3n Civil llevan a cabo operativos en contra de la venta ilegal de pirotecnia en las inmediaciones del mercado de Abasto.<\/p>\n\n\n\n<figure class=\"wp-block-image size-large\"><img fetchpriority=\"high\" decoding=\"async\" width=\"709\" height=\"1024\" src=\"https:\/\/contextoanalisisperiodistico.com\/wp-content\/uploads\/2023\/12\/screenshot_20231229_025952_youtube2776038938765901726-709x1024.jpg\" alt=\"\" class=\"wp-image-22859\" srcset=\"https:\/\/contextoanalisisperiodistico.com\/wp-content\/uploads\/2023\/12\/screenshot_20231229_025952_youtube2776038938765901726-709x1024.jpg 709w, https:\/\/contextoanalisisperiodistico.com\/wp-content\/uploads\/2023\/12\/screenshot_20231229_025952_youtube2776038938765901726-208x300.jpg 208w, https:\/\/contextoanalisisperiodistico.com\/wp-content\/uploads\/2023\/12\/screenshot_20231229_025952_youtube2776038938765901726.jpg 720w\" sizes=\"(max-width: 709px) 100vw, 709px\" \/><\/figure>\n\n\n\n<p>Otro de los objetivos de esta acci\u00f3n es prevenir posibles accidentes en una zona de alta afluencia durante estas festividades.<\/p>\n\n\n\n<p>El operativo fue resultado de denuncias de comerciantes sobre la presencia de puestos ofreciendo pirotecnia. Este riesgo no solo afecta a los comerciantes, sino tambi\u00e9n representa una amenaza para la ciudadan\u00eda en general. Hemos visto lo que polvorines de esta naturaleza pueden ocasionar si no se toman decisiones firmes.<\/p>\n\n\n\n<p>Por otro lado, hacemos el llamado al di\u00e1logo a los comerciantes que venden estos tipos de productos ilegales como principal v\u00eda de comunicaci\u00f3n a fin de evitar perjudicar a terceros.<\/p>\n\n\n\n<p>El gobierno municipal de Oaxaca de Ju\u00e1rez reafirma su compromiso con la protecci\u00f3n y seguridad de los habitantes de este municipio, y su actuar ser\u00e1 siempre en pro de un entorno m\u00e1s seguro y tranquilo para todas y todos.<\/p>\n\n\n\n<p>Se env\u00eda el presente comunicado con fines informativos y atendiendo a la naturaleza del mismo, NO implica una orden de inserci\u00f3n.<\/p>\n","protected":false},"excerpt":{"rendered":"<p>Con el fin de salvaguardar la seguridad de las familias oaxaque\u00f1as y evitar accidentes particularmente&#8230;<\/p>\n","protected":false},"author":4,"featured_media":22858,"comment_status":"","ping_status":"open","sticky":false,"template":"","format":"standard","meta":{"footnotes":""},"categories":[9],"tags":[],"jetpack_sharing_enabled":true,"featured_image_urls":{"full":["https:\/\/contextoanalisisperiodistico.com\/wp-content\/uploads\/2023\/12\/Screenshot_20231229_025934_YouTube.jpg",616,897,false],"thumbnail":["https:\/\/contextoanalisisperiodistico.com\/wp-content\/uploads\/2023\/12\/Screenshot_20231229_025934_YouTube-150x150.jpg",150,150,true],"medium":["https:\/\/contextoanalisisperiodistico.com\/wp-content\/uploads\/2023\/12\/Screenshot_20231229_025934_YouTube-206x300.jpg",206,300,true],"medium_large":["https:\/\/contextoanalisisperiodistico.com\/wp-content\/uploads\/2023\/12\/Screenshot_20231229_025934_YouTube.jpg",616,897,false],"large":["https:\/\/contextoanalisisperiodistico.com\/wp-content\/uploads\/2023\/12\/Screenshot_20231229_025934_YouTube.jpg",616,897,false],"1536x1536":["https:\/\/contextoanalisisperiodistico.com\/wp-content\/uploads\/2023\/12\/Screenshot_20231229_025934_YouTube.jpg",616,897,false],"2048x2048":["https:\/\/contextoanalisisperiodistico.com\/wp-content\/uploads\/2023\/12\/Screenshot_20231229_025934_YouTube.jpg",616,897,false],"covernews-slider-full":["https:\/\/contextoanalisisperiodistico.com\/wp-content\/uploads\/2023\/12\/Screenshot_20231229_025934_YouTube-616x715.jpg",616,715,true],"covernews-slider-center":["https:\/\/contextoanalisisperiodistico.com\/wp-content\/uploads\/2023\/12\/Screenshot_20231229_025934_YouTube-616x500.jpg",616,500,true],"covernews-featured":["https:\/\/contextoanalisisperiodistico.com\/wp-content\/uploads\/2023\/12\/Screenshot_20231229_025934_YouTube.jpg",616,897,false],"covernews-medium":["https:\/\/contextoanalisisperiodistico.com\/wp-content\/uploads\/2023\/12\/Screenshot_20231229_025934_YouTube-540x340.jpg",540,340,true],"covernews-medium-square":["https:\/\/contextoanalisisperiodistico.com\/wp-content\/uploads\/2023\/12\/Screenshot_20231229_025934_YouTube-400x250.jpg",400,250,true]},"author_info":{"display_name":"Mario Gir\u00f3n","author_link":"https:\/\/contextoanalisisperiodistico.com\/index.php\/author\/director\/"},"category_info":"<a href=\"https:\/\/contextoanalisisperiodistico.com\/index.php\/category\/politica\/\" rel=\"category tag\">Pol\u00edtica<\/a>","tag_info":"Pol\u00edtica","comment_count":"0","jetpack_featured_media_url":"https:\/\/contextoanalisisperiodistico.com\/wp-content\/uploads\/2023\/12\/Screenshot_20231229_025934_YouTube.jpg","_links":{"self":[{"href":"https:\/\/contextoanalisisperiodistico.com\/index.php\/wp-json\/wp\/v2\/posts\/22860"}],"collection":[{"href":"https:\/\/contextoanalisisperiodistico.com\/index.php\/wp-json\/wp\/v2\/posts"}],"about":[{"href":"https:\/\/contextoanalisisperiodistico.com\/index.php\/wp-json\/wp\/v2\/types\/post"}],"author":[{"embeddable":true,"href":"https:\/\/contextoanalisisperiodistico.com\/index.php\/wp-json\/wp\/v2\/users\/4"}],"replies":[{"embeddable":true,"href":"https:\/\/contextoanalisisperiodistico.com\/index.php\/wp-json\/wp\/v2\/comments?post=22860"}],"version-history":[{"count":0,"href":"https:\/\/contextoanalisisperiodistico.com\/index.php\/wp-json\/wp\/v2\/posts\/22860\/revisions"}],"wp:featuredmedia":[{"embeddable":true,"href":"https:\/\/contextoanalisisperiodistico.com\/index.php\/wp-json\/wp\/v2\/media\/22858"}],"wp:attachment":[{"href":"https:\/\/contextoanalisisperiodistico.com\/index.php\/wp-json\/wp\/v2\/media?parent=22860"}],"wp:term":[{"taxonomy":"category","embeddable":true,"href":"https:\/\/contextoanalisisperiodistico.com\/index.php\/wp-json\/wp\/v2\/categories?post=22860"},{"taxonomy":"post_tag","embeddable":true,"href":"https:\/\/contextoanalisisperiodistico.com\/index.php\/wp-json\/wp\/v2\/tags?post=22860"}],"curies":[{"name":"wp","href":"https:\/\/api.w.org\/{rel}","templated":true}]}}