{"id":22857,"date":"2023-12-28T14:02:47","date_gmt":"2023-12-28T20:02:47","guid":{"rendered":"https:\/\/contextoanalisisperiodistico.com\/index.php\/2023\/12\/28\/reitera-dif-oaxaca-invitacion-para-donar-juguetes-que-se-entregaran-el-6-de-enero\/"},"modified":"2023-12-28T14:02:47","modified_gmt":"2023-12-28T20:02:47","slug":"reitera-dif-oaxaca-invitacion-para-donar-juguetes-que-se-entregaran-el-6-de-enero","status":"publish","type":"post","link":"https:\/\/contextoanalisisperiodistico.com\/index.php\/2023\/12\/28\/reitera-dif-oaxaca-invitacion-para-donar-juguetes-que-se-entregaran-el-6-de-enero\/","title":{"rendered":"<em>Reitera DIF Oaxaca invitaci\u00f3n para donar juguetes que se entregar\u00e1n el 6 de enero<\/em>"},"content":{"rendered":"<div id=\"fb-root\"><\/div>\n\n<p>\u2022 Los donativos se reciben en las oficinas centrales del organismo ubicadas en la calle Vicente Guerrero n\u00famero 114 de la colonia Miguel Alem\u00e1n de 9:00 a 17:00 horas<\/p>\n\n\n\n<figure class=\"wp-block-image size-large\"><img fetchpriority=\"high\" decoding=\"async\" width=\"1024\" height=\"683\" src=\"https:\/\/contextoanalisisperiodistico.com\/wp-content\/uploads\/2023\/12\/img-20231228-wa0048500585287483058312-1024x683.jpg\" alt=\"\" class=\"wp-image-22856\" srcset=\"https:\/\/contextoanalisisperiodistico.com\/wp-content\/uploads\/2023\/12\/img-20231228-wa0048500585287483058312-1024x683.jpg 1024w, https:\/\/contextoanalisisperiodistico.com\/wp-content\/uploads\/2023\/12\/img-20231228-wa0048500585287483058312-300x200.jpg 300w, https:\/\/contextoanalisisperiodistico.com\/wp-content\/uploads\/2023\/12\/img-20231228-wa0048500585287483058312-768x512.jpg 768w, https:\/\/contextoanalisisperiodistico.com\/wp-content\/uploads\/2023\/12\/img-20231228-wa0048500585287483058312.jpg 1079w\" sizes=\"(max-width: 1024px) 100vw, 1024px\" \/><\/figure>\n\n\n\n<p>Oaxaca de Ju\u00e1rez, Oax. 28 de diciembre de 2023.- La mayor ilusi\u00f3n de una ni\u00f1a o ni\u00f1o es recibir un juguete el 6 de enero, por ello, el Sistema para el Desarrollo Integral de la Familia (DIF) Oaxaca retira la invitaci\u00f3n a las empresas, funcionariado y ciudadan\u00eda en general a sumarse a la campa\u00f1a Tangu Y\u00fa 2023, dona un juguete, regala una sonrisa, la cual estar\u00e1 vigente hasta el jueves 4 de enero de 2024.<\/p>\n\n\n\n<p>Lo importante de esta campa\u00f1a es que las personas pueden compartir alegr\u00eda con las ni\u00f1as y ni\u00f1os que habitan en las localidades lejanas, sin importar el n\u00famero de juguetes que obsequien, ya que su donativo marcar\u00e1 la diferencia para lograr la meta de llevar cari\u00f1o e ilusi\u00f3n a donde m\u00e1s se necesita.<\/p>\n\n\n\n<p>Recientemente la empresa Unillantas de Oaxaca respondi\u00f3 a este llamado que se extiende a todas las oaxaque\u00f1as y oaxaque\u00f1os que est\u00e9n en posibilidades de sumar con su granito de arena para hacer efectivo el derecho al juego y al esparcimiento de las ni\u00f1as y ni\u00f1os que habitan en las ocho regiones del estado.<\/p>\n\n\n\n<p>De esta manera el Sistema DIF Oaxaca pide que los juguetes sean tradicionales, did\u00e1cticos, de mesa, entre otros, siempre y cuando no requieran el uso de bater\u00edas y no sean de contenido b\u00e9lico.<\/p>\n\n\n\n<p>Para ello se dispone de un contenedor en las oficinas de la Direcci\u00f3n de Vinculaci\u00f3n del edificio central del organismo, localizadas en la calle Vicente Guerrero n\u00famero 114 de la colonia Miguel Alem\u00e1n en la capital oaxaque\u00f1a, de lunes a viernes en un horario de 9:00 a 17:00 horas.<\/p>\n\n\n\n<p>Con esta campa\u00f1a que inici\u00f3 el 18 de diciembre el Sistema DIF Oaxaca busca brindar alegr\u00eda a la ni\u00f1ez que habita en localidades apartadas y de dif\u00edcil acceso, el 6 de enero de 2024, fecha en la que en el pa\u00eds se celebra la tradici\u00f3n de la llegada de los Reyes Magos.<br \/>-0-<\/p>\n","protected":false},"excerpt":{"rendered":"<p>\u2022 Los donativos se reciben en las oficinas centrales del organismo ubicadas en la calle&#8230;<\/p>\n","protected":false},"author":4,"featured_media":22855,"comment_status":"","ping_status":"open","sticky":false,"template":"","format":"standard","meta":{"footnotes":""},"categories":[3],"tags":[],"jetpack_sharing_enabled":true,"featured_image_urls":{"full":["https:\/\/contextoanalisisperiodistico.com\/wp-content\/uploads\/2023\/12\/IMG-20231228-WA0047.jpg",1080,1080,false],"thumbnail":["https:\/\/contextoanalisisperiodistico.com\/wp-content\/uploads\/2023\/12\/IMG-20231228-WA0047-150x150.jpg",150,150,true],"medium":["https:\/\/contextoanalisisperiodistico.com\/wp-content\/uploads\/2023\/12\/IMG-20231228-WA0047-300x300.jpg",300,300,true],"medium_large":["https:\/\/contextoanalisisperiodistico.com\/wp-content\/uploads\/2023\/12\/IMG-20231228-WA0047-768x768.jpg",640,640,true],"large":["https:\/\/contextoanalisisperiodistico.com\/wp-content\/uploads\/2023\/12\/IMG-20231228-WA0047-1024x1024.jpg",640,640,true],"1536x1536":["https:\/\/contextoanalisisperiodistico.com\/wp-content\/uploads\/2023\/12\/IMG-20231228-WA0047.jpg",1080,1080,false],"2048x2048":["https:\/\/contextoanalisisperiodistico.com\/wp-content\/uploads\/2023\/12\/IMG-20231228-WA0047.jpg",1080,1080,false],"covernews-slider-full":["https:\/\/contextoanalisisperiodistico.com\/wp-content\/uploads\/2023\/12\/IMG-20231228-WA0047-1080x715.jpg",1080,715,true],"covernews-slider-center":["https:\/\/contextoanalisisperiodistico.com\/wp-content\/uploads\/2023\/12\/IMG-20231228-WA0047-800x500.jpg",800,500,true],"covernews-featured":["https:\/\/contextoanalisisperiodistico.com\/wp-content\/uploads\/2023\/12\/IMG-20231228-WA0047-1024x1024.jpg",1024,1024,true],"covernews-medium":["https:\/\/contextoanalisisperiodistico.com\/wp-content\/uploads\/2023\/12\/IMG-20231228-WA0047-540x340.jpg",540,340,true],"covernews-medium-square":["https:\/\/contextoanalisisperiodistico.com\/wp-content\/uploads\/2023\/12\/IMG-20231228-WA0047-400x250.jpg",400,250,true]},"author_info":{"display_name":"Mario Gir\u00f3n","author_link":"https:\/\/contextoanalisisperiodistico.com\/index.php\/author\/director\/"},"category_info":"<a href=\"https:\/\/contextoanalisisperiodistico.com\/index.php\/category\/ciudad\/\" rel=\"category tag\">Ciudad<\/a>","tag_info":"Ciudad","comment_count":"0","jetpack_featured_media_url":"https:\/\/contextoanalisisperiodistico.com\/wp-content\/uploads\/2023\/12\/IMG-20231228-WA0047.jpg","_links":{"self":[{"href":"https:\/\/contextoanalisisperiodistico.com\/index.php\/wp-json\/wp\/v2\/posts\/22857"}],"collection":[{"href":"https:\/\/contextoanalisisperiodistico.com\/index.php\/wp-json\/wp\/v2\/posts"}],"about":[{"href":"https:\/\/contextoanalisisperiodistico.com\/index.php\/wp-json\/wp\/v2\/types\/post"}],"author":[{"embeddable":true,"href":"https:\/\/contextoanalisisperiodistico.com\/index.php\/wp-json\/wp\/v2\/users\/4"}],"replies":[{"embeddable":true,"href":"https:\/\/contextoanalisisperiodistico.com\/index.php\/wp-json\/wp\/v2\/comments?post=22857"}],"version-history":[{"count":0,"href":"https:\/\/contextoanalisisperiodistico.com\/index.php\/wp-json\/wp\/v2\/posts\/22857\/revisions"}],"wp:featuredmedia":[{"embeddable":true,"href":"https:\/\/contextoanalisisperiodistico.com\/index.php\/wp-json\/wp\/v2\/media\/22855"}],"wp:attachment":[{"href":"https:\/\/contextoanalisisperiodistico.com\/index.php\/wp-json\/wp\/v2\/media?parent=22857"}],"wp:term":[{"taxonomy":"category","embeddable":true,"href":"https:\/\/contextoanalisisperiodistico.com\/index.php\/wp-json\/wp\/v2\/categories?post=22857"},{"taxonomy":"post_tag","embeddable":true,"href":"https:\/\/contextoanalisisperiodistico.com\/index.php\/wp-json\/wp\/v2\/tags?post=22857"}],"curies":[{"name":"wp","href":"https:\/\/api.w.org\/{rel}","templated":true}]}}