{"id":22854,"date":"2023-12-28T13:05:19","date_gmt":"2023-12-28T19:05:19","guid":{"rendered":"https:\/\/contextoanalisisperiodistico.com\/index.php\/2023\/12\/28\/con-intermediacion-de-sego-resuelven-san-martin-itunyoso-y-san-jose-xochixtlan-anejo-conflicto\/"},"modified":"2023-12-28T13:05:19","modified_gmt":"2023-12-28T19:05:19","slug":"con-intermediacion-de-sego-resuelven-san-martin-itunyoso-y-san-jose-xochixtlan-anejo-conflicto","status":"publish","type":"post","link":"https:\/\/contextoanalisisperiodistico.com\/index.php\/2023\/12\/28\/con-intermediacion-de-sego-resuelven-san-martin-itunyoso-y-san-jose-xochixtlan-anejo-conflicto\/","title":{"rendered":"Con intermediaci\u00f3n de Sego, resuelven San Mart\u00edn Itunyoso y San Jos\u00e9 Xochixtl\u00e1n a\u00f1ejo conflicto"},"content":{"rendered":"<div id=\"fb-root\"><\/div>\n\n<p>\u2022 Entregan participaciones municipales a la agencia San Jos\u00e9 Xochixtl\u00e1n<br \/>\u2022 La disposici\u00f3n de ambas partes contribuir\u00e1 a la pacificaci\u00f3n de las comunidades<\/p>\n\n\n\n<figure class=\"wp-block-image size-large\"><img fetchpriority=\"high\" decoding=\"async\" width=\"1024\" height=\"575\" src=\"https:\/\/contextoanalisisperiodistico.com\/wp-content\/uploads\/2023\/12\/img-20231228-wa00435800882450545967810-1024x575.jpg\" alt=\"\" class=\"wp-image-22853\" srcset=\"https:\/\/contextoanalisisperiodistico.com\/wp-content\/uploads\/2023\/12\/img-20231228-wa00435800882450545967810-1024x575.jpg 1024w, https:\/\/contextoanalisisperiodistico.com\/wp-content\/uploads\/2023\/12\/img-20231228-wa00435800882450545967810-300x168.jpg 300w, https:\/\/contextoanalisisperiodistico.com\/wp-content\/uploads\/2023\/12\/img-20231228-wa00435800882450545967810-768x431.jpg 768w, https:\/\/contextoanalisisperiodistico.com\/wp-content\/uploads\/2023\/12\/img-20231228-wa00435800882450545967810-1536x863.jpg 1536w, https:\/\/contextoanalisisperiodistico.com\/wp-content\/uploads\/2023\/12\/img-20231228-wa00435800882450545967810.jpg 1551w\" sizes=\"(max-width: 1024px) 100vw, 1024px\" \/><\/figure>\n\n\n\n<p>Oaxaca de Ju\u00e1rez, Oax. 28 de diciembre de 2023.- Tras 17 a\u00f1os de no recibir sus participaciones municipales de los ramos 28 y 33 Fondo III, con el acompa\u00f1amiento de la Secretar\u00eda de Gobierno (Sego), el mi\u00e9rcoles 27 de diciembre, la agencia municipal San Jos\u00e9 Xochixtl\u00e1n recibi\u00f3 de su cabecera municipal San Mart\u00edn Itunyoso los recursos que le corresponden.<\/p>\n\n\n\n<p>El titular de Sego, Jes\u00fas Romero L\u00f3pez, destac\u00f3 la disposici\u00f3n de ambas partes para resolver un conflicto en beneficio de sus habitantes y de la pacificaci\u00f3n de las comunidades. Celebr\u00f3 que despu\u00e9s de casi dos d\u00e9cadas se haya logrado la resoluci\u00f3n a esta a\u00f1eja problem\u00e1tica, que debido a la falta de voluntad de las autoridades anteriores caus\u00f3 p\u00e9rdidas a las familias de la regi\u00f3n Mixteca.<\/p>\n\n\n\n<p>Subray\u00f3 que la administraci\u00f3n que encabeza el Gobernador Salom\u00f3n Jara Cruz seguir\u00e1 trabajando para garantizar la gobernabilidad, justicia y paz social en los pueblos y comunidades de Oaxaca.<\/p>\n\n\n\n<p>Como representante de la Sego estuvo presente la encargada del Despacho de la Subsecretar\u00eda de Fortalecimiento Municipal, Arianna Selene Mart\u00ednez Cruz, quien presenci\u00f3 la entrega de las participaciones municipales al agente de San Jos\u00e9 Itunyoso, Jos\u00e9 Tereso Cruz Reyes, as\u00ed como el comisionado municipal provisional Roberto Cabrera Vera, cuya disposici\u00f3n fue fundamental para dar cumplimiento a la sentencia JDI\/10\/2017 dictada en marzo del 2019 por la Sala de Justicia Ind\u00edgena del Tribunal Superior de Justicia del Estado de Oaxaca (TSJO), y permitir la resoluci\u00f3n de este hist\u00f3rico conflicto.<br \/>-0-<\/p>\n","protected":false},"excerpt":{"rendered":"<p>\u2022 Entregan participaciones municipales a la agencia San Jos\u00e9 Xochixtl\u00e1n\u2022 La disposici\u00f3n de ambas partes&#8230;<\/p>\n","protected":false},"author":4,"featured_media":22852,"comment_status":"","ping_status":"open","sticky":false,"template":"","format":"standard","meta":{"footnotes":""},"categories":[9],"tags":[],"jetpack_sharing_enabled":true,"featured_image_urls":{"full":["https:\/\/contextoanalisisperiodistico.com\/wp-content\/uploads\/2023\/12\/IMG-20231228-WA0042.jpg",1600,1200,false],"thumbnail":["https:\/\/contextoanalisisperiodistico.com\/wp-content\/uploads\/2023\/12\/IMG-20231228-WA0042-150x150.jpg",150,150,true],"medium":["https:\/\/contextoanalisisperiodistico.com\/wp-content\/uploads\/2023\/12\/IMG-20231228-WA0042-300x225.jpg",300,225,true],"medium_large":["https:\/\/contextoanalisisperiodistico.com\/wp-content\/uploads\/2023\/12\/IMG-20231228-WA0042-768x576.jpg",640,480,true],"large":["https:\/\/contextoanalisisperiodistico.com\/wp-content\/uploads\/2023\/12\/IMG-20231228-WA0042-1024x768.jpg",640,480,true],"1536x1536":["https:\/\/contextoanalisisperiodistico.com\/wp-content\/uploads\/2023\/12\/IMG-20231228-WA0042-1536x1152.jpg",1536,1152,true],"2048x2048":["https:\/\/contextoanalisisperiodistico.com\/wp-content\/uploads\/2023\/12\/IMG-20231228-WA0042.jpg",1600,1200,false],"covernews-slider-full":["https:\/\/contextoanalisisperiodistico.com\/wp-content\/uploads\/2023\/12\/IMG-20231228-WA0042-1115x715.jpg",1115,715,true],"covernews-slider-center":["https:\/\/contextoanalisisperiodistico.com\/wp-content\/uploads\/2023\/12\/IMG-20231228-WA0042-800x500.jpg",800,500,true],"covernews-featured":["https:\/\/contextoanalisisperiodistico.com\/wp-content\/uploads\/2023\/12\/IMG-20231228-WA0042-1024x768.jpg",1024,768,true],"covernews-medium":["https:\/\/contextoanalisisperiodistico.com\/wp-content\/uploads\/2023\/12\/IMG-20231228-WA0042-540x340.jpg",540,340,true],"covernews-medium-square":["https:\/\/contextoanalisisperiodistico.com\/wp-content\/uploads\/2023\/12\/IMG-20231228-WA0042-400x250.jpg",400,250,true]},"author_info":{"display_name":"Mario Gir\u00f3n","author_link":"https:\/\/contextoanalisisperiodistico.com\/index.php\/author\/director\/"},"category_info":"<a href=\"https:\/\/contextoanalisisperiodistico.com\/index.php\/category\/politica\/\" rel=\"category tag\">Pol\u00edtica<\/a>","tag_info":"Pol\u00edtica","comment_count":"0","jetpack_featured_media_url":"https:\/\/contextoanalisisperiodistico.com\/wp-content\/uploads\/2023\/12\/IMG-20231228-WA0042.jpg","_links":{"self":[{"href":"https:\/\/contextoanalisisperiodistico.com\/index.php\/wp-json\/wp\/v2\/posts\/22854"}],"collection":[{"href":"https:\/\/contextoanalisisperiodistico.com\/index.php\/wp-json\/wp\/v2\/posts"}],"about":[{"href":"https:\/\/contextoanalisisperiodistico.com\/index.php\/wp-json\/wp\/v2\/types\/post"}],"author":[{"embeddable":true,"href":"https:\/\/contextoanalisisperiodistico.com\/index.php\/wp-json\/wp\/v2\/users\/4"}],"replies":[{"embeddable":true,"href":"https:\/\/contextoanalisisperiodistico.com\/index.php\/wp-json\/wp\/v2\/comments?post=22854"}],"version-history":[{"count":0,"href":"https:\/\/contextoanalisisperiodistico.com\/index.php\/wp-json\/wp\/v2\/posts\/22854\/revisions"}],"wp:featuredmedia":[{"embeddable":true,"href":"https:\/\/contextoanalisisperiodistico.com\/index.php\/wp-json\/wp\/v2\/media\/22852"}],"wp:attachment":[{"href":"https:\/\/contextoanalisisperiodistico.com\/index.php\/wp-json\/wp\/v2\/media?parent=22854"}],"wp:term":[{"taxonomy":"category","embeddable":true,"href":"https:\/\/contextoanalisisperiodistico.com\/index.php\/wp-json\/wp\/v2\/categories?post=22854"},{"taxonomy":"post_tag","embeddable":true,"href":"https:\/\/contextoanalisisperiodistico.com\/index.php\/wp-json\/wp\/v2\/tags?post=22854"}],"curies":[{"name":"wp","href":"https:\/\/api.w.org\/{rel}","templated":true}]}}