{"id":22831,"date":"2023-12-27T19:36:51","date_gmt":"2023-12-28T01:36:51","guid":{"rendered":"https:\/\/contextoanalisisperiodistico.com\/index.php\/2023\/12\/27\/realiza-gobierno-oaxaca-inversion-historica-en-infraestructura-educativa\/"},"modified":"2023-12-27T19:36:51","modified_gmt":"2023-12-28T01:36:51","slug":"realiza-gobierno-oaxaca-inversion-historica-en-infraestructura-educativa","status":"publish","type":"post","link":"https:\/\/contextoanalisisperiodistico.com\/index.php\/2023\/12\/27\/realiza-gobierno-oaxaca-inversion-historica-en-infraestructura-educativa\/","title":{"rendered":"Realiza Gobierno Oaxaca inversi\u00f3n hist\u00f3rica en infraestructura educativa"},"content":{"rendered":"<div id=\"fb-root\"><\/div>\n\n<p>\u2022 Durante 2023, el Instituto Oaxaque\u00f1o Constructor de Infraestructura Educativa canaliz\u00f3 685 millones de pesos para atender centros educativos en 160 comunidades<br \/>Oaxaca de Ju\u00e1rez, Oax. 27 de diciembre de 2023.- El Gobierno del Estado a trav\u00e9s del Instituto Oaxaque\u00f1o Constructor de Infraestructura Educativa (Iocied), realiz\u00f3 en este primer a\u00f1o una inversi\u00f3n hist\u00f3rica de 685 millones 747 mil 410 pesos para m\u00e1s de 275 obras en instituciones de nivel b\u00e1sico, medio superior y superior.<\/p>\n\n\n\n<p>En cumplimiento a las indicaciones del Gobernador Salom\u00f3n Jara Cruz, el organismo prioriz\u00f3 las obras de infraestructura educativa con mayor impacto que beneficiaron a m\u00e1s de 160 comunidades oaxaque\u00f1as que hab\u00edan sido marginadas durante d\u00e9cadas por las autoridades.<\/p>\n\n\n\n<p>El titular del Iocied, Alejandro L\u00f3pez Jarqu\u00edn asegur\u00f3 que la educaci\u00f3n es un eje fundamental para el Gobierno de la Primavera Oaxaque\u00f1a, por lo que a trav\u00e9s de obras que brinden seguridad y condiciones \u00f3ptimas a la ni\u00f1ez y juventud estudiantil, se hace justicia al sector educativo.<\/p>\n\n\n\n<p>Precis\u00f3 que estas acciones fueron realizadas bajo los conceptos de justicia y beneficio social, por lo que esta dependencia inici\u00f3 los procedimientos de comprobaci\u00f3n de los recursos para garantizar al pueblo de Oaxaca transparencia y honestidad.<\/p>\n\n\n\n<p>De esta manera tambi\u00e9n se avanza en el eje de gobierno para lograr la Reparaci\u00f3n Hist\u00f3rica de los Pueblos.<br \/>-0-<\/p>\n","protected":false},"excerpt":{"rendered":"<p>\u2022 Durante 2023, el Instituto Oaxaque\u00f1o Constructor de Infraestructura Educativa canaliz\u00f3 685 millones de pesos&#8230;<\/p>\n","protected":false},"author":4,"featured_media":22830,"comment_status":"","ping_status":"open","sticky":false,"template":"","format":"standard","meta":{"footnotes":""},"categories":[9],"tags":[],"jetpack_sharing_enabled":true,"featured_image_urls":{"full":["https:\/\/contextoanalisisperiodistico.com\/wp-content\/uploads\/2023\/12\/IMG-20231227-WA0058.jpg",1600,1066,false],"thumbnail":["https:\/\/contextoanalisisperiodistico.com\/wp-content\/uploads\/2023\/12\/IMG-20231227-WA0058-150x150.jpg",150,150,true],"medium":["https:\/\/contextoanalisisperiodistico.com\/wp-content\/uploads\/2023\/12\/IMG-20231227-WA0058-300x200.jpg",300,200,true],"medium_large":["https:\/\/contextoanalisisperiodistico.com\/wp-content\/uploads\/2023\/12\/IMG-20231227-WA0058-768x512.jpg",640,427,true],"large":["https:\/\/contextoanalisisperiodistico.com\/wp-content\/uploads\/2023\/12\/IMG-20231227-WA0058-1024x682.jpg",640,426,true],"1536x1536":["https:\/\/contextoanalisisperiodistico.com\/wp-content\/uploads\/2023\/12\/IMG-20231227-WA0058-1536x1023.jpg",1536,1023,true],"2048x2048":["https:\/\/contextoanalisisperiodistico.com\/wp-content\/uploads\/2023\/12\/IMG-20231227-WA0058.jpg",1600,1066,false],"covernews-slider-full":["https:\/\/contextoanalisisperiodistico.com\/wp-content\/uploads\/2023\/12\/IMG-20231227-WA0058-1115x715.jpg",1115,715,true],"covernews-slider-center":["https:\/\/contextoanalisisperiodistico.com\/wp-content\/uploads\/2023\/12\/IMG-20231227-WA0058-800x500.jpg",800,500,true],"covernews-featured":["https:\/\/contextoanalisisperiodistico.com\/wp-content\/uploads\/2023\/12\/IMG-20231227-WA0058-1024x682.jpg",1024,682,true],"covernews-medium":["https:\/\/contextoanalisisperiodistico.com\/wp-content\/uploads\/2023\/12\/IMG-20231227-WA0058-540x340.jpg",540,340,true],"covernews-medium-square":["https:\/\/contextoanalisisperiodistico.com\/wp-content\/uploads\/2023\/12\/IMG-20231227-WA0058-400x250.jpg",400,250,true]},"author_info":{"display_name":"Mario Gir\u00f3n","author_link":"https:\/\/contextoanalisisperiodistico.com\/index.php\/author\/director\/"},"category_info":"<a href=\"https:\/\/contextoanalisisperiodistico.com\/index.php\/category\/politica\/\" rel=\"category tag\">Pol\u00edtica<\/a>","tag_info":"Pol\u00edtica","comment_count":"0","jetpack_featured_media_url":"https:\/\/contextoanalisisperiodistico.com\/wp-content\/uploads\/2023\/12\/IMG-20231227-WA0058.jpg","_links":{"self":[{"href":"https:\/\/contextoanalisisperiodistico.com\/index.php\/wp-json\/wp\/v2\/posts\/22831"}],"collection":[{"href":"https:\/\/contextoanalisisperiodistico.com\/index.php\/wp-json\/wp\/v2\/posts"}],"about":[{"href":"https:\/\/contextoanalisisperiodistico.com\/index.php\/wp-json\/wp\/v2\/types\/post"}],"author":[{"embeddable":true,"href":"https:\/\/contextoanalisisperiodistico.com\/index.php\/wp-json\/wp\/v2\/users\/4"}],"replies":[{"embeddable":true,"href":"https:\/\/contextoanalisisperiodistico.com\/index.php\/wp-json\/wp\/v2\/comments?post=22831"}],"version-history":[{"count":0,"href":"https:\/\/contextoanalisisperiodistico.com\/index.php\/wp-json\/wp\/v2\/posts\/22831\/revisions"}],"wp:featuredmedia":[{"embeddable":true,"href":"https:\/\/contextoanalisisperiodistico.com\/index.php\/wp-json\/wp\/v2\/media\/22830"}],"wp:attachment":[{"href":"https:\/\/contextoanalisisperiodistico.com\/index.php\/wp-json\/wp\/v2\/media?parent=22831"}],"wp:term":[{"taxonomy":"category","embeddable":true,"href":"https:\/\/contextoanalisisperiodistico.com\/index.php\/wp-json\/wp\/v2\/categories?post=22831"},{"taxonomy":"post_tag","embeddable":true,"href":"https:\/\/contextoanalisisperiodistico.com\/index.php\/wp-json\/wp\/v2\/tags?post=22831"}],"curies":[{"name":"wp","href":"https:\/\/api.w.org\/{rel}","templated":true}]}}