{"id":22829,"date":"2023-12-27T19:35:27","date_gmt":"2023-12-28T01:35:27","guid":{"rendered":"https:\/\/contextoanalisisperiodistico.com\/index.php\/2023\/12\/27\/ejerce-gobierno-de-oaxaca-la-inversion-publica-con-planeacion\/"},"modified":"2023-12-27T19:35:27","modified_gmt":"2023-12-28T01:35:27","slug":"ejerce-gobierno-de-oaxaca-la-inversion-publica-con-planeacion","status":"publish","type":"post","link":"https:\/\/contextoanalisisperiodistico.com\/index.php\/2023\/12\/27\/ejerce-gobierno-de-oaxaca-la-inversion-publica-con-planeacion\/","title":{"rendered":"Ejerce Gobierno de Oaxaca la inversi\u00f3n p\u00fablica con planeaci\u00f3n"},"content":{"rendered":"<div id=\"fb-root\"><\/div>\n\n<p>\u2022 La directora general del Instituto de Planeaci\u00f3n para el Bienestar, Juanita Cruz Cruz, present\u00f3 un balance de acciones y resultados de diciembre de 2022 a diciembre de este a\u00f1o<\/p>\n\n\n\n<figure class=\"wp-block-image size-large\"><img fetchpriority=\"high\" decoding=\"async\" width=\"1024\" height=\"683\" src=\"https:\/\/contextoanalisisperiodistico.com\/wp-content\/uploads\/2023\/12\/img-20231227-wa00658392113884999021335-1024x683.jpg\" alt=\"\" class=\"wp-image-22828\" srcset=\"https:\/\/contextoanalisisperiodistico.com\/wp-content\/uploads\/2023\/12\/img-20231227-wa00658392113884999021335-1024x683.jpg 1024w, https:\/\/contextoanalisisperiodistico.com\/wp-content\/uploads\/2023\/12\/img-20231227-wa00658392113884999021335-300x200.jpg 300w, https:\/\/contextoanalisisperiodistico.com\/wp-content\/uploads\/2023\/12\/img-20231227-wa00658392113884999021335-768x512.jpg 768w, https:\/\/contextoanalisisperiodistico.com\/wp-content\/uploads\/2023\/12\/img-20231227-wa00658392113884999021335.jpg 1440w\" sizes=\"(max-width: 1024px) 100vw, 1024px\" \/><\/figure>\n\n\n\n<p>\u2022 Se\u00f1al\u00f3 que esta administraci\u00f3n ejerci\u00f3 con total responsabilidad el cien por ciento de los recursos en beneficio de las y los oaxaque\u00f1os de 229 municipios<\/p>\n\n\n\n<p>Oaxaca de Ju\u00e1rez, Oax. 27 de diciembre de 2023.- La directora general del Instituto de Planeaci\u00f3n para el Bienestar (Inplan) Juanita Cruz Cruz present\u00f3 un balance de acciones y resultados, de diciembre de 2022 a diciembre de 2023, los cuales han permitido fortalecer la inversi\u00f3n p\u00fablica estatal basada en la planeaci\u00f3n, en el primer a\u00f1o de la administraci\u00f3n del Gobernador del Estado Salom\u00f3n Jara Cruz.<\/p>\n\n\n\n<p>En la conferencia de prensa del Mandatario estatal, la titular del Instituto de Planeaci\u00f3n para el Bienestar dijo que en este primer a\u00f1o de trabajo la planeaci\u00f3n constituye una herramienta fundamental para establecer objetivos, estrategias, metas y prioridades que permitan conseguir resultados que generen bienestar en la poblaci\u00f3n, y sobre todo en los grupos de atenci\u00f3n prioritaria.<\/p>\n\n\n\n<p>Juanita Cruz explic\u00f3 que el Instituto de Planeaci\u00f3n para el Bienestar tiene como objetivo contribuir a mejorar la calidad de vida de las y los oaxaque\u00f1os mediante la implementaci\u00f3n de un modelo de planeaci\u00f3n del desarrollo desde el territorio que oriente y focalice la inversi\u00f3n p\u00fablica del estado.<\/p>\n\n\n\n<p>Con respecto a la implementaci\u00f3n del Nuevo Modelo de Planeaci\u00f3n durante el presente a\u00f1o, dijo que se ha orientado el desarrollo de la entidad atendiendo a m\u00e1s de 300 municipios por medio de las estrategias Territorios Bienestar y Trabajo que Transforma tu Municipio, con la participaci\u00f3n y coordinaci\u00f3n de las dependencias y entidades de la administraci\u00f3n p\u00fablica estatal.<\/p>\n\n\n\n<p>Manifest\u00f3 que, en el caso espec\u00edfico del Fondo de Infraestructura Social para las Entidades (FISE), durante el ejercicio 2023 el Gobierno Federal destin\u00f3 un monto de 1 mil 194 millones 969 mil 238 pesos, del cual esta administraci\u00f3n ejerci\u00f3 con total responsabilidad el cien por ciento de los recursos en beneficio de las y los oaxaque\u00f1os de 229 municipios.<\/p>\n\n\n\n<p>Expuso que con estos recursos se financiaron 672 proyectos de desarrollo, de manera directa, sin intermediarios, con el prop\u00f3sito de reducir la pobreza, impulsar el desarrollo social, econ\u00f3mico y ambiental de las y los oaxaque\u00f1os, sobresaliendo proyectos para el mejoramiento de la vivienda, caminos y carreteras, infraestructura educativa, electrificaci\u00f3n y agua potable, principalmente.<\/p>\n\n\n\n<p>Resalt\u00f3 que durante la presente administraci\u00f3n se dej\u00f3 atr\u00e1s el viejo modelo de planeaci\u00f3n desde el escritorio y que se centraba en los intereses y prioridades de solo algunas personas servidoras p\u00fablicas que no tomaban en cuenta las necesidades y problem\u00e1ticas de la poblaci\u00f3n en sus comunidades. Hoy la planeaci\u00f3n del desarrollo tiene un fin claro: que nadie se quede atr\u00e1s y que nadie se quede afuera.<\/p>\n\n\n\n<p>-0-<\/p>\n","protected":false},"excerpt":{"rendered":"<p>\u2022 La directora general del Instituto de Planeaci\u00f3n para el Bienestar, Juanita Cruz Cruz, present\u00f3&#8230;<\/p>\n","protected":false},"author":4,"featured_media":22827,"comment_status":"","ping_status":"open","sticky":false,"template":"","format":"standard","meta":{"footnotes":""},"categories":[9],"tags":[],"jetpack_sharing_enabled":true,"featured_image_urls":{"full":["https:\/\/contextoanalisisperiodistico.com\/wp-content\/uploads\/2023\/12\/IMG-20231227-WA0067.jpg",1120,919,false],"thumbnail":["https:\/\/contextoanalisisperiodistico.com\/wp-content\/uploads\/2023\/12\/IMG-20231227-WA0067-150x150.jpg",150,150,true],"medium":["https:\/\/contextoanalisisperiodistico.com\/wp-content\/uploads\/2023\/12\/IMG-20231227-WA0067-300x246.jpg",300,246,true],"medium_large":["https:\/\/contextoanalisisperiodistico.com\/wp-content\/uploads\/2023\/12\/IMG-20231227-WA0067-768x630.jpg",640,525,true],"large":["https:\/\/contextoanalisisperiodistico.com\/wp-content\/uploads\/2023\/12\/IMG-20231227-WA0067-1024x840.jpg",640,525,true],"1536x1536":["https:\/\/contextoanalisisperiodistico.com\/wp-content\/uploads\/2023\/12\/IMG-20231227-WA0067.jpg",1120,919,false],"2048x2048":["https:\/\/contextoanalisisperiodistico.com\/wp-content\/uploads\/2023\/12\/IMG-20231227-WA0067.jpg",1120,919,false],"covernews-slider-full":["https:\/\/contextoanalisisperiodistico.com\/wp-content\/uploads\/2023\/12\/IMG-20231227-WA0067-1115x715.jpg",1115,715,true],"covernews-slider-center":["https:\/\/contextoanalisisperiodistico.com\/wp-content\/uploads\/2023\/12\/IMG-20231227-WA0067-800x500.jpg",800,500,true],"covernews-featured":["https:\/\/contextoanalisisperiodistico.com\/wp-content\/uploads\/2023\/12\/IMG-20231227-WA0067-1024x840.jpg",1024,840,true],"covernews-medium":["https:\/\/contextoanalisisperiodistico.com\/wp-content\/uploads\/2023\/12\/IMG-20231227-WA0067-540x340.jpg",540,340,true],"covernews-medium-square":["https:\/\/contextoanalisisperiodistico.com\/wp-content\/uploads\/2023\/12\/IMG-20231227-WA0067-400x250.jpg",400,250,true]},"author_info":{"display_name":"Mario Gir\u00f3n","author_link":"https:\/\/contextoanalisisperiodistico.com\/index.php\/author\/director\/"},"category_info":"<a href=\"https:\/\/contextoanalisisperiodistico.com\/index.php\/category\/politica\/\" rel=\"category tag\">Pol\u00edtica<\/a>","tag_info":"Pol\u00edtica","comment_count":"0","jetpack_featured_media_url":"https:\/\/contextoanalisisperiodistico.com\/wp-content\/uploads\/2023\/12\/IMG-20231227-WA0067.jpg","_links":{"self":[{"href":"https:\/\/contextoanalisisperiodistico.com\/index.php\/wp-json\/wp\/v2\/posts\/22829"}],"collection":[{"href":"https:\/\/contextoanalisisperiodistico.com\/index.php\/wp-json\/wp\/v2\/posts"}],"about":[{"href":"https:\/\/contextoanalisisperiodistico.com\/index.php\/wp-json\/wp\/v2\/types\/post"}],"author":[{"embeddable":true,"href":"https:\/\/contextoanalisisperiodistico.com\/index.php\/wp-json\/wp\/v2\/users\/4"}],"replies":[{"embeddable":true,"href":"https:\/\/contextoanalisisperiodistico.com\/index.php\/wp-json\/wp\/v2\/comments?post=22829"}],"version-history":[{"count":0,"href":"https:\/\/contextoanalisisperiodistico.com\/index.php\/wp-json\/wp\/v2\/posts\/22829\/revisions"}],"wp:featuredmedia":[{"embeddable":true,"href":"https:\/\/contextoanalisisperiodistico.com\/index.php\/wp-json\/wp\/v2\/media\/22827"}],"wp:attachment":[{"href":"https:\/\/contextoanalisisperiodistico.com\/index.php\/wp-json\/wp\/v2\/media?parent=22829"}],"wp:term":[{"taxonomy":"category","embeddable":true,"href":"https:\/\/contextoanalisisperiodistico.com\/index.php\/wp-json\/wp\/v2\/categories?post=22829"},{"taxonomy":"post_tag","embeddable":true,"href":"https:\/\/contextoanalisisperiodistico.com\/index.php\/wp-json\/wp\/v2\/tags?post=22829"}],"curies":[{"name":"wp","href":"https:\/\/api.w.org\/{rel}","templated":true}]}}