{"id":22823,"date":"2023-12-27T13:29:55","date_gmt":"2023-12-27T19:29:55","guid":{"rendered":"https:\/\/contextoanalisisperiodistico.com\/index.php\/2023\/12\/27\/con-alrededor-de-5-mmdp-gobierno-de-oaxaca-recupera-la-grandeza-de-la-entidad\/"},"modified":"2023-12-27T13:29:55","modified_gmt":"2023-12-27T19:29:55","slug":"con-alrededor-de-5-mmdp-gobierno-de-oaxaca-recupera-la-grandeza-de-la-entidad","status":"publish","type":"post","link":"https:\/\/contextoanalisisperiodistico.com\/index.php\/2023\/12\/27\/con-alrededor-de-5-mmdp-gobierno-de-oaxaca-recupera-la-grandeza-de-la-entidad\/","title":{"rendered":"<em>Con alrededor de 5 mmdp, Gobierno de Oaxaca recupera la grandeza de la entidad<\/em>"},"content":{"rendered":"<div id=\"fb-root\"><\/div>\n\n<p>\u2022 El Gobernador del Estado se\u00f1al\u00f3 que este recurso asignado es mayor al que las administraciones pasadas destinaron para infraestructuras<\/p>\n\n\n\n<figure class=\"wp-block-image size-large\"><img fetchpriority=\"high\" decoding=\"async\" width=\"1024\" height=\"682\" src=\"https:\/\/contextoanalisisperiodistico.com\/wp-content\/uploads\/2023\/12\/img-20231227-wa00095982827718621006204-1024x682.jpg\" alt=\"\" class=\"wp-image-22821\" srcset=\"https:\/\/contextoanalisisperiodistico.com\/wp-content\/uploads\/2023\/12\/img-20231227-wa00095982827718621006204-1024x682.jpg 1024w, https:\/\/contextoanalisisperiodistico.com\/wp-content\/uploads\/2023\/12\/img-20231227-wa00095982827718621006204-300x200.jpg 300w, https:\/\/contextoanalisisperiodistico.com\/wp-content\/uploads\/2023\/12\/img-20231227-wa00095982827718621006204-768x512.jpg 768w, https:\/\/contextoanalisisperiodistico.com\/wp-content\/uploads\/2023\/12\/img-20231227-wa00095982827718621006204-1536x1023.jpg 1536w, https:\/\/contextoanalisisperiodistico.com\/wp-content\/uploads\/2023\/12\/img-20231227-wa00095982827718621006204.jpg 1600w\" sizes=\"(max-width: 1024px) 100vw, 1024px\" \/><\/figure>\n\n\n\n<figure class=\"wp-block-image\"><img decoding=\"async\" width=\"1024\" height=\"682\" src=\"https:\/\/contextoanalisisperiodistico.com\/wp-content\/uploads\/2023\/12\/img-20231227-wa00084348147748972172985-1024x682.jpg\" alt=\"\" class=\"wp-image-22822\" srcset=\"https:\/\/contextoanalisisperiodistico.com\/wp-content\/uploads\/2023\/12\/img-20231227-wa00084348147748972172985-1024x682.jpg 1024w, https:\/\/contextoanalisisperiodistico.com\/wp-content\/uploads\/2023\/12\/img-20231227-wa00084348147748972172985-300x200.jpg 300w, https:\/\/contextoanalisisperiodistico.com\/wp-content\/uploads\/2023\/12\/img-20231227-wa00084348147748972172985-768x512.jpg 768w, https:\/\/contextoanalisisperiodistico.com\/wp-content\/uploads\/2023\/12\/img-20231227-wa00084348147748972172985-1536x1023.jpg 1536w, https:\/\/contextoanalisisperiodistico.com\/wp-content\/uploads\/2023\/12\/img-20231227-wa00084348147748972172985.jpg 1600w\" sizes=\"(max-width: 1024px) 100vw, 1024px\" \/><\/figure>\n\n\n\n<p>\u2022 Inform\u00f3 que Oaxaca tiene un avance financiero de 1 mil 952.3 millones de pesos, as\u00ed como un monto total de las econom\u00edas superior a los 65 millones de pesos<\/p>\n\n\n\n<p>\u2022 Se dieron a conocer las inversiones asignadas durante el a\u00f1o 2023 a este sector<\/p>\n\n\n\n<p>Oaxaca de Ju\u00e1rez, Oax. 27 de diciembre de 2023.- Para recuperar la grandeza de la entidad y construir un estado de bienestar, el Gobernador Salom\u00f3n Jara Cruz inform\u00f3 que, en el a\u00f1o 2023, el sector de las Infraestructuras asign\u00f3 un total de 4 mil 940 millones de pesos a obras vinculadas al desarrollo de los municipios y localidades m\u00e1s pobres de Oaxaca.<\/p>\n\n\n\n<p>\u201cEste monto de inversi\u00f3n es 4.5 veces mayor a la inversi\u00f3n que destin\u00f3, para el mismo rubro, la administraci\u00f3n de Gabino Cu\u00e9 en su primer a\u00f1o de gobierno, y es 163.7 por ciento mayor a la que otorg\u00f3 Alejandro Murat\u201d, se\u00f1al\u00f3.<\/p>\n\n\n\n<p>Durante la conferencia ma\u00f1anera, el Mandatario estatal dio a conocer que los recursos asignados han sido autorizados, validados y contratados al 100 por ciento, por lo que actualmente Oaxaca tiene un avance financiero de 1 mil 952.3 millones de pesos, es decir, 42.50 por ciento, as\u00ed como un monto total de las econom\u00edas de 66.8 millones de pesos.<\/p>\n\n\n\n<p>\u201cDestinamos una inversi\u00f3n hist\u00f3rica para las personas m\u00e1s pobres, cumplimos nuestro objetivo principal de no incurrir en el subejercicio, implementamos un nuevo modelo de planeaci\u00f3n e inversi\u00f3n p\u00fablica basado en las necesidades reales de nuestros pueblos y comunidades\u201d, apunt\u00f3.<\/p>\n\n\n\n<p>Jara Cruz explic\u00f3 que, en el pasado, las administraciones autorizaban una buena cantidad de sus inversiones en los meses de noviembre y diciembre, propiciando por esta v\u00eda, el subejercicio y el reintegro a la federaci\u00f3n de recursos financieros que tanta falta le hac\u00edan a Oaxaca.<\/p>\n\n\n\n<p>Dijo que, por el contrario, este gobierno se caracteriza por trabajar de la mano del pueblo y atender sus necesidades reales, sin intermediarios, obras impuestas o innecesarias.<\/p>\n\n\n\n<p>El titular del Poder Ejecutivo agreg\u00f3 que a la fecha se han licitado 788 procedimientos por m\u00e1s de 2.7 millones de pesos, los cuales en su mayor\u00eda fueron contratados por empresas oaxaque\u00f1as y licitados p\u00fablicamente.<\/p>\n\n\n\n<p>\u201cLa legitimidad de cada obra es un elemento que contribuye de manera determinante a la paz y gobernabilidad de todo el estado, por ello, todos los datos de inversi\u00f3n son p\u00fablicos y est\u00e1n abiertos al escrutinio del pueblo, esta conferencia es prueba de ello\u201d, asever\u00f3.<\/p>\n\n\n\n<p>Inversiones asignadas durante el a\u00f1o 2023<\/p>\n\n\n\n<p>En este encuentro con las y los representantes de los medios de comunicaci\u00f3n, el Gobernante oaxaque\u00f1o inform\u00f3 que durante el a\u00f1o 2023 Caminos Bienestar (Cabien) tuvo una inversi\u00f3n superior a los 15 mil millones de pesos, con una inversi\u00f3n ejercida de 735 millones de pesos, a fin de conectar poblaciones, reducir tiempos de traslado y generar un mayor dinamismo en la econom\u00eda del estado.<\/p>\n\n\n\n<p>Para garantizar una educaci\u00f3n en instalaciones dignas para el estudiantado, el Instituto Oaxaque\u00f1o Constructor de Infraestructura Educativa (Iocied) invirti\u00f3 m\u00e1s de 685 millones 747 mil 410 pesos.<\/p>\n\n\n\n<p>Asimismo, Vivienda Bienestar asign\u00f3 306 millones 121 mil 536 pesos que representan m\u00e1s de 9 mil acciones de construcciones en municipios y comunidades de Oaxaca.<\/p>\n\n\n\n<p>Para acciones de infraestructura y mejora de unidades m\u00e9dicas, la Secretar\u00eda de Salud destin\u00f3 230 millones 757 mil 62 pesos.<\/p>\n\n\n\n<p>La Comisi\u00f3n Estatal del Agua para el Bienestar (Ceabien) canaliz\u00f3 203 millones 221 mil 362 pesos y ejerci\u00f3 los recursos del Programa de Agua Potable, Drenaje y Tratamiento (Proagua) del Gobierno de M\u00e9xico.<\/p>\n\n\n\n<p>Finalmente, el Sistema Operador de los Servicios de Agua Potable y Alcantarillado (Soapa) otorg\u00f3 138 millones 786 mil 685 pesos para atender la temporada de estiaje y garantizar el abasto de agua potable en la zona metropolitana de Oaxaca.<\/p>\n\n\n\n<p>-0-<\/p>\n","protected":false},"excerpt":{"rendered":"<p>\u2022 El Gobernador del Estado se\u00f1al\u00f3 que este recurso asignado es mayor al que las&#8230;<\/p>\n","protected":false},"author":4,"featured_media":22820,"comment_status":"","ping_status":"open","sticky":false,"template":"","format":"standard","meta":{"footnotes":""},"categories":[9],"tags":[],"jetpack_sharing_enabled":true,"featured_image_urls":{"full":["https:\/\/contextoanalisisperiodistico.com\/wp-content\/uploads\/2023\/12\/IMG-20231227-WA0010.jpg",1600,1066,false],"thumbnail":["https:\/\/contextoanalisisperiodistico.com\/wp-content\/uploads\/2023\/12\/IMG-20231227-WA0010-150x150.jpg",150,150,true],"medium":["https:\/\/contextoanalisisperiodistico.com\/wp-content\/uploads\/2023\/12\/IMG-20231227-WA0010-300x200.jpg",300,200,true],"medium_large":["https:\/\/contextoanalisisperiodistico.com\/wp-content\/uploads\/2023\/12\/IMG-20231227-WA0010-768x512.jpg",640,427,true],"large":["https:\/\/contextoanalisisperiodistico.com\/wp-content\/uploads\/2023\/12\/IMG-20231227-WA0010-1024x682.jpg",640,426,true],"1536x1536":["https:\/\/contextoanalisisperiodistico.com\/wp-content\/uploads\/2023\/12\/IMG-20231227-WA0010-1536x1023.jpg",1536,1023,true],"2048x2048":["https:\/\/contextoanalisisperiodistico.com\/wp-content\/uploads\/2023\/12\/IMG-20231227-WA0010.jpg",1600,1066,false],"covernews-slider-full":["https:\/\/contextoanalisisperiodistico.com\/wp-content\/uploads\/2023\/12\/IMG-20231227-WA0010-1115x715.jpg",1115,715,true],"covernews-slider-center":["https:\/\/contextoanalisisperiodistico.com\/wp-content\/uploads\/2023\/12\/IMG-20231227-WA0010-800x500.jpg",800,500,true],"covernews-featured":["https:\/\/contextoanalisisperiodistico.com\/wp-content\/uploads\/2023\/12\/IMG-20231227-WA0010-1024x682.jpg",1024,682,true],"covernews-medium":["https:\/\/contextoanalisisperiodistico.com\/wp-content\/uploads\/2023\/12\/IMG-20231227-WA0010-540x340.jpg",540,340,true],"covernews-medium-square":["https:\/\/contextoanalisisperiodistico.com\/wp-content\/uploads\/2023\/12\/IMG-20231227-WA0010-400x250.jpg",400,250,true]},"author_info":{"display_name":"Mario Gir\u00f3n","author_link":"https:\/\/contextoanalisisperiodistico.com\/index.php\/author\/director\/"},"category_info":"<a href=\"https:\/\/contextoanalisisperiodistico.com\/index.php\/category\/politica\/\" rel=\"category tag\">Pol\u00edtica<\/a>","tag_info":"Pol\u00edtica","comment_count":"0","jetpack_featured_media_url":"https:\/\/contextoanalisisperiodistico.com\/wp-content\/uploads\/2023\/12\/IMG-20231227-WA0010.jpg","_links":{"self":[{"href":"https:\/\/contextoanalisisperiodistico.com\/index.php\/wp-json\/wp\/v2\/posts\/22823"}],"collection":[{"href":"https:\/\/contextoanalisisperiodistico.com\/index.php\/wp-json\/wp\/v2\/posts"}],"about":[{"href":"https:\/\/contextoanalisisperiodistico.com\/index.php\/wp-json\/wp\/v2\/types\/post"}],"author":[{"embeddable":true,"href":"https:\/\/contextoanalisisperiodistico.com\/index.php\/wp-json\/wp\/v2\/users\/4"}],"replies":[{"embeddable":true,"href":"https:\/\/contextoanalisisperiodistico.com\/index.php\/wp-json\/wp\/v2\/comments?post=22823"}],"version-history":[{"count":0,"href":"https:\/\/contextoanalisisperiodistico.com\/index.php\/wp-json\/wp\/v2\/posts\/22823\/revisions"}],"wp:featuredmedia":[{"embeddable":true,"href":"https:\/\/contextoanalisisperiodistico.com\/index.php\/wp-json\/wp\/v2\/media\/22820"}],"wp:attachment":[{"href":"https:\/\/contextoanalisisperiodistico.com\/index.php\/wp-json\/wp\/v2\/media?parent=22823"}],"wp:term":[{"taxonomy":"category","embeddable":true,"href":"https:\/\/contextoanalisisperiodistico.com\/index.php\/wp-json\/wp\/v2\/categories?post=22823"},{"taxonomy":"post_tag","embeddable":true,"href":"https:\/\/contextoanalisisperiodistico.com\/index.php\/wp-json\/wp\/v2\/tags?post=22823"}],"curies":[{"name":"wp","href":"https:\/\/api.w.org\/{rel}","templated":true}]}}