{"id":22819,"date":"2023-12-27T13:15:37","date_gmt":"2023-12-27T19:15:37","guid":{"rendered":"https:\/\/contextoanalisisperiodistico.com\/index.php\/2023\/12\/27\/hemos-devuelto-la-confianza-al-pueblo-salomon-jara-cruz\/"},"modified":"2023-12-27T13:15:37","modified_gmt":"2023-12-27T19:15:37","slug":"hemos-devuelto-la-confianza-al-pueblo-salomon-jara-cruz","status":"publish","type":"post","link":"https:\/\/contextoanalisisperiodistico.com\/index.php\/2023\/12\/27\/hemos-devuelto-la-confianza-al-pueblo-salomon-jara-cruz\/","title":{"rendered":"Hemos devuelto la confianza al pueblo: Salom\u00f3n Jara Cruz"},"content":{"rendered":"<div id=\"fb-root\"><\/div>\n\n<p>Mario GIR\u00d3N<\/p>\n\n\n\n<p><br>En conferencia de prensa, el gobernador Salom\u00f3n Jara, reconoce: \u201ccon nuestro nuevo modelo de planeaci\u00f3n e inversi\u00f3n p\u00fablica, basado en el conocimiento real de necesidades por resolver en nuestras comunidades, a nuestro pueblo hemos devuelto la confianza en las instituciones a trav\u00e9s de una obra p\u00fablica transparente, abierta, licitada y dirigida a lo que menos tienen\u201d.<\/p>\n\n\n\n<p><br>Ante representantes de diversos medios de comunicaci\u00f3n, Jara Cruz explica lo que, para \u00e9l, significa \u00fanico e hist\u00f3rico:<\/p>\n\n\n\n<p><br>\u201cEn 2023, el sector de las Infraestructuras asign\u00f3 obras vinculadas al desarrollo de los municipios y localidades m\u00e1s pobres, 4 mil 940 MDP, es decir, explic\u00f3, 4.5% veces mayor a la inversi\u00f3n de Gabino Cu\u00e9 Monteagudo (con subejercicio de 92%) y 163.7% mayor que Alejandro Murat (con subejercicio de 65%) en el primer a\u00f1o de gobierno, respectivamente.<\/p>\n\n\n\n<p><br>Subraya: \u201cdestinamos una inversi\u00f3n hist\u00f3rica para los m\u00e1s pobres. Y lo m\u00e1s importante: se cumpli\u00f3 el objetivo de no incurrir en el sub ejercicio. En 2023, el sector de las Infraestructuras asign\u00f3 obras vinculadas al desarrollo de los municipios y localidades m\u00e1s pobres. Se trata de algo \u00fanico e hist\u00f3rico.<\/p>\n\n\n\n<p> Nunca en Oaxaca se hab\u00eda asignado tantos recursos para con los m\u00e1s humildes. El d\u00eda de hoy el Gobierno del Estado ha autorizado y contratado la totalidad de los recursos asignados, revisados, validados y contratados al 100%\u201d.<\/p>\n\n\n\n<p><br>Agrega, \u201chemos devuelta la confianza y esperanza a los pueblos porque la de 2023 es una inversi\u00f3n pactada de manera transparente con la ciudadan\u00eda. En espacios p\u00fablicos y durante las asambleas que celebramos en cada municipio\u201d.<\/p>\n\n\n\n<p><br>\u201cNosotros no hacemos acuerdos ni negociaciones en lo oscurito. No\u2026 nosotros lo hacemos ante el pueblo. La legitimidad de cada obra es un elemento que contribuye de manera determinante a la paz y a la gobernabilidad en todo nuestro estado\u201d.<\/p>\n\n\n\n<p><br>Asegura: \u201chemos roto de manera definitiva con ese modelo de planeaci\u00f3n que enga\u00f1aba y solo administraba los problemas; en cambio, nuestro modelo es honesto. En el pasado la inversi\u00f3n se pensaba en funci\u00f3n de jugosos contratos de construcci\u00f3n. Hoy se licitan; antes se las repart\u00edan y ten\u00edan a sus contratistas, as\u00ed le hac\u00edan. \u00bfCu\u00e1ndo iban a consultar con el pueblo las obras? \u00bfcu\u00e1ndo iban a transparentarlas? El objetivo de ellos, en el pasado, era transferir el dinero solo a unos cuantos; ahora no. Es al pueblo, hac\u00eda ellos las obras de beneficio social\u201d.<\/p>\n\n\n\n<p><br>\u201cCon el gobierno de territorio, se acabaron los intermediarios, las ocurrencias, obras impuestas, mal ejecutadas, o innecesarias. Se acab\u00f3 el negocio. El moche, la tranza\u201d.<\/p>\n\n\n\n<p><br>En el gobierno de la Primavera Oaxaque\u00f1a, asegura se acab\u00f3 lo negativo:<\/p>\n\n\n\n<p> \u201cLa corrupci\u00f3n, los sobre costos, moches y proveedores consentidos; era una constante que solo generaba obras e inversiones simuladas o de mala calidad, destruidas o que nunca concluyeron. Por el contrario, con nosotros la caracter\u00edstica es trabajar de la mano del pueblo y atender sus decisiones y necesidades reales para devolverle la confianza a nuestro pueblo. La mayor cantidad de obras fueron licitadas p\u00fablicamente y empresas oaxaque\u00f1as est\u00e1n contratadas; ya no las trajimos del estado de M\u00e9xico, de Atlacomulco, ni las que recomendaba Polanco. Se acab\u00f3. Ahora trabajamos con constructoras locales a la que estamos evaluando su calidad de lo ejecutado para establecer si cumplieron con todos los protocolos para que merezcan seguir trabajando con nosotros\u201d.<\/p>\n\n\n\n<p><br>De su parte, el Secretario de Infraestructuras y Comunicaciones, Netzahualc\u00f3yotl Salvatierra L\u00f3pez, recuerda: \u201chace un a\u00f1o exactamente est\u00e1bamos recibiendo el gobierno anterior y el gobernador Salom\u00f3n Jara reconoc\u00eda: no dejaron proyectos, pero si, varias obras inconclusas. Fue la primera tarea a resolver para ejercer los recursos que estaban comprometidos y sin ejecutarse\u201d.<\/p>\n\n\n\n<p><br>Inform\u00f3 que el gobierno de Alejandro Murat dej\u00f3 119 obras inconclusas en 2022, por un concepto de 329 millones de pesos; de las cuales, inform\u00f3, hemos concluido este a\u00f1o 116 con una inversi\u00f3n de 253 millones de pesos.<\/p>\n\n\n\n<p><br>Y del decreto 809, en donde el Gobierno del Estado encabezado por Alejandro Murat, se endeudo con 3 mil 500 millones de pesos, explica:<\/p>\n\n\n\n<p><br>\u201cDe esta cifra millonaria, le asignaron a la secretar\u00eda de Infraestructura 1 mil 803 millones de pesos; de los cuales, destacan 15 proyectos por mil 500 91 millones de pesos, pr\u00e1cticamente, todas las obras con problemas a la fecha por detalles como un mal proyecto o dejarlas inconclusas o tambi\u00e9n, al no existir una congruencia entre lo que se contrat\u00f3 y lo que se ejecut\u00f3 finalmente\u201d.<\/p>\n\n\n\n<p><br>Indica las obras inconclusas e inoperantes del Decreto 809 son, principalmente: Centro Cultural \u00c1lvaro Carrillo, con denuncia penal y queja administrativa; Av. S\u00edmbolos Patrios; Circuito Interior; Centro de Convenciones Huatulco; Av. Oaxaca, Puerto Escondido; y por la urgencia del tema, al tratarse de ni\u00f1os en espacios no dignos para ellos, concluyeron Casa Quetzal y Casas de Alas.<\/p>\n\n\n\n<p><br>Antes, Juanita Arcelia Cruz Cruz, titular del Instituto de Planeaci\u00f3n para el Bienestar, destaca: \u201clas decisiones de inversi\u00f3n p\u00fablica en el estado se basan en la planeaci\u00f3n del desarrollo el cual se convierte en gu\u00eda que nos conducir\u00e1 a una nueva etapa en la historia de Oaxaca permiti\u00e9ndonos construir un estado de derecho, bienestar, desarrollo, paz y justicia para todos\u201d.<\/p>\n\n\n\n<p><br>Agrega: \u201ccon la implementaci\u00f3n del nuevo Modelo de Planeaci\u00f3n, en 2023 aumentamos el desarrollo de Oaxaca atendiendo m\u00e1s de 320 municipios por medio de la estrategia Territorio Bienestar y Trabajo que Transforma tu Municipio\u201d.<\/p>\n\n\n\n<p><br>\u201cPor medio del Fondo de Infraestructura Social Municipal se plante\u00f3 una inversi\u00f3n de un mil 196 millones 962 mil pesos, de los cuales, se ha ejercido el 100% de la cifra millonaria e hist\u00f3rica en beneficio de los oaxaque\u00f1os de 228 municipios en las ocho regiones del estado\u201d, concluy\u00f3.<\/p>\n\n\n\n<figure class=\"wp-block-video\"><video controls src=\"https:\/\/contextoanalisisperiodistico.com\/wp-content\/uploads\/2023\/12\/20231227_093824.mp4\"><\/video><\/figure>\n\n\n\n<figure class=\"wp-block-video\"><video controls src=\"https:\/\/contextoanalisisperiodistico.com\/wp-content\/uploads\/2023\/12\/20231227_092607.mp4\"><\/video><\/figure>\n","protected":false},"excerpt":{"rendered":"<p>Mario GIR\u00d3N En conferencia de prensa, el gobernador Salom\u00f3n Jara, reconoce: \u201ccon nuestro nuevo modelo&#8230;<\/p>\n","protected":false},"author":4,"featured_media":22816,"comment_status":"","ping_status":"open","sticky":false,"template":"","format":"standard","meta":{"footnotes":""},"categories":[9],"tags":[],"jetpack_sharing_enabled":true,"featured_image_urls":{"full":["https:\/\/contextoanalisisperiodistico.com\/wp-content\/uploads\/2023\/12\/Screenshot_20231227_130041_Photos.jpg",543,417,false],"thumbnail":["https:\/\/contextoanalisisperiodistico.com\/wp-content\/uploads\/2023\/12\/Screenshot_20231227_130041_Photos-150x150.jpg",150,150,true],"medium":["https:\/\/contextoanalisisperiodistico.com\/wp-content\/uploads\/2023\/12\/Screenshot_20231227_130041_Photos-300x230.jpg",300,230,true],"medium_large":["https:\/\/contextoanalisisperiodistico.com\/wp-content\/uploads\/2023\/12\/Screenshot_20231227_130041_Photos.jpg",543,417,false],"large":["https:\/\/contextoanalisisperiodistico.com\/wp-content\/uploads\/2023\/12\/Screenshot_20231227_130041_Photos.jpg",543,417,false],"1536x1536":["https:\/\/contextoanalisisperiodistico.com\/wp-content\/uploads\/2023\/12\/Screenshot_20231227_130041_Photos.jpg",543,417,false],"2048x2048":["https:\/\/contextoanalisisperiodistico.com\/wp-content\/uploads\/2023\/12\/Screenshot_20231227_130041_Photos.jpg",543,417,false],"covernews-slider-full":["https:\/\/contextoanalisisperiodistico.com\/wp-content\/uploads\/2023\/12\/Screenshot_20231227_130041_Photos.jpg",543,417,false],"covernews-slider-center":["https:\/\/contextoanalisisperiodistico.com\/wp-content\/uploads\/2023\/12\/Screenshot_20231227_130041_Photos.jpg",543,417,false],"covernews-featured":["https:\/\/contextoanalisisperiodistico.com\/wp-content\/uploads\/2023\/12\/Screenshot_20231227_130041_Photos.jpg",543,417,false],"covernews-medium":["https:\/\/contextoanalisisperiodistico.com\/wp-content\/uploads\/2023\/12\/Screenshot_20231227_130041_Photos-540x340.jpg",540,340,true],"covernews-medium-square":["https:\/\/contextoanalisisperiodistico.com\/wp-content\/uploads\/2023\/12\/Screenshot_20231227_130041_Photos-400x250.jpg",400,250,true]},"author_info":{"display_name":"Mario Gir\u00f3n","author_link":"https:\/\/contextoanalisisperiodistico.com\/index.php\/author\/director\/"},"category_info":"<a href=\"https:\/\/contextoanalisisperiodistico.com\/index.php\/category\/politica\/\" rel=\"category tag\">Pol\u00edtica<\/a>","tag_info":"Pol\u00edtica","comment_count":"0","jetpack_featured_media_url":"https:\/\/contextoanalisisperiodistico.com\/wp-content\/uploads\/2023\/12\/Screenshot_20231227_130041_Photos.jpg","_links":{"self":[{"href":"https:\/\/contextoanalisisperiodistico.com\/index.php\/wp-json\/wp\/v2\/posts\/22819"}],"collection":[{"href":"https:\/\/contextoanalisisperiodistico.com\/index.php\/wp-json\/wp\/v2\/posts"}],"about":[{"href":"https:\/\/contextoanalisisperiodistico.com\/index.php\/wp-json\/wp\/v2\/types\/post"}],"author":[{"embeddable":true,"href":"https:\/\/contextoanalisisperiodistico.com\/index.php\/wp-json\/wp\/v2\/users\/4"}],"replies":[{"embeddable":true,"href":"https:\/\/contextoanalisisperiodistico.com\/index.php\/wp-json\/wp\/v2\/comments?post=22819"}],"version-history":[{"count":0,"href":"https:\/\/contextoanalisisperiodistico.com\/index.php\/wp-json\/wp\/v2\/posts\/22819\/revisions"}],"wp:featuredmedia":[{"embeddable":true,"href":"https:\/\/contextoanalisisperiodistico.com\/index.php\/wp-json\/wp\/v2\/media\/22816"}],"wp:attachment":[{"href":"https:\/\/contextoanalisisperiodistico.com\/index.php\/wp-json\/wp\/v2\/media?parent=22819"}],"wp:term":[{"taxonomy":"category","embeddable":true,"href":"https:\/\/contextoanalisisperiodistico.com\/index.php\/wp-json\/wp\/v2\/categories?post=22819"},{"taxonomy":"post_tag","embeddable":true,"href":"https:\/\/contextoanalisisperiodistico.com\/index.php\/wp-json\/wp\/v2\/tags?post=22819"}],"curies":[{"name":"wp","href":"https:\/\/api.w.org\/{rel}","templated":true}]}}