{"id":22815,"date":"2023-12-26T19:33:27","date_gmt":"2023-12-27T01:33:27","guid":{"rendered":"https:\/\/contextoanalisisperiodistico.com\/index.php\/2023\/12\/26\/fomentan-cultura-de-donacion-de-organos-y-tejidos-entre-las-y-los-trabajadores-de-sso\/"},"modified":"2023-12-26T19:33:27","modified_gmt":"2023-12-27T01:33:27","slug":"fomentan-cultura-de-donacion-de-organos-y-tejidos-entre-las-y-los-trabajadores-de-sso","status":"publish","type":"post","link":"https:\/\/contextoanalisisperiodistico.com\/index.php\/2023\/12\/26\/fomentan-cultura-de-donacion-de-organos-y-tejidos-entre-las-y-los-trabajadores-de-sso\/","title":{"rendered":"Fomentan cultura de donaci\u00f3n de \u00f3rganos y tejidos entre las y los trabajadores de SSO"},"content":{"rendered":"<div id=\"fb-root\"><\/div>\n\n<p>\u2022 En el marco del D\u00eda Nacional de Donaci\u00f3n y Trasplante de \u00d3rganos y Tejidos, personal de salud se registr\u00f3 en la plataforma del Cenatra<\/p>\n\n\n\n<figure class=\"wp-block-image size-large\"><img fetchpriority=\"high\" decoding=\"async\" width=\"1024\" height=\"576\" src=\"https:\/\/contextoanalisisperiodistico.com\/wp-content\/uploads\/2023\/12\/img-20231226-wa00577224335143184183956-1024x576.jpg\" alt=\"\" class=\"wp-image-22814\" srcset=\"https:\/\/contextoanalisisperiodistico.com\/wp-content\/uploads\/2023\/12\/img-20231226-wa00577224335143184183956-1024x576.jpg 1024w, https:\/\/contextoanalisisperiodistico.com\/wp-content\/uploads\/2023\/12\/img-20231226-wa00577224335143184183956-300x169.jpg 300w, https:\/\/contextoanalisisperiodistico.com\/wp-content\/uploads\/2023\/12\/img-20231226-wa00577224335143184183956-768x432.jpg 768w, https:\/\/contextoanalisisperiodistico.com\/wp-content\/uploads\/2023\/12\/img-20231226-wa00577224335143184183956-1536x864.jpg 1536w, https:\/\/contextoanalisisperiodistico.com\/wp-content\/uploads\/2023\/12\/img-20231226-wa00577224335143184183956.jpg 1600w\" sizes=\"(max-width: 1024px) 100vw, 1024px\" \/><\/figure>\n\n\n\n<figure class=\"wp-block-image\"><img decoding=\"async\" width=\"1024\" height=\"576\" src=\"https:\/\/contextoanalisisperiodistico.com\/wp-content\/uploads\/2023\/12\/img-20231226-wa00554706598927481000552-1024x576.jpg\" alt=\"\" class=\"wp-image-22813\" srcset=\"https:\/\/contextoanalisisperiodistico.com\/wp-content\/uploads\/2023\/12\/img-20231226-wa00554706598927481000552-1024x576.jpg 1024w, https:\/\/contextoanalisisperiodistico.com\/wp-content\/uploads\/2023\/12\/img-20231226-wa00554706598927481000552-300x169.jpg 300w, https:\/\/contextoanalisisperiodistico.com\/wp-content\/uploads\/2023\/12\/img-20231226-wa00554706598927481000552-768x432.jpg 768w, https:\/\/contextoanalisisperiodistico.com\/wp-content\/uploads\/2023\/12\/img-20231226-wa00554706598927481000552-1536x864.jpg 1536w, https:\/\/contextoanalisisperiodistico.com\/wp-content\/uploads\/2023\/12\/img-20231226-wa00554706598927481000552.jpg 1600w\" sizes=\"(max-width: 1024px) 100vw, 1024px\" \/><\/figure>\n\n\n\n<p>\u2022 Al donar \u00f3rganos, c\u00e9lulas o tejidos se contribuye a mejorar la salud de pacientes y se favorece el acceso equitativo a los trasplantes de quienes m\u00e1s lo requieren<\/p>\n\n\n\n<p>Oaxaca de Ju\u00e1rez, Oax. 26 de diciembre de 2023.- En el marco del D\u00eda Nacional de Donaci\u00f3n y Trasplante de \u00d3rganos y Tejidos que se conmemora este 26 de diciembre, una trabajadora de los Servicios de Salud de Oaxaca (SSO) se registr\u00f3 en la p\u00e1gina oficial del Centro Nacional de Trasplantes (Cenatra), con el objetivo de fomentar la cultura de la donaci\u00f3n entre la poblaci\u00f3n como un gesto altruista de amor para salvar vidas.<\/p>\n\n\n\n<p>Durante su mensaje, la donadora voluntaria manifest\u00f3 que la decisi\u00f3n la realiz\u00f3 de manera informada y en pleno uso de su derecho de manifestar voluntad; tambi\u00e9n, dijo, su familia est\u00e1 enterada y respeta su decisi\u00f3n.<\/p>\n\n\n\n<p>Se\u00f1al\u00f3 que ser donador o donadora voluntaria es una manifestaci\u00f3n de bondad entre los seres humanos pues \u201cque un coraz\u00f3n deje de latir, no significa el final\u201d.<\/p>\n\n\n\n<p>En su intervenci\u00f3n, el director de Atenci\u00f3n M\u00e9dica de los SSO Norberto Barroso Rojas, en representaci\u00f3n de la secretaria de Salud Alma Lilia Velasco Hern\u00e1ndez, expres\u00f3 que la donaci\u00f3n invita a reflexionar y hacer consciencia de que cada parte del cuerpo es una joya preciosa y que cuando llega el momento final de la vida, hay latidos y sonidos que resuenan para continuar viviendo en otro ser humano.<\/p>\n\n\n\n<p>Ante ello hizo la invitaci\u00f3n para que m\u00e1s personas se sumen a este acto de amor, esperanza y solidaridad para sumar vidas y que platiquen con sus familias acerca de sus intensiones en caso de fallecer.<\/p>\n\n\n\n<p>El funcionario inform\u00f3 que esta \u00e1rea de los Servicios de Salud de Oaxaca cuenta con informaci\u00f3n sobre la donaci\u00f3n de \u00f3rganos y tejidos, as\u00ed como el acompa\u00f1amiento para el registro de personas donadoras voluntarias, enfatizando que dichos procesos son apegados a la normatividad establecida y con estricto apego al derecho humano.<\/p>\n\n\n\n<p>Cabe se\u00f1alar que actualmente, de acuerdo con la base de datos del Hospital Regional de Alta Especialidad de Oaxaca (HRAEO), existen 26 personas para trasplante renal, siete protocolos en estudio y uno en lista de espera a cadav\u00e9rico.<\/p>\n\n\n\n<p>Cifras del Centro Nacional de Trasplantes revelan que hasta el tercer trimestre del 2023 hay una lista de espera de 19 mil 585 personas receptoras, y que se han reportado 6 mil 781 trasplantes durante este a\u00f1o.<\/p>\n\n\n\n<p>Finalmente hizo la invitaci\u00f3n para que quienes as\u00ed lo deseen se registren en la p\u00e1gina oficial del Cenatra, http:\/\/www.cenatra.gob.mx\/dv\/index.php o acudan a la unidad de salud m\u00e1s cercana para mayor informaci\u00f3n.<\/p>\n\n\n\n<p>-0-<\/p>\n","protected":false},"excerpt":{"rendered":"<p>\u2022 En el marco del D\u00eda Nacional de Donaci\u00f3n y Trasplante de \u00d3rganos y Tejidos,&#8230;<\/p>\n","protected":false},"author":4,"featured_media":22812,"comment_status":"","ping_status":"open","sticky":false,"template":"","format":"standard","meta":{"footnotes":""},"categories":[92],"tags":[],"jetpack_sharing_enabled":true,"featured_image_urls":{"full":["https:\/\/contextoanalisisperiodistico.com\/wp-content\/uploads\/2023\/12\/IMG-20231226-WA0056.jpg",1600,900,false],"thumbnail":["https:\/\/contextoanalisisperiodistico.com\/wp-content\/uploads\/2023\/12\/IMG-20231226-WA0056-150x150.jpg",150,150,true],"medium":["https:\/\/contextoanalisisperiodistico.com\/wp-content\/uploads\/2023\/12\/IMG-20231226-WA0056-300x169.jpg",300,169,true],"medium_large":["https:\/\/contextoanalisisperiodistico.com\/wp-content\/uploads\/2023\/12\/IMG-20231226-WA0056-768x432.jpg",640,360,true],"large":["https:\/\/contextoanalisisperiodistico.com\/wp-content\/uploads\/2023\/12\/IMG-20231226-WA0056-1024x576.jpg",640,360,true],"1536x1536":["https:\/\/contextoanalisisperiodistico.com\/wp-content\/uploads\/2023\/12\/IMG-20231226-WA0056-1536x864.jpg",1536,864,true],"2048x2048":["https:\/\/contextoanalisisperiodistico.com\/wp-content\/uploads\/2023\/12\/IMG-20231226-WA0056.jpg",1600,900,false],"covernews-slider-full":["https:\/\/contextoanalisisperiodistico.com\/wp-content\/uploads\/2023\/12\/IMG-20231226-WA0056-1115x715.jpg",1115,715,true],"covernews-slider-center":["https:\/\/contextoanalisisperiodistico.com\/wp-content\/uploads\/2023\/12\/IMG-20231226-WA0056-800x500.jpg",800,500,true],"covernews-featured":["https:\/\/contextoanalisisperiodistico.com\/wp-content\/uploads\/2023\/12\/IMG-20231226-WA0056-1024x576.jpg",1024,576,true],"covernews-medium":["https:\/\/contextoanalisisperiodistico.com\/wp-content\/uploads\/2023\/12\/IMG-20231226-WA0056-540x340.jpg",540,340,true],"covernews-medium-square":["https:\/\/contextoanalisisperiodistico.com\/wp-content\/uploads\/2023\/12\/IMG-20231226-WA0056-400x250.jpg",400,250,true]},"author_info":{"display_name":"Mario Gir\u00f3n","author_link":"https:\/\/contextoanalisisperiodistico.com\/index.php\/author\/director\/"},"category_info":"<a href=\"https:\/\/contextoanalisisperiodistico.com\/index.php\/category\/salud\/\" rel=\"category tag\">Salud<\/a>","tag_info":"Salud","comment_count":"0","jetpack_featured_media_url":"https:\/\/contextoanalisisperiodistico.com\/wp-content\/uploads\/2023\/12\/IMG-20231226-WA0056.jpg","_links":{"self":[{"href":"https:\/\/contextoanalisisperiodistico.com\/index.php\/wp-json\/wp\/v2\/posts\/22815"}],"collection":[{"href":"https:\/\/contextoanalisisperiodistico.com\/index.php\/wp-json\/wp\/v2\/posts"}],"about":[{"href":"https:\/\/contextoanalisisperiodistico.com\/index.php\/wp-json\/wp\/v2\/types\/post"}],"author":[{"embeddable":true,"href":"https:\/\/contextoanalisisperiodistico.com\/index.php\/wp-json\/wp\/v2\/users\/4"}],"replies":[{"embeddable":true,"href":"https:\/\/contextoanalisisperiodistico.com\/index.php\/wp-json\/wp\/v2\/comments?post=22815"}],"version-history":[{"count":0,"href":"https:\/\/contextoanalisisperiodistico.com\/index.php\/wp-json\/wp\/v2\/posts\/22815\/revisions"}],"wp:featuredmedia":[{"embeddable":true,"href":"https:\/\/contextoanalisisperiodistico.com\/index.php\/wp-json\/wp\/v2\/media\/22812"}],"wp:attachment":[{"href":"https:\/\/contextoanalisisperiodistico.com\/index.php\/wp-json\/wp\/v2\/media?parent=22815"}],"wp:term":[{"taxonomy":"category","embeddable":true,"href":"https:\/\/contextoanalisisperiodistico.com\/index.php\/wp-json\/wp\/v2\/categories?post=22815"},{"taxonomy":"post_tag","embeddable":true,"href":"https:\/\/contextoanalisisperiodistico.com\/index.php\/wp-json\/wp\/v2\/tags?post=22815"}],"curies":[{"name":"wp","href":"https:\/\/api.w.org\/{rel}","templated":true}]}}