{"id":22789,"date":"2023-12-24T13:36:36","date_gmt":"2023-12-24T19:36:36","guid":{"rendered":"https:\/\/contextoanalisisperiodistico.com\/index.php\/2023\/12\/24\/impulsa-secretaria-de-las-mujeres-autonomia-economica\/"},"modified":"2023-12-24T13:36:36","modified_gmt":"2023-12-24T19:36:36","slug":"impulsa-secretaria-de-las-mujeres-autonomia-economica","status":"publish","type":"post","link":"https:\/\/contextoanalisisperiodistico.com\/index.php\/2023\/12\/24\/impulsa-secretaria-de-las-mujeres-autonomia-economica\/","title":{"rendered":"Impulsa Secretar\u00eda de las Mujeres autonom\u00eda econ\u00f3mica"},"content":{"rendered":"<div id=\"fb-root\"><\/div>\n\n<p>\u2022 La dependencia entreg\u00f3 m\u00e1s de 7 millones de pesos a f\u00e9minas beneficiarias del programa Mujeres que Transforman, Cr\u00e9ditos a la Palabra<\/p>\n\n\n\n<p>Oaxaca de Ju\u00e1rez, Oax., 24 de diciembre de 2023.- La Secretar\u00eda de las Mujeres (SM) entreg\u00f3 7 millones 100 mil pesos a m\u00e1s de mil f\u00e9minas beneficiarias del programa Mujeres que Transforman Cr\u00e9ditos a la Palabra, el cual tiene el objetivo de impulsar la autonom\u00eda de las oaxaque\u00f1as.<\/p>\n\n\n\n<p>La titular de la SM, Elisa Zepeda Lagunas explic\u00f3 que con este programa tambi\u00e9n se busca fomentar el acceso de las mujeres en condiciones de vulnerabilidad a un financiamiento inclusivo y progresivo.<\/p>\n\n\n\n<p>Agreg\u00f3 que durante dos d\u00edas se han beneficiado a mujeres que viven en municipios con Alerta de Violencia de G\u00e9nero, como Ocotl\u00e1n de Morelos, Ayoquezco de Aldama, la Ci\u00e9nega de Zimatl\u00e1n y Santa Ana Tlapacoyan, as\u00ed como a f\u00e9minas que pertenecen a los grupos Mujeres Poderosas, Sabor y Color, y Endulzando el coraz\u00f3n.<\/p>\n\n\n\n<p>En presencia de Tania Albarr\u00e1n Ocampo, directora del Centro de Justicia para las Mujeres, Zepeda Lagunas inform\u00f3 que a trav\u00e9s de Mujeres que Transforman se han atendido a 30 municipios con Alerta de Violencia de G\u00e9nero, identificados gracias al trabajo colaborativo entre el organismo, la SM y los institutos municipales de las mujeres.<\/p>\n\n\n\n<p>Dijo que, el programa se lleva a cabo en seguimiento a los compromisos asumidos por este gobierno encabezado por Salom\u00f3n Jara Cruz, para abonar a la construcci\u00f3n de mejores condiciones en un Oaxaca m\u00e1s igualitario, a trav\u00e9s de un proyecto de transformaci\u00f3n en el que se aplique la pol\u00edtica de manera humanista.<\/p>\n\n\n\n<p>-0-<\/p>\n\n\n\n<figure class=\"wp-block-image size-large\"><img fetchpriority=\"high\" decoding=\"async\" width=\"1024\" height=\"683\" src=\"https:\/\/contextoanalisisperiodistico.com\/wp-content\/uploads\/2023\/12\/img-20231224-wa00573708595297608437200-1024x683.jpg\" alt=\"\" class=\"wp-image-22788\" srcset=\"https:\/\/contextoanalisisperiodistico.com\/wp-content\/uploads\/2023\/12\/img-20231224-wa00573708595297608437200-1024x683.jpg 1024w, https:\/\/contextoanalisisperiodistico.com\/wp-content\/uploads\/2023\/12\/img-20231224-wa00573708595297608437200-300x200.jpg 300w, https:\/\/contextoanalisisperiodistico.com\/wp-content\/uploads\/2023\/12\/img-20231224-wa00573708595297608437200-768x512.jpg 768w, https:\/\/contextoanalisisperiodistico.com\/wp-content\/uploads\/2023\/12\/img-20231224-wa00573708595297608437200.jpg 1080w\" sizes=\"(max-width: 1024px) 100vw, 1024px\" \/><\/figure>\n\n\n\n<figure class=\"wp-block-image\"><img decoding=\"async\" width=\"1024\" height=\"683\" src=\"https:\/\/contextoanalisisperiodistico.com\/wp-content\/uploads\/2023\/12\/img-20231224-wa0058421723057745516302-1024x683.jpg\" alt=\"\" class=\"wp-image-22787\" srcset=\"https:\/\/contextoanalisisperiodistico.com\/wp-content\/uploads\/2023\/12\/img-20231224-wa0058421723057745516302-1024x683.jpg 1024w, https:\/\/contextoanalisisperiodistico.com\/wp-content\/uploads\/2023\/12\/img-20231224-wa0058421723057745516302-300x200.jpg 300w, https:\/\/contextoanalisisperiodistico.com\/wp-content\/uploads\/2023\/12\/img-20231224-wa0058421723057745516302-768x512.jpg 768w, https:\/\/contextoanalisisperiodistico.com\/wp-content\/uploads\/2023\/12\/img-20231224-wa0058421723057745516302.jpg 1080w\" sizes=\"(max-width: 1024px) 100vw, 1024px\" \/><\/figure>\n\n\n\n<figure class=\"wp-block-image\"><img decoding=\"async\" width=\"1024\" height=\"683\" src=\"https:\/\/contextoanalisisperiodistico.com\/wp-content\/uploads\/2023\/12\/img-20231224-wa00557270208907741788338-1024x683.jpg\" alt=\"\" class=\"wp-image-22786\" srcset=\"https:\/\/contextoanalisisperiodistico.com\/wp-content\/uploads\/2023\/12\/img-20231224-wa00557270208907741788338-1024x683.jpg 1024w, https:\/\/contextoanalisisperiodistico.com\/wp-content\/uploads\/2023\/12\/img-20231224-wa00557270208907741788338-300x200.jpg 300w, https:\/\/contextoanalisisperiodistico.com\/wp-content\/uploads\/2023\/12\/img-20231224-wa00557270208907741788338-768x512.jpg 768w, https:\/\/contextoanalisisperiodistico.com\/wp-content\/uploads\/2023\/12\/img-20231224-wa00557270208907741788338.jpg 1080w\" sizes=\"(max-width: 1024px) 100vw, 1024px\" \/><\/figure>\n","protected":false},"excerpt":{"rendered":"<p>\u2022 La dependencia entreg\u00f3 m\u00e1s de 7 millones de pesos a f\u00e9minas beneficiarias del programa&#8230;<\/p>\n","protected":false},"author":4,"featured_media":22785,"comment_status":"","ping_status":"open","sticky":false,"template":"","format":"standard","meta":{"footnotes":""},"categories":[9],"tags":[],"jetpack_sharing_enabled":true,"featured_image_urls":{"full":["https:\/\/contextoanalisisperiodistico.com\/wp-content\/uploads\/2023\/12\/IMG-20231224-WA0056.jpg",1080,720,false],"thumbnail":["https:\/\/contextoanalisisperiodistico.com\/wp-content\/uploads\/2023\/12\/IMG-20231224-WA0056-150x150.jpg",150,150,true],"medium":["https:\/\/contextoanalisisperiodistico.com\/wp-content\/uploads\/2023\/12\/IMG-20231224-WA0056-300x200.jpg",300,200,true],"medium_large":["https:\/\/contextoanalisisperiodistico.com\/wp-content\/uploads\/2023\/12\/IMG-20231224-WA0056-768x512.jpg",640,427,true],"large":["https:\/\/contextoanalisisperiodistico.com\/wp-content\/uploads\/2023\/12\/IMG-20231224-WA0056-1024x683.jpg",640,427,true],"1536x1536":["https:\/\/contextoanalisisperiodistico.com\/wp-content\/uploads\/2023\/12\/IMG-20231224-WA0056.jpg",1080,720,false],"2048x2048":["https:\/\/contextoanalisisperiodistico.com\/wp-content\/uploads\/2023\/12\/IMG-20231224-WA0056.jpg",1080,720,false],"covernews-slider-full":["https:\/\/contextoanalisisperiodistico.com\/wp-content\/uploads\/2023\/12\/IMG-20231224-WA0056-1080x715.jpg",1080,715,true],"covernews-slider-center":["https:\/\/contextoanalisisperiodistico.com\/wp-content\/uploads\/2023\/12\/IMG-20231224-WA0056-800x500.jpg",800,500,true],"covernews-featured":["https:\/\/contextoanalisisperiodistico.com\/wp-content\/uploads\/2023\/12\/IMG-20231224-WA0056-1024x683.jpg",1024,683,true],"covernews-medium":["https:\/\/contextoanalisisperiodistico.com\/wp-content\/uploads\/2023\/12\/IMG-20231224-WA0056-540x340.jpg",540,340,true],"covernews-medium-square":["https:\/\/contextoanalisisperiodistico.com\/wp-content\/uploads\/2023\/12\/IMG-20231224-WA0056-400x250.jpg",400,250,true]},"author_info":{"display_name":"Mario Gir\u00f3n","author_link":"https:\/\/contextoanalisisperiodistico.com\/index.php\/author\/director\/"},"category_info":"<a href=\"https:\/\/contextoanalisisperiodistico.com\/index.php\/category\/politica\/\" rel=\"category tag\">Pol\u00edtica<\/a>","tag_info":"Pol\u00edtica","comment_count":"0","jetpack_featured_media_url":"https:\/\/contextoanalisisperiodistico.com\/wp-content\/uploads\/2023\/12\/IMG-20231224-WA0056.jpg","_links":{"self":[{"href":"https:\/\/contextoanalisisperiodistico.com\/index.php\/wp-json\/wp\/v2\/posts\/22789"}],"collection":[{"href":"https:\/\/contextoanalisisperiodistico.com\/index.php\/wp-json\/wp\/v2\/posts"}],"about":[{"href":"https:\/\/contextoanalisisperiodistico.com\/index.php\/wp-json\/wp\/v2\/types\/post"}],"author":[{"embeddable":true,"href":"https:\/\/contextoanalisisperiodistico.com\/index.php\/wp-json\/wp\/v2\/users\/4"}],"replies":[{"embeddable":true,"href":"https:\/\/contextoanalisisperiodistico.com\/index.php\/wp-json\/wp\/v2\/comments?post=22789"}],"version-history":[{"count":0,"href":"https:\/\/contextoanalisisperiodistico.com\/index.php\/wp-json\/wp\/v2\/posts\/22789\/revisions"}],"wp:featuredmedia":[{"embeddable":true,"href":"https:\/\/contextoanalisisperiodistico.com\/index.php\/wp-json\/wp\/v2\/media\/22785"}],"wp:attachment":[{"href":"https:\/\/contextoanalisisperiodistico.com\/index.php\/wp-json\/wp\/v2\/media?parent=22789"}],"wp:term":[{"taxonomy":"category","embeddable":true,"href":"https:\/\/contextoanalisisperiodistico.com\/index.php\/wp-json\/wp\/v2\/categories?post=22789"},{"taxonomy":"post_tag","embeddable":true,"href":"https:\/\/contextoanalisisperiodistico.com\/index.php\/wp-json\/wp\/v2\/tags?post=22789"}],"curies":[{"name":"wp","href":"https:\/\/api.w.org\/{rel}","templated":true}]}}