{"id":22784,"date":"2023-12-24T13:32:12","date_gmt":"2023-12-24T19:32:12","guid":{"rendered":"https:\/\/contextoanalisisperiodistico.com\/index.php\/2023\/12\/24\/desea-gobernador-salomon-jara-una-feliz-navidad-a-las-y-los-oaxaquenos\/"},"modified":"2023-12-24T13:32:12","modified_gmt":"2023-12-24T19:32:12","slug":"desea-gobernador-salomon-jara-una-feliz-navidad-a-las-y-los-oaxaquenos","status":"publish","type":"post","link":"https:\/\/contextoanalisisperiodistico.com\/index.php\/2023\/12\/24\/desea-gobernador-salomon-jara-una-feliz-navidad-a-las-y-los-oaxaquenos\/","title":{"rendered":"<em>Desea Gobernador Salom\u00f3n Jara una Feliz Navidad a las y los oaxaque\u00f1os<\/em>"},"content":{"rendered":"<div id=\"fb-root\"><\/div>\n\n<p>\u2022 Afirm\u00f3 que 2023 quedar\u00e1 marcado como el a\u00f1o en que inici\u00f3 una nueva etapa en la historia de Oaxaca<\/p>\n\n\n\n<figure class=\"wp-block-video\"><video controls src=\"https:\/\/contextoanalisisperiodistico.com\/wp-content\/uploads\/2023\/12\/VID-20231224-WA0054-1.mp4\"><\/video><\/figure>\n\n\n\n<figure class=\"wp-block-image size-large\"><img fetchpriority=\"high\" decoding=\"async\" width=\"616\" height=\"312\" src=\"https:\/\/contextoanalisisperiodistico.com\/wp-content\/uploads\/2023\/12\/screenshot_20231224_132545_photos8533293614074161965.jpg\" alt=\"\" class=\"wp-image-22783\" srcset=\"https:\/\/contextoanalisisperiodistico.com\/wp-content\/uploads\/2023\/12\/screenshot_20231224_132545_photos8533293614074161965.jpg 616w, https:\/\/contextoanalisisperiodistico.com\/wp-content\/uploads\/2023\/12\/screenshot_20231224_132545_photos8533293614074161965-300x152.jpg 300w\" sizes=\"(max-width: 616px) 100vw, 616px\" \/><\/figure>\n\n\n\n<p>\u2022 Destac\u00f3 que el a\u00f1o 2024 ser\u00e1 mucho mejor con el gobierno del pueblo, al contar con una ruta bien definida y un presupuesto con sentido social<br \/>Oaxaca de Ju\u00e1rez, Oax. 24 de diciembre de 2023.- El Gobernador del Estado Salom\u00f3n Jara Cruz dese\u00f3 a las y los oaxaque\u00f1os una Feliz Navidad, que sus mejores deseos se hagan realidad y que la felicidad sea el com\u00fan denominador en todas las comunidades.<\/p>\n\n\n\n<p>A trav\u00e9s de sus redes sociales, el Mandatario estatal destac\u00f3 que el pueblo de Oaxaca es un ejemplo de generosidad y esp\u00edritu comunitario, por eso las calles y los hogares se iluminan con la alegr\u00eda de estas fiestas.<\/p>\n\n\n\n<p>Confi\u00f3 en que cada oaxaque\u00f1a y oaxaque\u00f1o encuentre en esta celebraci\u00f3n la oportunidad para reconciliarse, para vivir en paz y armon\u00eda.<\/p>\n\n\n\n<p>Asegur\u00f3 que el a\u00f1o 2023 ha sido un a\u00f1o especial lleno de desaf\u00edos, pero sobre todo de grandes satisfacciones.<\/p>\n\n\n\n<p>\u201cEl 2023 quedar\u00e1 marcado como el a\u00f1o en que inici\u00f3 una nueva etapa en la historia de Oaxaca, como el inicio de la transformaci\u00f3n en la que nuestro pueblo tom\u00f3 el destino en sus manos para llevarlo por el camino del bienestar, la justicia y el desarrollo para todas y todos\u201d, resalt\u00f3.<\/p>\n\n\n\n<p>Dijo que el a\u00f1o 2024 ser\u00e1 mucho mejor con el gobierno del pueblo, \u201ccon una ruta bien definida y un presupuesto con sentido social con que haremos posible una vida mejor y un Oaxaca nuevo en beneficio de este maravilloso pueblo\u201d.<\/p>\n\n\n\n<p>A nombre de su familia dese\u00f3 a todo el estado de Oaxaca una Feliz Navidad y un pr\u00f3spero a\u00f1o 2024.<\/p>\n\n\n\n<p>-0-<\/p>\n\n\n\n<p><\/p>\n","protected":false},"excerpt":{"rendered":"<p>\u2022 Afirm\u00f3 que 2023 quedar\u00e1 marcado como el a\u00f1o en que inici\u00f3 una nueva etapa&#8230;<\/p>\n","protected":false},"author":4,"featured_media":22781,"comment_status":"","ping_status":"open","sticky":false,"template":"","format":"standard","meta":{"footnotes":""},"categories":[9],"tags":[],"jetpack_sharing_enabled":true,"featured_image_urls":{"full":["https:\/\/contextoanalisisperiodistico.com\/wp-content\/uploads\/2023\/12\/Screenshot_20231224_132434_WhatsApp-1.jpg",720,387,false],"thumbnail":["https:\/\/contextoanalisisperiodistico.com\/wp-content\/uploads\/2023\/12\/Screenshot_20231224_132434_WhatsApp-1-150x150.jpg",150,150,true],"medium":["https:\/\/contextoanalisisperiodistico.com\/wp-content\/uploads\/2023\/12\/Screenshot_20231224_132434_WhatsApp-1-300x161.jpg",300,161,true],"medium_large":["https:\/\/contextoanalisisperiodistico.com\/wp-content\/uploads\/2023\/12\/Screenshot_20231224_132434_WhatsApp-1.jpg",640,344,false],"large":["https:\/\/contextoanalisisperiodistico.com\/wp-content\/uploads\/2023\/12\/Screenshot_20231224_132434_WhatsApp-1.jpg",640,344,false],"1536x1536":["https:\/\/contextoanalisisperiodistico.com\/wp-content\/uploads\/2023\/12\/Screenshot_20231224_132434_WhatsApp-1.jpg",720,387,false],"2048x2048":["https:\/\/contextoanalisisperiodistico.com\/wp-content\/uploads\/2023\/12\/Screenshot_20231224_132434_WhatsApp-1.jpg",720,387,false],"covernews-slider-full":["https:\/\/contextoanalisisperiodistico.com\/wp-content\/uploads\/2023\/12\/Screenshot_20231224_132434_WhatsApp-1.jpg",720,387,false],"covernews-slider-center":["https:\/\/contextoanalisisperiodistico.com\/wp-content\/uploads\/2023\/12\/Screenshot_20231224_132434_WhatsApp-1.jpg",720,387,false],"covernews-featured":["https:\/\/contextoanalisisperiodistico.com\/wp-content\/uploads\/2023\/12\/Screenshot_20231224_132434_WhatsApp-1.jpg",720,387,false],"covernews-medium":["https:\/\/contextoanalisisperiodistico.com\/wp-content\/uploads\/2023\/12\/Screenshot_20231224_132434_WhatsApp-1-540x340.jpg",540,340,true],"covernews-medium-square":["https:\/\/contextoanalisisperiodistico.com\/wp-content\/uploads\/2023\/12\/Screenshot_20231224_132434_WhatsApp-1-400x250.jpg",400,250,true]},"author_info":{"display_name":"Mario Gir\u00f3n","author_link":"https:\/\/contextoanalisisperiodistico.com\/index.php\/author\/director\/"},"category_info":"<a href=\"https:\/\/contextoanalisisperiodistico.com\/index.php\/category\/politica\/\" rel=\"category tag\">Pol\u00edtica<\/a>","tag_info":"Pol\u00edtica","comment_count":"0","jetpack_featured_media_url":"https:\/\/contextoanalisisperiodistico.com\/wp-content\/uploads\/2023\/12\/Screenshot_20231224_132434_WhatsApp-1.jpg","_links":{"self":[{"href":"https:\/\/contextoanalisisperiodistico.com\/index.php\/wp-json\/wp\/v2\/posts\/22784"}],"collection":[{"href":"https:\/\/contextoanalisisperiodistico.com\/index.php\/wp-json\/wp\/v2\/posts"}],"about":[{"href":"https:\/\/contextoanalisisperiodistico.com\/index.php\/wp-json\/wp\/v2\/types\/post"}],"author":[{"embeddable":true,"href":"https:\/\/contextoanalisisperiodistico.com\/index.php\/wp-json\/wp\/v2\/users\/4"}],"replies":[{"embeddable":true,"href":"https:\/\/contextoanalisisperiodistico.com\/index.php\/wp-json\/wp\/v2\/comments?post=22784"}],"version-history":[{"count":0,"href":"https:\/\/contextoanalisisperiodistico.com\/index.php\/wp-json\/wp\/v2\/posts\/22784\/revisions"}],"wp:featuredmedia":[{"embeddable":true,"href":"https:\/\/contextoanalisisperiodistico.com\/index.php\/wp-json\/wp\/v2\/media\/22781"}],"wp:attachment":[{"href":"https:\/\/contextoanalisisperiodistico.com\/index.php\/wp-json\/wp\/v2\/media?parent=22784"}],"wp:term":[{"taxonomy":"category","embeddable":true,"href":"https:\/\/contextoanalisisperiodistico.com\/index.php\/wp-json\/wp\/v2\/categories?post=22784"},{"taxonomy":"post_tag","embeddable":true,"href":"https:\/\/contextoanalisisperiodistico.com\/index.php\/wp-json\/wp\/v2\/tags?post=22784"}],"curies":[{"name":"wp","href":"https:\/\/api.w.org\/{rel}","templated":true}]}}