{"id":22740,"date":"2023-12-23T06:09:01","date_gmt":"2023-12-23T12:09:01","guid":{"rendered":"https:\/\/contextoanalisisperiodistico.com\/index.php\/2023\/12\/23\/celebra-gobierno-de-oaxaca-primer-desfile-de-noche-de-rabanos\/"},"modified":"2023-12-23T06:09:01","modified_gmt":"2023-12-23T12:09:01","slug":"celebra-gobierno-de-oaxaca-primer-desfile-de-noche-de-rabanos","status":"publish","type":"post","link":"https:\/\/contextoanalisisperiodistico.com\/index.php\/2023\/12\/23\/celebra-gobierno-de-oaxaca-primer-desfile-de-noche-de-rabanos\/","title":{"rendered":"Celebra Gobierno de Oaxaca Primer Desfile de Noche de R\u00e1banos"},"content":{"rendered":"<div id=\"fb-root\"><\/div>\n\n<p>\u2022 La actividad realizada por primera vez en la capital fue encabezada por la secretaria de Turismo Saymi Pineda Velasco, a fin de mantener viva esta tradici\u00f3n \u00fanica de las y los oaxaque\u00f1os<\/p>\n\n\n\n<figure class=\"wp-block-image size-large\"><img fetchpriority=\"high\" decoding=\"async\" width=\"1024\" height=\"576\" src=\"https:\/\/contextoanalisisperiodistico.com\/wp-content\/uploads\/2023\/12\/img-20231222-wa00726619106298163215161-1024x576.jpg\" alt=\"\" class=\"wp-image-22735\" srcset=\"https:\/\/contextoanalisisperiodistico.com\/wp-content\/uploads\/2023\/12\/img-20231222-wa00726619106298163215161-1024x576.jpg 1024w, https:\/\/contextoanalisisperiodistico.com\/wp-content\/uploads\/2023\/12\/img-20231222-wa00726619106298163215161-300x169.jpg 300w, https:\/\/contextoanalisisperiodistico.com\/wp-content\/uploads\/2023\/12\/img-20231222-wa00726619106298163215161-768x432.jpg 768w, https:\/\/contextoanalisisperiodistico.com\/wp-content\/uploads\/2023\/12\/img-20231222-wa00726619106298163215161-1536x864.jpg 1536w, https:\/\/contextoanalisisperiodistico.com\/wp-content\/uploads\/2023\/12\/img-20231222-wa00726619106298163215161.jpg 1600w\" sizes=\"(max-width: 1024px) 100vw, 1024px\" \/><\/figure>\n\n\n\n<figure class=\"wp-block-image\"><img decoding=\"async\" width=\"682\" height=\"1024\" src=\"https:\/\/contextoanalisisperiodistico.com\/wp-content\/uploads\/2023\/12\/img-20231222-wa00802035119789432780939-682x1024.jpg\" alt=\"\" class=\"wp-image-22734\" srcset=\"https:\/\/contextoanalisisperiodistico.com\/wp-content\/uploads\/2023\/12\/img-20231222-wa00802035119789432780939-682x1024.jpg 682w, https:\/\/contextoanalisisperiodistico.com\/wp-content\/uploads\/2023\/12\/img-20231222-wa00802035119789432780939-200x300.jpg 200w, https:\/\/contextoanalisisperiodistico.com\/wp-content\/uploads\/2023\/12\/img-20231222-wa00802035119789432780939-768x1153.jpg 768w, https:\/\/contextoanalisisperiodistico.com\/wp-content\/uploads\/2023\/12\/img-20231222-wa00802035119789432780939-1023x1536.jpg 1023w, https:\/\/contextoanalisisperiodistico.com\/wp-content\/uploads\/2023\/12\/img-20231222-wa00802035119789432780939-1024x1537.jpg 1024w, https:\/\/contextoanalisisperiodistico.com\/wp-content\/uploads\/2023\/12\/img-20231222-wa00802035119789432780939.jpg 1066w\" sizes=\"(max-width: 682px) 100vw, 682px\" \/><\/figure>\n\n\n\n<figure class=\"wp-block-image\"><img decoding=\"async\" width=\"1024\" height=\"682\" src=\"https:\/\/contextoanalisisperiodistico.com\/wp-content\/uploads\/2023\/12\/img-20231222-wa00781247973370487996197-1024x682.jpg\" alt=\"\" class=\"wp-image-22736\" srcset=\"https:\/\/contextoanalisisperiodistico.com\/wp-content\/uploads\/2023\/12\/img-20231222-wa00781247973370487996197-1024x682.jpg 1024w, https:\/\/contextoanalisisperiodistico.com\/wp-content\/uploads\/2023\/12\/img-20231222-wa00781247973370487996197-300x200.jpg 300w, https:\/\/contextoanalisisperiodistico.com\/wp-content\/uploads\/2023\/12\/img-20231222-wa00781247973370487996197-768x512.jpg 768w, https:\/\/contextoanalisisperiodistico.com\/wp-content\/uploads\/2023\/12\/img-20231222-wa00781247973370487996197-1536x1023.jpg 1536w, https:\/\/contextoanalisisperiodistico.com\/wp-content\/uploads\/2023\/12\/img-20231222-wa00781247973370487996197.jpg 1600w\" sizes=\"(max-width: 1024px) 100vw, 1024px\" \/><\/figure>\n\n\n\n<figure class=\"wp-block-image\"><img loading=\"lazy\" decoding=\"async\" width=\"1024\" height=\"819\" src=\"https:\/\/contextoanalisisperiodistico.com\/wp-content\/uploads\/2023\/12\/img-20231222-wa00737487509067836738230-1024x819.jpg\" alt=\"\" class=\"wp-image-22737\" srcset=\"https:\/\/contextoanalisisperiodistico.com\/wp-content\/uploads\/2023\/12\/img-20231222-wa00737487509067836738230-1024x819.jpg 1024w, https:\/\/contextoanalisisperiodistico.com\/wp-content\/uploads\/2023\/12\/img-20231222-wa00737487509067836738230-300x240.jpg 300w, https:\/\/contextoanalisisperiodistico.com\/wp-content\/uploads\/2023\/12\/img-20231222-wa00737487509067836738230-768x614.jpg 768w, https:\/\/contextoanalisisperiodistico.com\/wp-content\/uploads\/2023\/12\/img-20231222-wa00737487509067836738230-1536x1228.jpg 1536w, https:\/\/contextoanalisisperiodistico.com\/wp-content\/uploads\/2023\/12\/img-20231222-wa00737487509067836738230.jpg 1600w\" sizes=\"(max-width: 1024px) 100vw, 1024px\" \/><\/figure>\n\n\n\n<figure class=\"wp-block-image\"><img loading=\"lazy\" decoding=\"async\" width=\"1024\" height=\"682\" src=\"https:\/\/contextoanalisisperiodistico.com\/wp-content\/uploads\/2023\/12\/img-20231222-wa00796851390324888018947-1024x682.jpg\" alt=\"\" class=\"wp-image-22738\" srcset=\"https:\/\/contextoanalisisperiodistico.com\/wp-content\/uploads\/2023\/12\/img-20231222-wa00796851390324888018947-1024x682.jpg 1024w, https:\/\/contextoanalisisperiodistico.com\/wp-content\/uploads\/2023\/12\/img-20231222-wa00796851390324888018947-300x200.jpg 300w, https:\/\/contextoanalisisperiodistico.com\/wp-content\/uploads\/2023\/12\/img-20231222-wa00796851390324888018947-768x512.jpg 768w, https:\/\/contextoanalisisperiodistico.com\/wp-content\/uploads\/2023\/12\/img-20231222-wa00796851390324888018947-1536x1023.jpg 1536w, https:\/\/contextoanalisisperiodistico.com\/wp-content\/uploads\/2023\/12\/img-20231222-wa00796851390324888018947.jpg 1600w\" sizes=\"(max-width: 1024px) 100vw, 1024px\" \/><\/figure>\n\n\n\n<figure class=\"wp-block-image\"><img loading=\"lazy\" decoding=\"async\" width=\"1024\" height=\"682\" src=\"https:\/\/contextoanalisisperiodistico.com\/wp-content\/uploads\/2023\/12\/img-20231222-wa00747447209749641902868-1024x682.jpg\" alt=\"\" class=\"wp-image-22739\" srcset=\"https:\/\/contextoanalisisperiodistico.com\/wp-content\/uploads\/2023\/12\/img-20231222-wa00747447209749641902868-1024x682.jpg 1024w, https:\/\/contextoanalisisperiodistico.com\/wp-content\/uploads\/2023\/12\/img-20231222-wa00747447209749641902868-300x200.jpg 300w, https:\/\/contextoanalisisperiodistico.com\/wp-content\/uploads\/2023\/12\/img-20231222-wa00747447209749641902868-768x512.jpg 768w, https:\/\/contextoanalisisperiodistico.com\/wp-content\/uploads\/2023\/12\/img-20231222-wa00747447209749641902868-1536x1023.jpg 1536w, https:\/\/contextoanalisisperiodistico.com\/wp-content\/uploads\/2023\/12\/img-20231222-wa00747447209749641902868.jpg 1600w\" sizes=\"(max-width: 1024px) 100vw, 1024px\" \/><\/figure>\n\n\n\n<p>Oaxaca de Ju\u00e1rez, Oax. 22 de diciembre de 2023.- R\u00e1banos gigantes, marmotas, carros empujables, as\u00ed como peque\u00f1os tub\u00e9rculos, hojas de totomoxtle y flor inmortal acompa\u00f1aron los carros aleg\u00f3ricos que en conjunto llenaron de color las calles de Oaxaca con el Primer Desfile de Noche de R\u00e1banos que el Gobierno del Estado realiz\u00f3 en el marco de las fiestas decembrinas.<\/p>\n\n\n\n<p>Desde la Fuente de las Ocho Regiones a la Plaza de la Danza, diversas personas compartieron su creatividad, destreza e ingenio al crear disfraces originales a fin de mantener viva esta tradici\u00f3n \u00fanica de las y los oaxaque\u00f1os.<\/p>\n\n\n\n<p>Este desfile realizado por primera vez en la capital del estado fue encabezado por la secretaria de Turismo, Saymi Pineda Velasco, quien se\u00f1al\u00f3 que para el Gobierno que encabeza Salom\u00f3n Jara Cruz, esta festividad tiene el objetivo de compartir la visi\u00f3n de una de las tradiciones m\u00e1s importantes del estado, la cual ha sido reconocida a nivel internacional por la imaginaci\u00f3n empleada de las personas hortelanas y artesanas que se dedican a esta labor.<\/p>\n\n\n\n<p>\u201cCon estas actividades, la administraci\u00f3n actual promueve y salvaguarda las fiestas, costumbres, m\u00fasica y colores que forman parte esencial de la identidad de los pueblos y comunidades oaxaque\u00f1as\u201d, afirm\u00f3.<\/p>\n\n\n\n<p>Tambi\u00e9n participaron m\u00e1s de 80 dependencias de la administraci\u00f3n estatal agrupadas por sector, que caracterizaron sus carros aleg\u00f3ricos con tem\u00e1ticas como historia de noche de r\u00e1banos, figuras hechas con flor inmortal y escenarios tradicionales oaxaque\u00f1os de hoja de totomoxtle.<\/p>\n\n\n\n<p>A este recorrido tambi\u00e9n se sumaron cientos de personas locales, nacionales y extranjeras que apreciaron desde las calles y balcones cada una de las obras presentadas que acompa\u00f1adas de m\u00fasica y luces recorrieron la Verde Antequera.<\/p>\n\n\n\n<p>Al t\u00e9rmino del desfile, la Secretar\u00eda de Turismo de Oaxaca realiz\u00f3 la premiaci\u00f3n de los tres primeros lugares de los concursos de Carros aleg\u00f3ricos y Mejor vestuario relativos a la tradicional Noche de R\u00e1banos 2023.<\/p>\n\n\n\n<p>-0-<\/p>\n","protected":false},"excerpt":{"rendered":"<p>\u2022 La actividad realizada por primera vez en la capital fue encabezada por la secretaria&#8230;<\/p>\n","protected":false},"author":4,"featured_media":22733,"comment_status":"","ping_status":"open","sticky":false,"template":"","format":"standard","meta":{"footnotes":""},"categories":[9],"tags":[],"jetpack_sharing_enabled":true,"featured_image_urls":{"full":["https:\/\/contextoanalisisperiodistico.com\/wp-content\/uploads\/2023\/12\/IMG-20231222-WA0076.jpg",1600,1066,false],"thumbnail":["https:\/\/contextoanalisisperiodistico.com\/wp-content\/uploads\/2023\/12\/IMG-20231222-WA0076-150x150.jpg",150,150,true],"medium":["https:\/\/contextoanalisisperiodistico.com\/wp-content\/uploads\/2023\/12\/IMG-20231222-WA0076-300x200.jpg",300,200,true],"medium_large":["https:\/\/contextoanalisisperiodistico.com\/wp-content\/uploads\/2023\/12\/IMG-20231222-WA0076-768x512.jpg",640,427,true],"large":["https:\/\/contextoanalisisperiodistico.com\/wp-content\/uploads\/2023\/12\/IMG-20231222-WA0076-1024x682.jpg",640,426,true],"1536x1536":["https:\/\/contextoanalisisperiodistico.com\/wp-content\/uploads\/2023\/12\/IMG-20231222-WA0076-1536x1023.jpg",1536,1023,true],"2048x2048":["https:\/\/contextoanalisisperiodistico.com\/wp-content\/uploads\/2023\/12\/IMG-20231222-WA0076.jpg",1600,1066,false],"covernews-slider-full":["https:\/\/contextoanalisisperiodistico.com\/wp-content\/uploads\/2023\/12\/IMG-20231222-WA0076-1115x715.jpg",1115,715,true],"covernews-slider-center":["https:\/\/contextoanalisisperiodistico.com\/wp-content\/uploads\/2023\/12\/IMG-20231222-WA0076-800x500.jpg",800,500,true],"covernews-featured":["https:\/\/contextoanalisisperiodistico.com\/wp-content\/uploads\/2023\/12\/IMG-20231222-WA0076-1024x682.jpg",1024,682,true],"covernews-medium":["https:\/\/contextoanalisisperiodistico.com\/wp-content\/uploads\/2023\/12\/IMG-20231222-WA0076-540x340.jpg",540,340,true],"covernews-medium-square":["https:\/\/contextoanalisisperiodistico.com\/wp-content\/uploads\/2023\/12\/IMG-20231222-WA0076-400x250.jpg",400,250,true]},"author_info":{"display_name":"Mario Gir\u00f3n","author_link":"https:\/\/contextoanalisisperiodistico.com\/index.php\/author\/director\/"},"category_info":"<a href=\"https:\/\/contextoanalisisperiodistico.com\/index.php\/category\/politica\/\" rel=\"category tag\">Pol\u00edtica<\/a>","tag_info":"Pol\u00edtica","comment_count":"0","jetpack_featured_media_url":"https:\/\/contextoanalisisperiodistico.com\/wp-content\/uploads\/2023\/12\/IMG-20231222-WA0076.jpg","_links":{"self":[{"href":"https:\/\/contextoanalisisperiodistico.com\/index.php\/wp-json\/wp\/v2\/posts\/22740"}],"collection":[{"href":"https:\/\/contextoanalisisperiodistico.com\/index.php\/wp-json\/wp\/v2\/posts"}],"about":[{"href":"https:\/\/contextoanalisisperiodistico.com\/index.php\/wp-json\/wp\/v2\/types\/post"}],"author":[{"embeddable":true,"href":"https:\/\/contextoanalisisperiodistico.com\/index.php\/wp-json\/wp\/v2\/users\/4"}],"replies":[{"embeddable":true,"href":"https:\/\/contextoanalisisperiodistico.com\/index.php\/wp-json\/wp\/v2\/comments?post=22740"}],"version-history":[{"count":0,"href":"https:\/\/contextoanalisisperiodistico.com\/index.php\/wp-json\/wp\/v2\/posts\/22740\/revisions"}],"wp:featuredmedia":[{"embeddable":true,"href":"https:\/\/contextoanalisisperiodistico.com\/index.php\/wp-json\/wp\/v2\/media\/22733"}],"wp:attachment":[{"href":"https:\/\/contextoanalisisperiodistico.com\/index.php\/wp-json\/wp\/v2\/media?parent=22740"}],"wp:term":[{"taxonomy":"category","embeddable":true,"href":"https:\/\/contextoanalisisperiodistico.com\/index.php\/wp-json\/wp\/v2\/categories?post=22740"},{"taxonomy":"post_tag","embeddable":true,"href":"https:\/\/contextoanalisisperiodistico.com\/index.php\/wp-json\/wp\/v2\/tags?post=22740"}],"curies":[{"name":"wp","href":"https:\/\/api.w.org\/{rel}","templated":true}]}}