{"id":22725,"date":"2023-12-22T11:31:20","date_gmt":"2023-12-22T17:31:20","guid":{"rendered":"https:\/\/contextoanalisisperiodistico.com\/index.php\/2023\/12\/22\/celebra-presidente-lopez-obrador-despunte-economico-de-oaxaca\/"},"modified":"2023-12-22T11:31:20","modified_gmt":"2023-12-22T17:31:20","slug":"celebra-presidente-lopez-obrador-despunte-economico-de-oaxaca","status":"publish","type":"post","link":"https:\/\/contextoanalisisperiodistico.com\/index.php\/2023\/12\/22\/celebra-presidente-lopez-obrador-despunte-economico-de-oaxaca\/","title":{"rendered":"<em>Celebra Presidente L\u00f3pez Obrador despunte econ\u00f3mico de Oaxaca<\/em>"},"content":{"rendered":"<div id=\"fb-root\"><\/div>\n\n<p>\u2022 Reconoce que Oaxaca lidere a los estados en materia de crecimiento econ\u00f3mico con 13.1 por ciento, el m\u00e1s alto en 2023<\/p>\n\n\n\n<figure class=\"wp-block-image size-large\"><img fetchpriority=\"high\" decoding=\"async\" width=\"990\" height=\"660\" src=\"https:\/\/contextoanalisisperiodistico.com\/wp-content\/uploads\/2023\/12\/img-20231222-wa00342302306478089163120.jpg\" alt=\"\" class=\"wp-image-22721\" srcset=\"https:\/\/contextoanalisisperiodistico.com\/wp-content\/uploads\/2023\/12\/img-20231222-wa00342302306478089163120.jpg 990w, https:\/\/contextoanalisisperiodistico.com\/wp-content\/uploads\/2023\/12\/img-20231222-wa00342302306478089163120-300x200.jpg 300w, https:\/\/contextoanalisisperiodistico.com\/wp-content\/uploads\/2023\/12\/img-20231222-wa00342302306478089163120-768x512.jpg 768w\" sizes=\"(max-width: 990px) 100vw, 990px\" \/><\/figure>\n\n\n\n<figure class=\"wp-block-image\"><img decoding=\"async\" width=\"1024\" height=\"682\" src=\"https:\/\/contextoanalisisperiodistico.com\/wp-content\/uploads\/2023\/12\/img-20231222-wa00367977393794763753838-1024x682.jpg\" alt=\"\" class=\"wp-image-22724\" srcset=\"https:\/\/contextoanalisisperiodistico.com\/wp-content\/uploads\/2023\/12\/img-20231222-wa00367977393794763753838-1024x682.jpg 1024w, https:\/\/contextoanalisisperiodistico.com\/wp-content\/uploads\/2023\/12\/img-20231222-wa00367977393794763753838-300x200.jpg 300w, https:\/\/contextoanalisisperiodistico.com\/wp-content\/uploads\/2023\/12\/img-20231222-wa00367977393794763753838-768x512.jpg 768w, https:\/\/contextoanalisisperiodistico.com\/wp-content\/uploads\/2023\/12\/img-20231222-wa00367977393794763753838-1536x1023.jpg 1536w, https:\/\/contextoanalisisperiodistico.com\/wp-content\/uploads\/2023\/12\/img-20231222-wa00367977393794763753838.jpg 1600w\" sizes=\"(max-width: 1024px) 100vw, 1024px\" \/><\/figure>\n\n\n\n<figure class=\"wp-block-image\"><img decoding=\"async\" width=\"300\" height=\"200\" src=\"https:\/\/contextoanalisisperiodistico.com\/wp-content\/uploads\/2023\/12\/img-20231222-wa00357690875642682435796-300x200.jpg\" alt=\"\" class=\"wp-image-22723\" srcset=\"https:\/\/contextoanalisisperiodistico.com\/wp-content\/uploads\/2023\/12\/img-20231222-wa00357690875642682435796-300x200.jpg 300w, https:\/\/contextoanalisisperiodistico.com\/wp-content\/uploads\/2023\/12\/img-20231222-wa00357690875642682435796-768x512.jpg 768w, https:\/\/contextoanalisisperiodistico.com\/wp-content\/uploads\/2023\/12\/img-20231222-wa00357690875642682435796.jpg 990w\" sizes=\"(max-width: 300px) 100vw, 300px\" \/><\/figure>\n\n\n\n<figure class=\"wp-block-image\"><img loading=\"lazy\" decoding=\"async\" width=\"1024\" height=\"683\" src=\"https:\/\/contextoanalisisperiodistico.com\/wp-content\/uploads\/2023\/12\/img-20231222-wa00226046874694726193121-1024x683.jpg\" alt=\"\" class=\"wp-image-22722\" srcset=\"https:\/\/contextoanalisisperiodistico.com\/wp-content\/uploads\/2023\/12\/img-20231222-wa00226046874694726193121-1024x683.jpg 1024w, https:\/\/contextoanalisisperiodistico.com\/wp-content\/uploads\/2023\/12\/img-20231222-wa00226046874694726193121-300x200.jpg 300w, https:\/\/contextoanalisisperiodistico.com\/wp-content\/uploads\/2023\/12\/img-20231222-wa00226046874694726193121-768x512.jpg 768w, https:\/\/contextoanalisisperiodistico.com\/wp-content\/uploads\/2023\/12\/img-20231222-wa00226046874694726193121.jpg 1200w\" sizes=\"(max-width: 1024px) 100vw, 1024px\" \/><\/figure>\n\n\n\n<p>Salina Cruz, Oax. 22 de diciembre de 2023.- El Presidente de la Rep\u00fablica Andr\u00e9s Manuel L\u00f3pez Obrador celebr\u00f3 que el estado de Oaxaca sea la entidad que registre el mayor crecimiento econ\u00f3mico, al tener en este 2023 un aumento del 13.1 por ciento en materia financiera.<\/p>\n\n\n\n<p>Al encabezar desde el puerto de Salina Cruz su conferencia ma\u00f1anera, el Jefe del Ejecutivo federal calific\u00f3 de hist\u00f3rico el crecimiento y ofreci\u00f3 seguir apoyando a la entidad para que contin\u00fae en esa ruta.<\/p>\n\n\n\n<p>\u201cTengo confianza de que Oaxaca va a mantenerse en la misma pol\u00edtica, hacia adelante; se va a consolidar gracias a todas las obras, se van a ampliar y se realizar\u00e1n otras que hacen falta\u201d, afirm\u00f3.<\/p>\n\n\n\n<p>Dijo que parte de este crecimiento econ\u00f3mico es consecuencia de las acciones que su administraci\u00f3n lleva a cabo en las ocho regiones de Oaxaca y que representan 50 mil millones de pesos.<\/p>\n\n\n\n<p>Ejemplific\u00f3 que una de las obras es la planta coquizadora que se lleva a cabo en Salina Cruz con una inversi\u00f3n de 3 mil millones de d\u00f3lares, as\u00ed como la carretera Oaxaca-Mitla-Tehuantepec que se prev\u00e9 concluir entre mayo o junio del 2024.<\/p>\n\n\n\n<p>\u201cEs una carretera que ayudar\u00e1 mucho; hoy son cinco o seis horas de traslado y por la nueva carretera ser\u00e1n dos horas y media, la mitad. Estamos avanzando, incluso aunque faltan viaductos y puentes, pero la vamos a concluir\u201d, asegur\u00f3.<\/p>\n\n\n\n<p>Abund\u00f3 que otra acci\u00f3n es el Plan del Istmo donde se trabajar\u00e1 a marchas forzadas, principalmente en los 400 kil\u00f3metros del tramo de Ciudad Ixtepec a Ciudad Hidalgo, \u201chablaremos con las empresas y debemos acabar en septiembre del 2024 para recordar los 200 a\u00f1os de la anexi\u00f3n de Chiapas a M\u00e9xico. Pretendemos conmemorar esa fecha \u2013el 14 de septiembre- con la inauguraci\u00f3n de esa v\u00eda\u201d, sostuvo.<\/p>\n\n\n\n<p>Record\u00f3 que a su llegada al Gobierno Federal la inversi\u00f3n p\u00fablica era escasa debido a la corrupci\u00f3n, \u201cera 500 mil millones, pero hoy es m\u00e1s de 1 bill\u00f3n de pesos, el doble, as\u00ed que vamos trabajar para que esa pol\u00edtica contin\u00fae\u201d.<\/p>\n\n\n\n<p>Lament\u00f3 que antes no se apostara a la inversi\u00f3n p\u00fablica, pues se ten\u00eda como misi\u00f3n la seguridad, convirti\u00e9ndose en un Estado polic\u00eda, y lo relacionado con el desarrollo se dejaba al sector privado nacional o extranjero cuando \u2013dijo- es el gobierno el que tiene que cumplir con su responsabilidad social de ser promotor del desarrollo, sin embargo, inventaron la falacia de que hab\u00eda que desaparecer o diluir al Estado y dejar todo al mercado, concluy\u00f3.<\/p>\n\n\n\n<p>-0-<\/p>\n","protected":false},"excerpt":{"rendered":"<p>\u2022 Reconoce que Oaxaca lidere a los estados en materia de crecimiento econ\u00f3mico con 13.1&#8230;<\/p>\n","protected":false},"author":4,"featured_media":22720,"comment_status":"","ping_status":"open","sticky":false,"template":"","format":"standard","meta":{"footnotes":""},"categories":[9],"tags":[],"jetpack_sharing_enabled":true,"featured_image_urls":{"full":["https:\/\/contextoanalisisperiodistico.com\/wp-content\/uploads\/2023\/12\/IMG-20231222-WA0033.jpg",909,659,false],"thumbnail":["https:\/\/contextoanalisisperiodistico.com\/wp-content\/uploads\/2023\/12\/IMG-20231222-WA0033-150x150.jpg",150,150,true],"medium":["https:\/\/contextoanalisisperiodistico.com\/wp-content\/uploads\/2023\/12\/IMG-20231222-WA0033-300x217.jpg",300,217,true],"medium_large":["https:\/\/contextoanalisisperiodistico.com\/wp-content\/uploads\/2023\/12\/IMG-20231222-WA0033-768x557.jpg",640,464,true],"large":["https:\/\/contextoanalisisperiodistico.com\/wp-content\/uploads\/2023\/12\/IMG-20231222-WA0033.jpg",640,464,false],"1536x1536":["https:\/\/contextoanalisisperiodistico.com\/wp-content\/uploads\/2023\/12\/IMG-20231222-WA0033.jpg",909,659,false],"2048x2048":["https:\/\/contextoanalisisperiodistico.com\/wp-content\/uploads\/2023\/12\/IMG-20231222-WA0033.jpg",909,659,false],"covernews-slider-full":["https:\/\/contextoanalisisperiodistico.com\/wp-content\/uploads\/2023\/12\/IMG-20231222-WA0033.jpg",909,659,false],"covernews-slider-center":["https:\/\/contextoanalisisperiodistico.com\/wp-content\/uploads\/2023\/12\/IMG-20231222-WA0033-800x500.jpg",800,500,true],"covernews-featured":["https:\/\/contextoanalisisperiodistico.com\/wp-content\/uploads\/2023\/12\/IMG-20231222-WA0033.jpg",909,659,false],"covernews-medium":["https:\/\/contextoanalisisperiodistico.com\/wp-content\/uploads\/2023\/12\/IMG-20231222-WA0033-540x340.jpg",540,340,true],"covernews-medium-square":["https:\/\/contextoanalisisperiodistico.com\/wp-content\/uploads\/2023\/12\/IMG-20231222-WA0033-400x250.jpg",400,250,true]},"author_info":{"display_name":"Mario Gir\u00f3n","author_link":"https:\/\/contextoanalisisperiodistico.com\/index.php\/author\/director\/"},"category_info":"<a href=\"https:\/\/contextoanalisisperiodistico.com\/index.php\/category\/politica\/\" rel=\"category tag\">Pol\u00edtica<\/a>","tag_info":"Pol\u00edtica","comment_count":"0","jetpack_featured_media_url":"https:\/\/contextoanalisisperiodistico.com\/wp-content\/uploads\/2023\/12\/IMG-20231222-WA0033.jpg","_links":{"self":[{"href":"https:\/\/contextoanalisisperiodistico.com\/index.php\/wp-json\/wp\/v2\/posts\/22725"}],"collection":[{"href":"https:\/\/contextoanalisisperiodistico.com\/index.php\/wp-json\/wp\/v2\/posts"}],"about":[{"href":"https:\/\/contextoanalisisperiodistico.com\/index.php\/wp-json\/wp\/v2\/types\/post"}],"author":[{"embeddable":true,"href":"https:\/\/contextoanalisisperiodistico.com\/index.php\/wp-json\/wp\/v2\/users\/4"}],"replies":[{"embeddable":true,"href":"https:\/\/contextoanalisisperiodistico.com\/index.php\/wp-json\/wp\/v2\/comments?post=22725"}],"version-history":[{"count":0,"href":"https:\/\/contextoanalisisperiodistico.com\/index.php\/wp-json\/wp\/v2\/posts\/22725\/revisions"}],"wp:featuredmedia":[{"embeddable":true,"href":"https:\/\/contextoanalisisperiodistico.com\/index.php\/wp-json\/wp\/v2\/media\/22720"}],"wp:attachment":[{"href":"https:\/\/contextoanalisisperiodistico.com\/index.php\/wp-json\/wp\/v2\/media?parent=22725"}],"wp:term":[{"taxonomy":"category","embeddable":true,"href":"https:\/\/contextoanalisisperiodistico.com\/index.php\/wp-json\/wp\/v2\/categories?post=22725"},{"taxonomy":"post_tag","embeddable":true,"href":"https:\/\/contextoanalisisperiodistico.com\/index.php\/wp-json\/wp\/v2\/tags?post=22725"}],"curies":[{"name":"wp","href":"https:\/\/api.w.org\/{rel}","templated":true}]}}