{"id":22719,"date":"2023-12-22T10:35:46","date_gmt":"2023-12-22T16:35:46","guid":{"rendered":"https:\/\/contextoanalisisperiodistico.com\/index.php\/2023\/12\/22\/con-dialogo-alcanzamos-decisiones-martinez-neri\/"},"modified":"2023-12-22T10:35:46","modified_gmt":"2023-12-22T16:35:46","slug":"con-dialogo-alcanzamos-decisiones-martinez-neri","status":"publish","type":"post","link":"https:\/\/contextoanalisisperiodistico.com\/index.php\/2023\/12\/22\/con-dialogo-alcanzamos-decisiones-martinez-neri\/","title":{"rendered":"Con di\u00e1logo alcanzamos decisiones: Mart\u00ednez Neri"},"content":{"rendered":"<div id=\"fb-root\"><\/div>\n\n<p>En relaci\u00f3n a la postura que asumen los llamados \u00abferieros\u00bb instalados en el paseo Ju\u00e1rez \u00bb El Llano\u00bb, la autoridad municipal informa que:<\/p>\n\n\n\n<p>En pos de asegurar la seguridad vial y bienestar de todas y todos los ciudadanos, la autoridad de Oaxaca de Ju\u00e1rez tom\u00f3 la determinaci\u00f3n de NO autorizar la instalaci\u00f3n de juegos mec\u00e1nicos durante la festividad de la Virgen de la Soledad y, en el caso del paseo Ju\u00e1rez \u00bb El Llano\u00bb , el dictamen aprobado por el Cabildo municipal les permit\u00eda estar instalados hasta ayer 21 de diciembre.<\/p>\n\n\n\n<p>Es importante mencionar que, se les notific\u00f3 el pasado 14 de diciembre que deber\u00edan retirarse en estricto apego a lo que les se\u00f1ale el dictamen en cuesti\u00f3n.<\/p>\n\n\n\n<p>La autoridad municipal hace el llamado para que sea mediante el di\u00e1logo la principal v\u00eda para tomar decisiones. Sigamos trabajando juntas y juntos para el bienestar de nuestra comunidad.<\/p>\n","protected":false},"excerpt":{"rendered":"<p>En relaci\u00f3n a la postura que asumen los llamados \u00abferieros\u00bb instalados en el paseo Ju\u00e1rez&#8230;<\/p>\n","protected":false},"author":4,"featured_media":22718,"comment_status":"","ping_status":"open","sticky":false,"template":"","format":"standard","meta":{"footnotes":""},"categories":[9],"tags":[],"jetpack_sharing_enabled":true,"featured_image_urls":{"full":["https:\/\/contextoanalisisperiodistico.com\/wp-content\/uploads\/2023\/12\/IMG-20231222-WA0023.jpg",1200,1200,false],"thumbnail":["https:\/\/contextoanalisisperiodistico.com\/wp-content\/uploads\/2023\/12\/IMG-20231222-WA0023-150x150.jpg",150,150,true],"medium":["https:\/\/contextoanalisisperiodistico.com\/wp-content\/uploads\/2023\/12\/IMG-20231222-WA0023-300x300.jpg",300,300,true],"medium_large":["https:\/\/contextoanalisisperiodistico.com\/wp-content\/uploads\/2023\/12\/IMG-20231222-WA0023-768x768.jpg",640,640,true],"large":["https:\/\/contextoanalisisperiodistico.com\/wp-content\/uploads\/2023\/12\/IMG-20231222-WA0023-1024x1024.jpg",640,640,true],"1536x1536":["https:\/\/contextoanalisisperiodistico.com\/wp-content\/uploads\/2023\/12\/IMG-20231222-WA0023.jpg",1200,1200,false],"2048x2048":["https:\/\/contextoanalisisperiodistico.com\/wp-content\/uploads\/2023\/12\/IMG-20231222-WA0023.jpg",1200,1200,false],"covernews-slider-full":["https:\/\/contextoanalisisperiodistico.com\/wp-content\/uploads\/2023\/12\/IMG-20231222-WA0023-1115x715.jpg",1115,715,true],"covernews-slider-center":["https:\/\/contextoanalisisperiodistico.com\/wp-content\/uploads\/2023\/12\/IMG-20231222-WA0023-800x500.jpg",800,500,true],"covernews-featured":["https:\/\/contextoanalisisperiodistico.com\/wp-content\/uploads\/2023\/12\/IMG-20231222-WA0023-1024x1024.jpg",1024,1024,true],"covernews-medium":["https:\/\/contextoanalisisperiodistico.com\/wp-content\/uploads\/2023\/12\/IMG-20231222-WA0023-540x340.jpg",540,340,true],"covernews-medium-square":["https:\/\/contextoanalisisperiodistico.com\/wp-content\/uploads\/2023\/12\/IMG-20231222-WA0023-400x250.jpg",400,250,true]},"author_info":{"display_name":"Mario Gir\u00f3n","author_link":"https:\/\/contextoanalisisperiodistico.com\/index.php\/author\/director\/"},"category_info":"<a href=\"https:\/\/contextoanalisisperiodistico.com\/index.php\/category\/politica\/\" rel=\"category tag\">Pol\u00edtica<\/a>","tag_info":"Pol\u00edtica","comment_count":"0","jetpack_featured_media_url":"https:\/\/contextoanalisisperiodistico.com\/wp-content\/uploads\/2023\/12\/IMG-20231222-WA0023.jpg","_links":{"self":[{"href":"https:\/\/contextoanalisisperiodistico.com\/index.php\/wp-json\/wp\/v2\/posts\/22719"}],"collection":[{"href":"https:\/\/contextoanalisisperiodistico.com\/index.php\/wp-json\/wp\/v2\/posts"}],"about":[{"href":"https:\/\/contextoanalisisperiodistico.com\/index.php\/wp-json\/wp\/v2\/types\/post"}],"author":[{"embeddable":true,"href":"https:\/\/contextoanalisisperiodistico.com\/index.php\/wp-json\/wp\/v2\/users\/4"}],"replies":[{"embeddable":true,"href":"https:\/\/contextoanalisisperiodistico.com\/index.php\/wp-json\/wp\/v2\/comments?post=22719"}],"version-history":[{"count":0,"href":"https:\/\/contextoanalisisperiodistico.com\/index.php\/wp-json\/wp\/v2\/posts\/22719\/revisions"}],"wp:featuredmedia":[{"embeddable":true,"href":"https:\/\/contextoanalisisperiodistico.com\/index.php\/wp-json\/wp\/v2\/media\/22718"}],"wp:attachment":[{"href":"https:\/\/contextoanalisisperiodistico.com\/index.php\/wp-json\/wp\/v2\/media?parent=22719"}],"wp:term":[{"taxonomy":"category","embeddable":true,"href":"https:\/\/contextoanalisisperiodistico.com\/index.php\/wp-json\/wp\/v2\/categories?post=22719"},{"taxonomy":"post_tag","embeddable":true,"href":"https:\/\/contextoanalisisperiodistico.com\/index.php\/wp-json\/wp\/v2\/tags?post=22719"}],"curies":[{"name":"wp","href":"https:\/\/api.w.org\/{rel}","templated":true}]}}