{"id":22680,"date":"2023-12-20T09:19:57","date_gmt":"2023-12-20T15:19:57","guid":{"rendered":"https:\/\/contextoanalisisperiodistico.com\/index.php\/2023\/12\/20\/habra-heladas-vientos-del-norte-y-temperaturas-minimas-de-hasta-3-grados-en-oaxaca\/"},"modified":"2023-12-20T09:19:57","modified_gmt":"2023-12-20T15:19:57","slug":"habra-heladas-vientos-del-norte-y-temperaturas-minimas-de-hasta-3-grados-en-oaxaca","status":"publish","type":"post","link":"https:\/\/contextoanalisisperiodistico.com\/index.php\/2023\/12\/20\/habra-heladas-vientos-del-norte-y-temperaturas-minimas-de-hasta-3-grados-en-oaxaca\/","title":{"rendered":"Habr\u00e1 heladas, vientos del norte y temperaturas m\u00ednimas de hasta 3 grados en Oaxaca"},"content":{"rendered":"<div id=\"fb-root\"><\/div>\n\n<p>Oaxaca de Ju\u00e1rez, Oax. 20 de diciembre del 2023.- La Coordinaci\u00f3n Estatal de Protecci\u00f3n Civil y Gesti\u00f3n de Riesgos (CEPCyGR) informa que la masa de aire fr\u00eda y seca generada por un sistema de alta presi\u00f3n, se extiende sobre el oriente y sureste de M\u00e9xico hasta el norte de Centroam\u00e9rica, esto de acuerdo con la informaci\u00f3n proporcionada por la Comisi\u00f3n Nacional del Agua (Conagua).<\/p>\n\n\n\n<p>Lo anterior provocar\u00e1 vientos del norte y bajas temperaturas sobre gran parte del estado con probabilidad de heladas en la Mixteca, Sierra de Ju\u00e1rez y Sierra Sur.<\/p>\n\n\n\n<p>La probabilidad de lluvias sigue siendo baja, algunas nieblas se desarrollar\u00e1n en zonas serranas y nubes altas en horas centrales del d\u00eda.<\/p>\n\n\n\n<p>Se exhorta a la poblaci\u00f3n a tener precauci\u00f3n al transitar en veh\u00edculo o a pie en el tramo carretero La Venta-La Ventosa al oriente de la regi\u00f3n del Istmo, debido a que se pronostica para los pr\u00f3ximos d\u00edas la presencia de vientos fuertes a intensos del norte superiores a 100 km\/h, lo que es un factor detonante para accidentes carreteros.<\/p>\n\n\n\n<p>Las temperaturas para este d\u00eda son las siguientes:<\/p>\n\n\n\n<p>\u25cf Valles Centrales, m\u00ednima de 7 y m\u00e1xima de 24 grados.<br \/>\u25cf Istmo de Tehuantepec, m\u00ednima de 18 y m\u00e1xima de 31 grados.<br \/>\u25cf Cuenca del Papaloapan, m\u00ednima de 15 y m\u00e1xima de 25 grados.<br \/>\u25cf Costa, m\u00ednima de 19 y m\u00e1xima de 32 grados.<br \/>\u25cf Mixteca, m\u00ednima de 5 y m\u00e1xima de 25 grados.<br \/>\u25cf Sierra de Flores Mag\u00f3n, m\u00ednima de 8 y m\u00e1xima de 26 grados.<br \/>\u25cf Sierra de Ju\u00e1rez, m\u00ednima de 3 grados y m\u00e1xima de 23 grados.<br \/>\u25cf Sierra Sur, m\u00ednima de 6 y m\u00e1xima de 20 grados.<\/p>\n\n\n\n<p>La CEPCyGR exhorta a la poblaci\u00f3n a tomar precauciones y seguir las recomendaciones de Protecci\u00f3n Civil y Capitan\u00edas de Puerto, as\u00ed como mantenerse informada a trav\u00e9s de los medios y redes sociales oficiales: Facebook @CEPCYGRGobOax y X @CEPCyGR_GobOax.<\/p>\n\n\n\n<p>-0-<\/p>\n","protected":false},"excerpt":{"rendered":"<p>Oaxaca de Ju\u00e1rez, Oax. 20 de diciembre del 2023.- La Coordinaci\u00f3n Estatal de Protecci\u00f3n Civil&#8230;<\/p>\n","protected":false},"author":4,"featured_media":22679,"comment_status":"","ping_status":"open","sticky":false,"template":"","format":"standard","meta":{"footnotes":""},"categories":[9],"tags":[],"jetpack_sharing_enabled":true,"featured_image_urls":{"full":["https:\/\/contextoanalisisperiodistico.com\/wp-content\/uploads\/2023\/12\/IMG-20231220-WA0017.jpg",1600,1200,false],"thumbnail":["https:\/\/contextoanalisisperiodistico.com\/wp-content\/uploads\/2023\/12\/IMG-20231220-WA0017-150x150.jpg",150,150,true],"medium":["https:\/\/contextoanalisisperiodistico.com\/wp-content\/uploads\/2023\/12\/IMG-20231220-WA0017-300x225.jpg",300,225,true],"medium_large":["https:\/\/contextoanalisisperiodistico.com\/wp-content\/uploads\/2023\/12\/IMG-20231220-WA0017-768x576.jpg",640,480,true],"large":["https:\/\/contextoanalisisperiodistico.com\/wp-content\/uploads\/2023\/12\/IMG-20231220-WA0017-1024x768.jpg",640,480,true],"1536x1536":["https:\/\/contextoanalisisperiodistico.com\/wp-content\/uploads\/2023\/12\/IMG-20231220-WA0017-1536x1152.jpg",1536,1152,true],"2048x2048":["https:\/\/contextoanalisisperiodistico.com\/wp-content\/uploads\/2023\/12\/IMG-20231220-WA0017.jpg",1600,1200,false],"covernews-slider-full":["https:\/\/contextoanalisisperiodistico.com\/wp-content\/uploads\/2023\/12\/IMG-20231220-WA0017-1115x715.jpg",1115,715,true],"covernews-slider-center":["https:\/\/contextoanalisisperiodistico.com\/wp-content\/uploads\/2023\/12\/IMG-20231220-WA0017-800x500.jpg",800,500,true],"covernews-featured":["https:\/\/contextoanalisisperiodistico.com\/wp-content\/uploads\/2023\/12\/IMG-20231220-WA0017-1024x768.jpg",1024,768,true],"covernews-medium":["https:\/\/contextoanalisisperiodistico.com\/wp-content\/uploads\/2023\/12\/IMG-20231220-WA0017-540x340.jpg",540,340,true],"covernews-medium-square":["https:\/\/contextoanalisisperiodistico.com\/wp-content\/uploads\/2023\/12\/IMG-20231220-WA0017-400x250.jpg",400,250,true]},"author_info":{"display_name":"Mario Gir\u00f3n","author_link":"https:\/\/contextoanalisisperiodistico.com\/index.php\/author\/director\/"},"category_info":"<a href=\"https:\/\/contextoanalisisperiodistico.com\/index.php\/category\/politica\/\" rel=\"category tag\">Pol\u00edtica<\/a>","tag_info":"Pol\u00edtica","comment_count":"0","jetpack_featured_media_url":"https:\/\/contextoanalisisperiodistico.com\/wp-content\/uploads\/2023\/12\/IMG-20231220-WA0017.jpg","_links":{"self":[{"href":"https:\/\/contextoanalisisperiodistico.com\/index.php\/wp-json\/wp\/v2\/posts\/22680"}],"collection":[{"href":"https:\/\/contextoanalisisperiodistico.com\/index.php\/wp-json\/wp\/v2\/posts"}],"about":[{"href":"https:\/\/contextoanalisisperiodistico.com\/index.php\/wp-json\/wp\/v2\/types\/post"}],"author":[{"embeddable":true,"href":"https:\/\/contextoanalisisperiodistico.com\/index.php\/wp-json\/wp\/v2\/users\/4"}],"replies":[{"embeddable":true,"href":"https:\/\/contextoanalisisperiodistico.com\/index.php\/wp-json\/wp\/v2\/comments?post=22680"}],"version-history":[{"count":0,"href":"https:\/\/contextoanalisisperiodistico.com\/index.php\/wp-json\/wp\/v2\/posts\/22680\/revisions"}],"wp:featuredmedia":[{"embeddable":true,"href":"https:\/\/contextoanalisisperiodistico.com\/index.php\/wp-json\/wp\/v2\/media\/22679"}],"wp:attachment":[{"href":"https:\/\/contextoanalisisperiodistico.com\/index.php\/wp-json\/wp\/v2\/media?parent=22680"}],"wp:term":[{"taxonomy":"category","embeddable":true,"href":"https:\/\/contextoanalisisperiodistico.com\/index.php\/wp-json\/wp\/v2\/categories?post=22680"},{"taxonomy":"post_tag","embeddable":true,"href":"https:\/\/contextoanalisisperiodistico.com\/index.php\/wp-json\/wp\/v2\/tags?post=22680"}],"curies":[{"name":"wp","href":"https:\/\/api.w.org\/{rel}","templated":true}]}}