{"id":22678,"date":"2023-12-19T22:12:18","date_gmt":"2023-12-20T04:12:18","guid":{"rendered":"https:\/\/contextoanalisisperiodistico.com\/index.php\/2023\/12\/19\/reconocen-el-desarrollo-cientifico-con-premio-estatal-de-investigacion-en-salud-2023\/"},"modified":"2023-12-19T22:12:18","modified_gmt":"2023-12-20T04:12:18","slug":"reconocen-el-desarrollo-cientifico-con-premio-estatal-de-investigacion-en-salud-2023","status":"publish","type":"post","link":"https:\/\/contextoanalisisperiodistico.com\/index.php\/2023\/12\/19\/reconocen-el-desarrollo-cientifico-con-premio-estatal-de-investigacion-en-salud-2023\/","title":{"rendered":"Reconocen el desarrollo cient\u00edfico con Premio Estatal de Investigaci\u00f3n en Salud 2023"},"content":{"rendered":"<div id=\"fb-root\"><\/div>\n\n<p>\u00b7 Galardonaron a dos primeros lugares en las categor\u00edas de Salud P\u00fablica y Cl\u00ednica<br \/>\u00b7 En la d\u00e9cima edici\u00f3n de este premio participaron 65 trabajos de investigaci\u00f3n<\/p>\n\n\n\n<figure class=\"wp-block-image size-large\"><img fetchpriority=\"high\" decoding=\"async\" width=\"1024\" height=\"576\" src=\"https:\/\/contextoanalisisperiodistico.com\/wp-content\/uploads\/2023\/12\/img-20231219-wa00773340252769070755811-1024x576.jpg\" alt=\"\" class=\"wp-image-22676\" srcset=\"https:\/\/contextoanalisisperiodistico.com\/wp-content\/uploads\/2023\/12\/img-20231219-wa00773340252769070755811-1024x576.jpg 1024w, https:\/\/contextoanalisisperiodistico.com\/wp-content\/uploads\/2023\/12\/img-20231219-wa00773340252769070755811-300x169.jpg 300w, https:\/\/contextoanalisisperiodistico.com\/wp-content\/uploads\/2023\/12\/img-20231219-wa00773340252769070755811-768x432.jpg 768w, https:\/\/contextoanalisisperiodistico.com\/wp-content\/uploads\/2023\/12\/img-20231219-wa00773340252769070755811-1536x864.jpg 1536w, https:\/\/contextoanalisisperiodistico.com\/wp-content\/uploads\/2023\/12\/img-20231219-wa00773340252769070755811.jpg 1600w\" sizes=\"(max-width: 1024px) 100vw, 1024px\" \/><\/figure>\n\n\n\n<figure class=\"wp-block-image\"><img decoding=\"async\" width=\"1024\" height=\"576\" src=\"https:\/\/contextoanalisisperiodistico.com\/wp-content\/uploads\/2023\/12\/img-20231219-wa00735471461540490752761-1024x576.jpg\" alt=\"\" class=\"wp-image-22674\" srcset=\"https:\/\/contextoanalisisperiodistico.com\/wp-content\/uploads\/2023\/12\/img-20231219-wa00735471461540490752761-1024x576.jpg 1024w, https:\/\/contextoanalisisperiodistico.com\/wp-content\/uploads\/2023\/12\/img-20231219-wa00735471461540490752761-300x169.jpg 300w, https:\/\/contextoanalisisperiodistico.com\/wp-content\/uploads\/2023\/12\/img-20231219-wa00735471461540490752761-768x432.jpg 768w, https:\/\/contextoanalisisperiodistico.com\/wp-content\/uploads\/2023\/12\/img-20231219-wa00735471461540490752761-1536x864.jpg 1536w, https:\/\/contextoanalisisperiodistico.com\/wp-content\/uploads\/2023\/12\/img-20231219-wa00735471461540490752761.jpg 1600w\" sizes=\"(max-width: 1024px) 100vw, 1024px\" \/><\/figure>\n\n\n\n<figure class=\"wp-block-image\"><img decoding=\"async\" width=\"1024\" height=\"576\" src=\"https:\/\/contextoanalisisperiodistico.com\/wp-content\/uploads\/2023\/12\/img-20231219-wa00787921941240992010600-1024x576.jpg\" alt=\"\" class=\"wp-image-22677\" srcset=\"https:\/\/contextoanalisisperiodistico.com\/wp-content\/uploads\/2023\/12\/img-20231219-wa00787921941240992010600-1024x576.jpg 1024w, https:\/\/contextoanalisisperiodistico.com\/wp-content\/uploads\/2023\/12\/img-20231219-wa00787921941240992010600-300x169.jpg 300w, https:\/\/contextoanalisisperiodistico.com\/wp-content\/uploads\/2023\/12\/img-20231219-wa00787921941240992010600-768x432.jpg 768w, https:\/\/contextoanalisisperiodistico.com\/wp-content\/uploads\/2023\/12\/img-20231219-wa00787921941240992010600-1536x864.jpg 1536w, https:\/\/contextoanalisisperiodistico.com\/wp-content\/uploads\/2023\/12\/img-20231219-wa00787921941240992010600.jpg 1600w\" sizes=\"(max-width: 1024px) 100vw, 1024px\" \/><\/figure>\n\n\n\n<figure class=\"wp-block-image\"><img loading=\"lazy\" decoding=\"async\" width=\"1024\" height=\"683\" src=\"https:\/\/contextoanalisisperiodistico.com\/wp-content\/uploads\/2023\/12\/img-20231219-wa00943884912734127760698-1024x683.jpg\" alt=\"\" class=\"wp-image-22675\" srcset=\"https:\/\/contextoanalisisperiodistico.com\/wp-content\/uploads\/2023\/12\/img-20231219-wa00943884912734127760698-1024x683.jpg 1024w, https:\/\/contextoanalisisperiodistico.com\/wp-content\/uploads\/2023\/12\/img-20231219-wa00943884912734127760698-300x200.jpg 300w, https:\/\/contextoanalisisperiodistico.com\/wp-content\/uploads\/2023\/12\/img-20231219-wa00943884912734127760698-768x513.jpg 768w, https:\/\/contextoanalisisperiodistico.com\/wp-content\/uploads\/2023\/12\/img-20231219-wa00943884912734127760698-1536x1025.jpg 1536w, https:\/\/contextoanalisisperiodistico.com\/wp-content\/uploads\/2023\/12\/img-20231219-wa00943884912734127760698.jpg 1999w\" sizes=\"(max-width: 1024px) 100vw, 1024px\" \/><\/figure>\n\n\n\n<p>Oaxaca de Ju\u00e1rez, Oax. 19 de diciembre de 2023.- A fin de reconocer a las personas generadoras de conocimiento cient\u00edfico con mayor aportaci\u00f3n al bienestar de las y los oaxaque\u00f1os, la secretaria de Salud, Alma Lilia Velasco Hern\u00e1ndez entreg\u00f3 el Premio Estatal de Investigaci\u00f3n en Salud 2023, en la categor\u00eda de Salud P\u00fablica y Cl\u00ednica.<\/p>\n\n\n\n<p>En la d\u00e9cima edici\u00f3n de este galard\u00f3n participaron 65 especialistas, quienes se registraron en la convocatoria lanzada el pasado 17 de agosto.<\/p>\n\n\n\n<p>La titular de los Servicios de Salud de Oaxaca (SSO) explic\u00f3 que despu\u00e9s de dos evaluaciones detalladas por un grupo de 30 personas expertas a nivel estatal, nacional e internacional de los pa\u00edses de Finlandia, Estados Unidos y M\u00e9xico, as\u00ed como personas evaluadoras de la Universidad Nacional Aut\u00f3noma de M\u00e9xico y de diversas instituciones, se obtuvo como resultado dos primeros lugares, uno de cada categor\u00eda.<\/p>\n\n\n\n<p>El premio de primer lugar en la categor\u00eda de Salud P\u00fablica, lo obtuvo la doctora en Desarrollo Regional y Tecnol\u00f3gico por el Instituto Tecnol\u00f3gico de Oaxaca (ITO), Araceli Guerra Mart\u00ednez, por el Protocolo \u201cAn\u00e1lisis de Condici\u00f3n Post Covid-19 en zapotecas del Istmo de Tehuantepec, Oaxaca\u201d.<\/p>\n\n\n\n<p>Y en la categor\u00eda Cl\u00ednica, las ganadoras fueron la maestra en Biomedicina Experimental por la Facultad de Medicina y Cirug\u00eda de la Universidad Aut\u00f3noma Benito Ju\u00e1rez de Oaxaca (UABJO), Cecilia Zertuche Mart\u00ednez, y la doctora en Biolog\u00eda Celular por el Centro de Investigaci\u00f3n y de Estudios Avanzados del Instituto Polit\u00e9cnico Nacional (Cinvestav), Ver\u00f3nica Roc\u00edo V\u00e1squez Garz\u00f3n, por el protocolo \u201cValidaci\u00f3n de la prote\u00edna ABCC3 como marcador temprano de c\u00e1ncer de h\u00edgado\u201d.<\/p>\n\n\n\n<p>Ambas categor\u00edas recibieron un premio econ\u00f3mico de 20 mil pesos y la asistencia a un congreso internacional.<\/p>\n\n\n\n<p>Durante su mensaje, la funcionaria felicit\u00f3 a todas y todos los participantes de esta convocatoria, y mencion\u00f3 que se busca visibilizar los trabajos que se realizan en investigaci\u00f3n en salud y con ello impactar en el bienestar de la sociedad oaxaque\u00f1a, as\u00ed como dar significado a la labor que realizan mujeres y hombres, fomentando la investigaci\u00f3n en todos los sectores.<\/p>\n\n\n\n<p>Enfatiz\u00f3 que el pa\u00eds cuenta en la actualidad con 33 mil 165 personas investigadoras reconocidas, de acuerdo con los datos del Sistema Nacional de Investigadoras e Investigadores.<\/p>\n\n\n\n<p>Velasco Hern\u00e1ndez dijo que, a nivel nacional, Oaxaca ocupa el lugar 20 de las 32 entidades con respecto a personas investigadoras registradas en el Sistema Nacional de Investigadoras e Investigadores con 312; de ah\u00ed que se est\u00e1n sumando esfuerzos para lograr que m\u00e1s personas que realizan investigaci\u00f3n que beneficien a la salud p\u00fablica puedan tener m\u00e1s apoyos.<\/p>\n\n\n\n<p>Tambi\u00e9n precis\u00f3 que por primera vez en esta administraci\u00f3n se logr\u00f3 la formalizaci\u00f3n legal del Comit\u00e9 Estatal de Investigaci\u00f3n en Salud, el cual hay representantes de diversas dependencias gubernamentales, educativas y de la sociedad civil.<\/p>\n\n\n\n<p>Velasco Hern\u00e1ndez dijo que este d\u00eda se reconoce a trav\u00e9s de este acto el esfuerzo incansable que hacen las y los investigadores en el estado, a pesar de todas las limitantes que existen, por lo que, gracias al apoyo del Gobernador Salom\u00f3n Jara Cruz, se beneficiar\u00e1 la salud de las y los oaxaque\u00f1os por el avance de estos logros m\u00e9dicos.<\/p>\n\n\n\n<p>En su oportunidad, en representaci\u00f3n del Gobernador del Estado, el encargado de la Jefatura de Gabinete, Flavio Sosa Villavicencio, reconoci\u00f3 a las personas expertas en la materia que d\u00eda con d\u00eda se empe\u00f1an en encontrar nuevos m\u00e9todos para prevenir y combatir con eficiencia los problemas de salud que afectan a la poblaci\u00f3n.<\/p>\n\n\n\n<p>\u201cEsta distinci\u00f3n es hoy punto de referencia y de est\u00edmulo para la comunidad cient\u00edfica y es el m\u00e1ximo galard\u00f3n estatal otorgado al talento oaxaque\u00f1o en el campo de la investigaci\u00f3n en salud. Este premio cuenta con un amplio respaldo de la comunidad cient\u00edfica y acad\u00e9mica que responde siempre con entusiasmo a nuestra invitaci\u00f3n anual a participar en \u00e9l\u201d, asever\u00f3.<\/p>\n\n\n\n<p>Tambi\u00e9n se cont\u00f3 con la presencia de la secretaria de Educaci\u00f3n P\u00fablica de Oaxaca, Delfina Guzm\u00e1n D\u00eda; la presidenta de la Comisi\u00f3n Permanente de Salud, diputada Hayde\u00e9 Irma Reyes Soto, integrantes del Sector Salud, entre otras personas.<\/p>\n\n\n\n<p>-0-<\/p>\n","protected":false},"excerpt":{"rendered":"<p>\u00b7 Galardonaron a dos primeros lugares en las categor\u00edas de Salud P\u00fablica y Cl\u00ednica\u00b7 En&#8230;<\/p>\n","protected":false},"author":4,"featured_media":22673,"comment_status":"","ping_status":"open","sticky":false,"template":"","format":"standard","meta":{"footnotes":""},"categories":[92],"tags":[],"jetpack_sharing_enabled":true,"featured_image_urls":{"full":["https:\/\/contextoanalisisperiodistico.com\/wp-content\/uploads\/2023\/12\/IMG-20231219-WA0076.jpg",1600,900,false],"thumbnail":["https:\/\/contextoanalisisperiodistico.com\/wp-content\/uploads\/2023\/12\/IMG-20231219-WA0076-150x150.jpg",150,150,true],"medium":["https:\/\/contextoanalisisperiodistico.com\/wp-content\/uploads\/2023\/12\/IMG-20231219-WA0076-300x169.jpg",300,169,true],"medium_large":["https:\/\/contextoanalisisperiodistico.com\/wp-content\/uploads\/2023\/12\/IMG-20231219-WA0076-768x432.jpg",640,360,true],"large":["https:\/\/contextoanalisisperiodistico.com\/wp-content\/uploads\/2023\/12\/IMG-20231219-WA0076-1024x576.jpg",640,360,true],"1536x1536":["https:\/\/contextoanalisisperiodistico.com\/wp-content\/uploads\/2023\/12\/IMG-20231219-WA0076-1536x864.jpg",1536,864,true],"2048x2048":["https:\/\/contextoanalisisperiodistico.com\/wp-content\/uploads\/2023\/12\/IMG-20231219-WA0076.jpg",1600,900,false],"covernews-slider-full":["https:\/\/contextoanalisisperiodistico.com\/wp-content\/uploads\/2023\/12\/IMG-20231219-WA0076-1115x715.jpg",1115,715,true],"covernews-slider-center":["https:\/\/contextoanalisisperiodistico.com\/wp-content\/uploads\/2023\/12\/IMG-20231219-WA0076-800x500.jpg",800,500,true],"covernews-featured":["https:\/\/contextoanalisisperiodistico.com\/wp-content\/uploads\/2023\/12\/IMG-20231219-WA0076-1024x576.jpg",1024,576,true],"covernews-medium":["https:\/\/contextoanalisisperiodistico.com\/wp-content\/uploads\/2023\/12\/IMG-20231219-WA0076-540x340.jpg",540,340,true],"covernews-medium-square":["https:\/\/contextoanalisisperiodistico.com\/wp-content\/uploads\/2023\/12\/IMG-20231219-WA0076-400x250.jpg",400,250,true]},"author_info":{"display_name":"Mario Gir\u00f3n","author_link":"https:\/\/contextoanalisisperiodistico.com\/index.php\/author\/director\/"},"category_info":"<a href=\"https:\/\/contextoanalisisperiodistico.com\/index.php\/category\/salud\/\" rel=\"category tag\">Salud<\/a>","tag_info":"Salud","comment_count":"0","jetpack_featured_media_url":"https:\/\/contextoanalisisperiodistico.com\/wp-content\/uploads\/2023\/12\/IMG-20231219-WA0076.jpg","_links":{"self":[{"href":"https:\/\/contextoanalisisperiodistico.com\/index.php\/wp-json\/wp\/v2\/posts\/22678"}],"collection":[{"href":"https:\/\/contextoanalisisperiodistico.com\/index.php\/wp-json\/wp\/v2\/posts"}],"about":[{"href":"https:\/\/contextoanalisisperiodistico.com\/index.php\/wp-json\/wp\/v2\/types\/post"}],"author":[{"embeddable":true,"href":"https:\/\/contextoanalisisperiodistico.com\/index.php\/wp-json\/wp\/v2\/users\/4"}],"replies":[{"embeddable":true,"href":"https:\/\/contextoanalisisperiodistico.com\/index.php\/wp-json\/wp\/v2\/comments?post=22678"}],"version-history":[{"count":0,"href":"https:\/\/contextoanalisisperiodistico.com\/index.php\/wp-json\/wp\/v2\/posts\/22678\/revisions"}],"wp:featuredmedia":[{"embeddable":true,"href":"https:\/\/contextoanalisisperiodistico.com\/index.php\/wp-json\/wp\/v2\/media\/22673"}],"wp:attachment":[{"href":"https:\/\/contextoanalisisperiodistico.com\/index.php\/wp-json\/wp\/v2\/media?parent=22678"}],"wp:term":[{"taxonomy":"category","embeddable":true,"href":"https:\/\/contextoanalisisperiodistico.com\/index.php\/wp-json\/wp\/v2\/categories?post=22678"},{"taxonomy":"post_tag","embeddable":true,"href":"https:\/\/contextoanalisisperiodistico.com\/index.php\/wp-json\/wp\/v2\/tags?post=22678"}],"curies":[{"name":"wp","href":"https:\/\/api.w.org\/{rel}","templated":true}]}}