{"id":22642,"date":"2023-12-19T15:58:49","date_gmt":"2023-12-19T21:58:49","guid":{"rendered":"https:\/\/contextoanalisisperiodistico.com\/index.php\/2023\/12\/19\/activa-proteccion-civil-monitoreo-ante-descenso-de-temperaturas\/"},"modified":"2023-12-19T15:58:49","modified_gmt":"2023-12-19T21:58:49","slug":"activa-proteccion-civil-monitoreo-ante-descenso-de-temperaturas","status":"publish","type":"post","link":"https:\/\/contextoanalisisperiodistico.com\/index.php\/2023\/12\/19\/activa-proteccion-civil-monitoreo-ante-descenso-de-temperaturas\/","title":{"rendered":"Activa Protecci\u00f3n Civil monitoreo ante descenso de temperaturas"},"content":{"rendered":"<div id=\"fb-root\"><\/div>\n\n<p>Oaxaca de Ju\u00e1rez, Oax. 19 de diciembre de 2023.- La Coordinaci\u00f3n Estatal de Protecci\u00f3n Civil y Gesti\u00f3n de Riesgos (CEPCyGR) activ\u00f3 un monitoreo ante las bajas temperaturas registradas en las \u00faltimas horas en diferentes regiones del estado.<\/p>\n\n\n\n<figure class=\"wp-block-image size-large\"><img fetchpriority=\"high\" decoding=\"async\" width=\"720\" height=\"960\" src=\"https:\/\/contextoanalisisperiodistico.com\/wp-content\/uploads\/2023\/12\/img-20231219-wa00715473026895511022061.jpg\" alt=\"\" class=\"wp-image-22639\" srcset=\"https:\/\/contextoanalisisperiodistico.com\/wp-content\/uploads\/2023\/12\/img-20231219-wa00715473026895511022061.jpg 720w, https:\/\/contextoanalisisperiodistico.com\/wp-content\/uploads\/2023\/12\/img-20231219-wa00715473026895511022061-225x300.jpg 225w\" sizes=\"(max-width: 720px) 100vw, 720px\" \/><\/figure>\n\n\n\n<figure class=\"wp-block-image\"><img decoding=\"async\" width=\"576\" height=\"1024\" src=\"https:\/\/contextoanalisisperiodistico.com\/wp-content\/uploads\/2023\/12\/img-20231219-wa00693438749946002557686-576x1024.jpg\" alt=\"\" class=\"wp-image-22641\" srcset=\"https:\/\/contextoanalisisperiodistico.com\/wp-content\/uploads\/2023\/12\/img-20231219-wa00693438749946002557686-576x1024.jpg 576w, https:\/\/contextoanalisisperiodistico.com\/wp-content\/uploads\/2023\/12\/img-20231219-wa00693438749946002557686-169x300.jpg 169w, https:\/\/contextoanalisisperiodistico.com\/wp-content\/uploads\/2023\/12\/img-20231219-wa00693438749946002557686-768x1365.jpg 768w, https:\/\/contextoanalisisperiodistico.com\/wp-content\/uploads\/2023\/12\/img-20231219-wa00693438749946002557686-864x1536.jpg 864w, https:\/\/contextoanalisisperiodistico.com\/wp-content\/uploads\/2023\/12\/img-20231219-wa00693438749946002557686.jpg 900w\" sizes=\"(max-width: 576px) 100vw, 576px\" \/><\/figure>\n\n\n\n<figure class=\"wp-block-image\"><img decoding=\"async\" width=\"768\" height=\"1024\" src=\"https:\/\/contextoanalisisperiodistico.com\/wp-content\/uploads\/2023\/12\/img-20231219-wa00684226549467148178888-768x1024.jpg\" alt=\"\" class=\"wp-image-22640\" srcset=\"https:\/\/contextoanalisisperiodistico.com\/wp-content\/uploads\/2023\/12\/img-20231219-wa00684226549467148178888-768x1024.jpg 768w, https:\/\/contextoanalisisperiodistico.com\/wp-content\/uploads\/2023\/12\/img-20231219-wa00684226549467148178888-225x300.jpg 225w, https:\/\/contextoanalisisperiodistico.com\/wp-content\/uploads\/2023\/12\/img-20231219-wa00684226549467148178888-1024x1365.jpg 1024w, https:\/\/contextoanalisisperiodistico.com\/wp-content\/uploads\/2023\/12\/img-20231219-wa00684226549467148178888.jpg 1080w\" sizes=\"(max-width: 768px) 100vw, 768px\" \/><\/figure>\n\n\n\n<p>De acuerdo con informaci\u00f3n del Departamento de Monitoreo y Alertamiento Preventivo, los vientos del norte seguir\u00e1n sobre el estado de Oaxaca hasta el jueves 21 de diciembre, soplando en forma moderada a fuerte donde el terreno es favorable para el aceleramiento adicional como el oriente del Istmo, en especial en el tramo La Venta-La Ventosa.<\/p>\n\n\n\n<p>La ma\u00f1ana de este martes, la Delegaci\u00f3n Regional de la Mixteca report\u00f3 bajas temperaturas en los Distritos de Huajuapan y Silacayo\u00e1pam, por lo que mantendr\u00e1n el monitoreo en los municipios de toda la regi\u00f3n.<\/p>\n\n\n\n<p>Mientras que en la regi\u00f3n de la Sierra de Ju\u00e1rez se reportaron bajas temperaturas y heladas en partes altas de Ixtl\u00e1n de Ju\u00e1rez y en la zona Mixe, en las que se mantiene un cielo parcialmente nuboso.<\/p>\n\n\n\n<p>Los municipios que han registrado las temperaturas m\u00e1s bajas a nivel estatal son:<\/p>\n\n\n\n<p>\u2022 Heroica Ciudad de Tlaxiaco, m\u00ednima de 4 grados y sensaci\u00f3n t\u00e9rmica de -6 grados.<br \/>\u2022 Heroica Ciudad de Huajuapan de Le\u00f3n, m\u00ednima de -2 grados y sensaci\u00f3n t\u00e9rmica de -4 grados.<br \/>\u2022 Asunci\u00f3n Nochixtl\u00e1n, m\u00ednima de 0 grados y sensaci\u00f3n t\u00e9rmica de -2 grados.<br \/>\u2022 San Pedro y San Pablo Teposcolula, m\u00ednima de 0 grados y sensaci\u00f3n t\u00e9rmica de -2 grados.<br \/>\u2022 San Pedro y San Pablo Ayutla, m\u00ednima de 2 grados y sensaci\u00f3n t\u00e9rmica de 0 grados.<br \/>\u2022 Rojas de Cuauht\u00e9moc, m\u00ednima de 0 grados y sensaci\u00f3n t\u00e9rmica de 2 grados.<br \/>\u2022 Miahuatl\u00e1n de Porfirio D\u00edaz, m\u00ednima de 3 grados y sensaci\u00f3n t\u00e9rmica de 1 grado.<br \/>\u2022 Santa Cruz Xoxocotl\u00e1n, m\u00ednima de 2 grados y sensaci\u00f3n t\u00e9rmica de 0 grados.<br \/>\u2022 Oaxaca de Ju\u00e1rez, m\u00ednima de 6 grados y sensaci\u00f3n t\u00e9rmica de 4 grados.<br \/>En este sentido, la dependencia exhorta a la poblaci\u00f3n a extremar precauciones, abrigarse con ropa adecuada y evitar exponerse a las bajas temperaturas.<\/p>\n\n\n\n<p>-0-<\/p>\n","protected":false},"excerpt":{"rendered":"<p>Oaxaca de Ju\u00e1rez, Oax. 19 de diciembre de 2023.- La Coordinaci\u00f3n Estatal de Protecci\u00f3n Civil&#8230;<\/p>\n","protected":false},"author":4,"featured_media":22638,"comment_status":"","ping_status":"open","sticky":false,"template":"","format":"standard","meta":{"footnotes":""},"categories":[7],"tags":[],"jetpack_sharing_enabled":true,"featured_image_urls":{"full":["https:\/\/contextoanalisisperiodistico.com\/wp-content\/uploads\/2023\/12\/IMG-20231219-WA0070.jpg",720,960,false],"thumbnail":["https:\/\/contextoanalisisperiodistico.com\/wp-content\/uploads\/2023\/12\/IMG-20231219-WA0070-150x150.jpg",150,150,true],"medium":["https:\/\/contextoanalisisperiodistico.com\/wp-content\/uploads\/2023\/12\/IMG-20231219-WA0070-225x300.jpg",225,300,true],"medium_large":["https:\/\/contextoanalisisperiodistico.com\/wp-content\/uploads\/2023\/12\/IMG-20231219-WA0070.jpg",640,853,false],"large":["https:\/\/contextoanalisisperiodistico.com\/wp-content\/uploads\/2023\/12\/IMG-20231219-WA0070.jpg",640,853,false],"1536x1536":["https:\/\/contextoanalisisperiodistico.com\/wp-content\/uploads\/2023\/12\/IMG-20231219-WA0070.jpg",720,960,false],"2048x2048":["https:\/\/contextoanalisisperiodistico.com\/wp-content\/uploads\/2023\/12\/IMG-20231219-WA0070.jpg",720,960,false],"covernews-slider-full":["https:\/\/contextoanalisisperiodistico.com\/wp-content\/uploads\/2023\/12\/IMG-20231219-WA0070-720x715.jpg",720,715,true],"covernews-slider-center":["https:\/\/contextoanalisisperiodistico.com\/wp-content\/uploads\/2023\/12\/IMG-20231219-WA0070-720x500.jpg",720,500,true],"covernews-featured":["https:\/\/contextoanalisisperiodistico.com\/wp-content\/uploads\/2023\/12\/IMG-20231219-WA0070.jpg",720,960,false],"covernews-medium":["https:\/\/contextoanalisisperiodistico.com\/wp-content\/uploads\/2023\/12\/IMG-20231219-WA0070-540x340.jpg",540,340,true],"covernews-medium-square":["https:\/\/contextoanalisisperiodistico.com\/wp-content\/uploads\/2023\/12\/IMG-20231219-WA0070-400x250.jpg",400,250,true]},"author_info":{"display_name":"Mario Gir\u00f3n","author_link":"https:\/\/contextoanalisisperiodistico.com\/index.php\/author\/director\/"},"category_info":"<a href=\"https:\/\/contextoanalisisperiodistico.com\/index.php\/category\/municipios\/\" rel=\"category tag\">Municipios<\/a>","tag_info":"Municipios","comment_count":"0","jetpack_featured_media_url":"https:\/\/contextoanalisisperiodistico.com\/wp-content\/uploads\/2023\/12\/IMG-20231219-WA0070.jpg","_links":{"self":[{"href":"https:\/\/contextoanalisisperiodistico.com\/index.php\/wp-json\/wp\/v2\/posts\/22642"}],"collection":[{"href":"https:\/\/contextoanalisisperiodistico.com\/index.php\/wp-json\/wp\/v2\/posts"}],"about":[{"href":"https:\/\/contextoanalisisperiodistico.com\/index.php\/wp-json\/wp\/v2\/types\/post"}],"author":[{"embeddable":true,"href":"https:\/\/contextoanalisisperiodistico.com\/index.php\/wp-json\/wp\/v2\/users\/4"}],"replies":[{"embeddable":true,"href":"https:\/\/contextoanalisisperiodistico.com\/index.php\/wp-json\/wp\/v2\/comments?post=22642"}],"version-history":[{"count":0,"href":"https:\/\/contextoanalisisperiodistico.com\/index.php\/wp-json\/wp\/v2\/posts\/22642\/revisions"}],"wp:featuredmedia":[{"embeddable":true,"href":"https:\/\/contextoanalisisperiodistico.com\/index.php\/wp-json\/wp\/v2\/media\/22638"}],"wp:attachment":[{"href":"https:\/\/contextoanalisisperiodistico.com\/index.php\/wp-json\/wp\/v2\/media?parent=22642"}],"wp:term":[{"taxonomy":"category","embeddable":true,"href":"https:\/\/contextoanalisisperiodistico.com\/index.php\/wp-json\/wp\/v2\/categories?post=22642"},{"taxonomy":"post_tag","embeddable":true,"href":"https:\/\/contextoanalisisperiodistico.com\/index.php\/wp-json\/wp\/v2\/tags?post=22642"}],"curies":[{"name":"wp","href":"https:\/\/api.w.org\/{rel}","templated":true}]}}