{"id":22605,"date":"2023-12-19T13:07:52","date_gmt":"2023-12-19T19:07:52","guid":{"rendered":"https:\/\/contextoanalisisperiodistico.com\/index.php\/2023\/12\/19\/empieza-cosecha-para-tradicional-noche-de-rabanos\/"},"modified":"2023-12-19T13:07:52","modified_gmt":"2023-12-19T19:07:52","slug":"empieza-cosecha-para-tradicional-noche-de-rabanos","status":"publish","type":"post","link":"https:\/\/contextoanalisisperiodistico.com\/index.php\/2023\/12\/19\/empieza-cosecha-para-tradicional-noche-de-rabanos\/","title":{"rendered":"Empieza cosecha para tradicional Noche de R\u00e1banos"},"content":{"rendered":"<div id=\"fb-root\"><\/div>\n\n<p>*Noche de R\u00e1banos, una tradici\u00f3n de origen municipal<\/p>\n\n\n\n<p>Oaxaca de Ju\u00e1rez, Oax., a 19 de diciembre de 2023.- En el emblem\u00e1tico bosque \u00abEl Tequio\u00bb, el presidente municipal de Oaxaca de Ju\u00e1rez, Francisco Mart\u00ednez Neri, junto al gobernador del estado, Salom\u00f3n Jara Cruz, encabezaron la cosecha de m\u00e1s de 14 toneladas de tub\u00e9rculos, marcando el inicio de los preparativos para la tradicional Noche de R\u00e1banos, una celebraci\u00f3n arraigada en la cultura oaxaque\u00f1a que atrae la atenci\u00f3n de compatriotas y de otros pa\u00edses durante la temporada navide\u00f1a.<\/p>\n\n\n\n<p>Esta tradici\u00f3n, que lleva 126 a\u00f1os cautivando a la ciudad, resalta la destreza artesanal y creativa de las hortelanas y los hortelanos, consolid\u00e1ndose como un evento \u00fanico e incomparable en M\u00e9xico.<\/p>\n\n\n\n<p>El presidente municipal expres\u00f3 su agradecimiento a todas aquellas y a todos aquellos que a lo largo de los a\u00f1os han dedicado su esfuerzo y cuidado para garantizar estas cosechas, proporcionando una oportunidad para que las artesanas y los artesanos plasmen su imaginaci\u00f3n en estas figuras tan representativas, que deleitan a locales y visitantes por igual.<\/p>\n\n\n\n<p>Mart\u00ednez Neri extendi\u00f3 una c\u00e1lida invitaci\u00f3n para celebrar esta tradici\u00f3n navide\u00f1a, que se lleva a cabo cada 23 de diciembre en el z\u00f3calo de la capital, invitando a disfrutar de una festividad \u00fanica que conmemora el legado cultural y art\u00edstico de Oaxaca, envuelta en la magia de las festividades decembrinas.<\/p>\n\n\n\n<figure class=\"wp-block-image size-large\"><img fetchpriority=\"high\" decoding=\"async\" width=\"1024\" height=\"683\" src=\"https:\/\/contextoanalisisperiodistico.com\/wp-content\/uploads\/2023\/12\/img-20231219-wa00382161275188660419582-1024x683.jpg\" alt=\"\" class=\"wp-image-22601\" srcset=\"https:\/\/contextoanalisisperiodistico.com\/wp-content\/uploads\/2023\/12\/img-20231219-wa00382161275188660419582-1024x683.jpg 1024w, https:\/\/contextoanalisisperiodistico.com\/wp-content\/uploads\/2023\/12\/img-20231219-wa00382161275188660419582-300x200.jpg 300w, https:\/\/contextoanalisisperiodistico.com\/wp-content\/uploads\/2023\/12\/img-20231219-wa00382161275188660419582-768x512.jpg 768w, https:\/\/contextoanalisisperiodistico.com\/wp-content\/uploads\/2023\/12\/img-20231219-wa00382161275188660419582-1536x1024.jpg 1536w, https:\/\/contextoanalisisperiodistico.com\/wp-content\/uploads\/2023\/12\/img-20231219-wa00382161275188660419582.jpg 1600w\" sizes=\"(max-width: 1024px) 100vw, 1024px\" \/><\/figure>\n\n\n\n<figure class=\"wp-block-image\"><img decoding=\"async\" width=\"1024\" height=\"684\" src=\"https:\/\/contextoanalisisperiodistico.com\/wp-content\/uploads\/2023\/12\/img-20231219-wa00393413281171586262355-1024x684.jpg\" alt=\"\" class=\"wp-image-22602\" srcset=\"https:\/\/contextoanalisisperiodistico.com\/wp-content\/uploads\/2023\/12\/img-20231219-wa00393413281171586262355-1024x684.jpg 1024w, https:\/\/contextoanalisisperiodistico.com\/wp-content\/uploads\/2023\/12\/img-20231219-wa00393413281171586262355-300x200.jpg 300w, https:\/\/contextoanalisisperiodistico.com\/wp-content\/uploads\/2023\/12\/img-20231219-wa00393413281171586262355-768x513.jpg 768w, https:\/\/contextoanalisisperiodistico.com\/wp-content\/uploads\/2023\/12\/img-20231219-wa00393413281171586262355-1536x1026.jpg 1536w, https:\/\/contextoanalisisperiodistico.com\/wp-content\/uploads\/2023\/12\/img-20231219-wa00393413281171586262355.jpg 1600w\" sizes=\"(max-width: 1024px) 100vw, 1024px\" \/><\/figure>\n\n\n\n<figure class=\"wp-block-image\"><img decoding=\"async\" width=\"1024\" height=\"684\" src=\"https:\/\/contextoanalisisperiodistico.com\/wp-content\/uploads\/2023\/12\/img-20231219-wa00357068517171072440037-1024x684.jpg\" alt=\"\" class=\"wp-image-22603\" srcset=\"https:\/\/contextoanalisisperiodistico.com\/wp-content\/uploads\/2023\/12\/img-20231219-wa00357068517171072440037-1024x684.jpg 1024w, https:\/\/contextoanalisisperiodistico.com\/wp-content\/uploads\/2023\/12\/img-20231219-wa00357068517171072440037-300x200.jpg 300w, https:\/\/contextoanalisisperiodistico.com\/wp-content\/uploads\/2023\/12\/img-20231219-wa00357068517171072440037-768x513.jpg 768w, https:\/\/contextoanalisisperiodistico.com\/wp-content\/uploads\/2023\/12\/img-20231219-wa00357068517171072440037-1536x1026.jpg 1536w, https:\/\/contextoanalisisperiodistico.com\/wp-content\/uploads\/2023\/12\/img-20231219-wa00357068517171072440037.jpg 1600w\" sizes=\"(max-width: 1024px) 100vw, 1024px\" \/><\/figure>\n\n\n\n<figure class=\"wp-block-image\"><img loading=\"lazy\" decoding=\"async\" width=\"1024\" height=\"684\" src=\"https:\/\/contextoanalisisperiodistico.com\/wp-content\/uploads\/2023\/12\/img-20231219-wa00373167836830602736726-1024x684.jpg\" alt=\"\" class=\"wp-image-22604\" srcset=\"https:\/\/contextoanalisisperiodistico.com\/wp-content\/uploads\/2023\/12\/img-20231219-wa00373167836830602736726-1024x684.jpg 1024w, https:\/\/contextoanalisisperiodistico.com\/wp-content\/uploads\/2023\/12\/img-20231219-wa00373167836830602736726-300x200.jpg 300w, https:\/\/contextoanalisisperiodistico.com\/wp-content\/uploads\/2023\/12\/img-20231219-wa00373167836830602736726-768x513.jpg 768w, https:\/\/contextoanalisisperiodistico.com\/wp-content\/uploads\/2023\/12\/img-20231219-wa00373167836830602736726-1536x1026.jpg 1536w, https:\/\/contextoanalisisperiodistico.com\/wp-content\/uploads\/2023\/12\/img-20231219-wa00373167836830602736726.jpg 1600w\" sizes=\"(max-width: 1024px) 100vw, 1024px\" \/><\/figure>\n","protected":false},"excerpt":{"rendered":"<p>*Noche de R\u00e1banos, una tradici\u00f3n de origen municipal Oaxaca de Ju\u00e1rez, Oax., a 19 de&#8230;<\/p>\n","protected":false},"author":4,"featured_media":22600,"comment_status":"","ping_status":"open","sticky":false,"template":"","format":"standard","meta":{"footnotes":""},"categories":[9],"tags":[],"jetpack_sharing_enabled":true,"featured_image_urls":{"full":["https:\/\/contextoanalisisperiodistico.com\/wp-content\/uploads\/2023\/12\/IMG-20231219-WA0034.jpg",1600,1069,false],"thumbnail":["https:\/\/contextoanalisisperiodistico.com\/wp-content\/uploads\/2023\/12\/IMG-20231219-WA0034-150x150.jpg",150,150,true],"medium":["https:\/\/contextoanalisisperiodistico.com\/wp-content\/uploads\/2023\/12\/IMG-20231219-WA0034-300x200.jpg",300,200,true],"medium_large":["https:\/\/contextoanalisisperiodistico.com\/wp-content\/uploads\/2023\/12\/IMG-20231219-WA0034-768x513.jpg",640,428,true],"large":["https:\/\/contextoanalisisperiodistico.com\/wp-content\/uploads\/2023\/12\/IMG-20231219-WA0034-1024x684.jpg",640,428,true],"1536x1536":["https:\/\/contextoanalisisperiodistico.com\/wp-content\/uploads\/2023\/12\/IMG-20231219-WA0034-1536x1026.jpg",1536,1026,true],"2048x2048":["https:\/\/contextoanalisisperiodistico.com\/wp-content\/uploads\/2023\/12\/IMG-20231219-WA0034.jpg",1600,1069,false],"covernews-slider-full":["https:\/\/contextoanalisisperiodistico.com\/wp-content\/uploads\/2023\/12\/IMG-20231219-WA0034-1115x715.jpg",1115,715,true],"covernews-slider-center":["https:\/\/contextoanalisisperiodistico.com\/wp-content\/uploads\/2023\/12\/IMG-20231219-WA0034-800x500.jpg",800,500,true],"covernews-featured":["https:\/\/contextoanalisisperiodistico.com\/wp-content\/uploads\/2023\/12\/IMG-20231219-WA0034-1024x684.jpg",1024,684,true],"covernews-medium":["https:\/\/contextoanalisisperiodistico.com\/wp-content\/uploads\/2023\/12\/IMG-20231219-WA0034-540x340.jpg",540,340,true],"covernews-medium-square":["https:\/\/contextoanalisisperiodistico.com\/wp-content\/uploads\/2023\/12\/IMG-20231219-WA0034-400x250.jpg",400,250,true]},"author_info":{"display_name":"Mario Gir\u00f3n","author_link":"https:\/\/contextoanalisisperiodistico.com\/index.php\/author\/director\/"},"category_info":"<a href=\"https:\/\/contextoanalisisperiodistico.com\/index.php\/category\/politica\/\" rel=\"category tag\">Pol\u00edtica<\/a>","tag_info":"Pol\u00edtica","comment_count":"0","jetpack_featured_media_url":"https:\/\/contextoanalisisperiodistico.com\/wp-content\/uploads\/2023\/12\/IMG-20231219-WA0034.jpg","_links":{"self":[{"href":"https:\/\/contextoanalisisperiodistico.com\/index.php\/wp-json\/wp\/v2\/posts\/22605"}],"collection":[{"href":"https:\/\/contextoanalisisperiodistico.com\/index.php\/wp-json\/wp\/v2\/posts"}],"about":[{"href":"https:\/\/contextoanalisisperiodistico.com\/index.php\/wp-json\/wp\/v2\/types\/post"}],"author":[{"embeddable":true,"href":"https:\/\/contextoanalisisperiodistico.com\/index.php\/wp-json\/wp\/v2\/users\/4"}],"replies":[{"embeddable":true,"href":"https:\/\/contextoanalisisperiodistico.com\/index.php\/wp-json\/wp\/v2\/comments?post=22605"}],"version-history":[{"count":0,"href":"https:\/\/contextoanalisisperiodistico.com\/index.php\/wp-json\/wp\/v2\/posts\/22605\/revisions"}],"wp:featuredmedia":[{"embeddable":true,"href":"https:\/\/contextoanalisisperiodistico.com\/index.php\/wp-json\/wp\/v2\/media\/22600"}],"wp:attachment":[{"href":"https:\/\/contextoanalisisperiodistico.com\/index.php\/wp-json\/wp\/v2\/media?parent=22605"}],"wp:term":[{"taxonomy":"category","embeddable":true,"href":"https:\/\/contextoanalisisperiodistico.com\/index.php\/wp-json\/wp\/v2\/categories?post=22605"},{"taxonomy":"post_tag","embeddable":true,"href":"https:\/\/contextoanalisisperiodistico.com\/index.php\/wp-json\/wp\/v2\/tags?post=22605"}],"curies":[{"name":"wp","href":"https:\/\/api.w.org\/{rel}","templated":true}]}}