{"id":22596,"date":"2023-12-19T10:01:33","date_gmt":"2023-12-19T16:01:33","guid":{"rendered":"https:\/\/contextoanalisisperiodistico.com\/index.php\/2023\/12\/19\/continuan-las-bajas-temperaturas-y-evento-de-norte-en-el-estado\/"},"modified":"2023-12-19T10:01:33","modified_gmt":"2023-12-19T16:01:33","slug":"continuan-las-bajas-temperaturas-y-evento-de-norte-en-el-estado","status":"publish","type":"post","link":"https:\/\/contextoanalisisperiodistico.com\/index.php\/2023\/12\/19\/continuan-las-bajas-temperaturas-y-evento-de-norte-en-el-estado\/","title":{"rendered":"Contin\u00faan las bajas temperaturas y evento de norte en el estado"},"content":{"rendered":"<div id=\"fb-root\"><\/div>\n\n<p>Oaxaca de Ju\u00e1rez, Oax. 19 de diciembre de 2023.- La Coordinaci\u00f3n Estatal de Protecci\u00f3n Civil y Gesti\u00f3n de Riesgos (CEPCyGR) informa que los vientos del norte seguir\u00e1n sobre el estado de Oaxaca, hasta el jueves 21 de diciembre, soplando en forma moderada a fuerte donde el terreno es favorable para el aceleramiento adicional como el oriente del Istmo, en especial sobre el tramo La Venta-La Ventosa.<\/p>\n\n\n\n<p>De acuerdo con la informaci\u00f3n proporcionada por la Comisi\u00f3n Nacional del Agua (Conagua), las temperaturas bajas se ver\u00e1n disminuidas con valores de 5 a 8 grados en Valles Centrales, Mixteca, Sierra de Ju\u00e1rez y Sierra Sur.<\/p>\n\n\n\n<p>No se esperan lluvias significativas, solo algunas en forma de lloviznas sobre el norte del Istmo, estas condiciones invernales est\u00e1n asociadas a la permanencia de una masa de aire fr\u00eda.<\/p>\n\n\n\n<p>Las temperaturas para este d\u00eda en las regiones son las siguientes:<\/p>\n\n\n\n<p>\u25cf Valles Centrales, m\u00ednima de 5 y m\u00e1xima de 24 grados.<br \/>\u25cf Istmo de Tehuantepec, m\u00ednima de 16 y m\u00e1xima de 31 grados.<br \/>\u25cf Cuenca del Papaloapan, m\u00ednima de 15 y m\u00e1xima de 25 grados.<br \/>\u25cf Costa, m\u00ednima de 19 y m\u00e1xima de 32 grados.<br \/>\u25cf Mixteca, m\u00ednima de 5 y m\u00e1xima de 25 grados.<br \/>\u25cf Sierra de Flores Mag\u00f3n, m\u00ednima de 8 y m\u00e1xima de 26 grados.<br \/>\u25cf Sierra de Ju\u00e1rez, m\u00ednima de 3grados y m\u00e1xima de 23 grados.<br \/>\u25cf Sierra Sur, m\u00ednima de 6 y m\u00e1xima de 20 grados.<\/p>\n\n\n\n<p>La CEPCyGR exhorta a la poblaci\u00f3n a tomar precauciones y seguir las recomendaciones de Protecci\u00f3n Civil y Capitan\u00edas de Puerto; as\u00ed como a mantenerse informada a trav\u00e9s de los medios y redes sociales oficiales: Facebook @CEPCYGRGobOax y X @CEPCyGR_GobOax.<br \/>-0-<\/p>\n","protected":false},"excerpt":{"rendered":"<p>Oaxaca de Ju\u00e1rez, Oax. 19 de diciembre de 2023.- La Coordinaci\u00f3n Estatal de Protecci\u00f3n Civil&#8230;<\/p>\n","protected":false},"author":4,"featured_media":22595,"comment_status":"","ping_status":"open","sticky":false,"template":"","format":"standard","meta":{"footnotes":""},"categories":[3],"tags":[],"jetpack_sharing_enabled":true,"featured_image_urls":{"full":["https:\/\/contextoanalisisperiodistico.com\/wp-content\/uploads\/2023\/12\/IMG-20231219-WA0002.jpg",1600,1200,false],"thumbnail":["https:\/\/contextoanalisisperiodistico.com\/wp-content\/uploads\/2023\/12\/IMG-20231219-WA0002-150x150.jpg",150,150,true],"medium":["https:\/\/contextoanalisisperiodistico.com\/wp-content\/uploads\/2023\/12\/IMG-20231219-WA0002-300x225.jpg",300,225,true],"medium_large":["https:\/\/contextoanalisisperiodistico.com\/wp-content\/uploads\/2023\/12\/IMG-20231219-WA0002-768x576.jpg",640,480,true],"large":["https:\/\/contextoanalisisperiodistico.com\/wp-content\/uploads\/2023\/12\/IMG-20231219-WA0002-1024x768.jpg",640,480,true],"1536x1536":["https:\/\/contextoanalisisperiodistico.com\/wp-content\/uploads\/2023\/12\/IMG-20231219-WA0002-1536x1152.jpg",1536,1152,true],"2048x2048":["https:\/\/contextoanalisisperiodistico.com\/wp-content\/uploads\/2023\/12\/IMG-20231219-WA0002.jpg",1600,1200,false],"covernews-slider-full":["https:\/\/contextoanalisisperiodistico.com\/wp-content\/uploads\/2023\/12\/IMG-20231219-WA0002-1115x715.jpg",1115,715,true],"covernews-slider-center":["https:\/\/contextoanalisisperiodistico.com\/wp-content\/uploads\/2023\/12\/IMG-20231219-WA0002-800x500.jpg",800,500,true],"covernews-featured":["https:\/\/contextoanalisisperiodistico.com\/wp-content\/uploads\/2023\/12\/IMG-20231219-WA0002-1024x768.jpg",1024,768,true],"covernews-medium":["https:\/\/contextoanalisisperiodistico.com\/wp-content\/uploads\/2023\/12\/IMG-20231219-WA0002-540x340.jpg",540,340,true],"covernews-medium-square":["https:\/\/contextoanalisisperiodistico.com\/wp-content\/uploads\/2023\/12\/IMG-20231219-WA0002-400x250.jpg",400,250,true]},"author_info":{"display_name":"Mario Gir\u00f3n","author_link":"https:\/\/contextoanalisisperiodistico.com\/index.php\/author\/director\/"},"category_info":"<a href=\"https:\/\/contextoanalisisperiodistico.com\/index.php\/category\/ciudad\/\" rel=\"category tag\">Ciudad<\/a>","tag_info":"Ciudad","comment_count":"0","jetpack_featured_media_url":"https:\/\/contextoanalisisperiodistico.com\/wp-content\/uploads\/2023\/12\/IMG-20231219-WA0002.jpg","_links":{"self":[{"href":"https:\/\/contextoanalisisperiodistico.com\/index.php\/wp-json\/wp\/v2\/posts\/22596"}],"collection":[{"href":"https:\/\/contextoanalisisperiodistico.com\/index.php\/wp-json\/wp\/v2\/posts"}],"about":[{"href":"https:\/\/contextoanalisisperiodistico.com\/index.php\/wp-json\/wp\/v2\/types\/post"}],"author":[{"embeddable":true,"href":"https:\/\/contextoanalisisperiodistico.com\/index.php\/wp-json\/wp\/v2\/users\/4"}],"replies":[{"embeddable":true,"href":"https:\/\/contextoanalisisperiodistico.com\/index.php\/wp-json\/wp\/v2\/comments?post=22596"}],"version-history":[{"count":0,"href":"https:\/\/contextoanalisisperiodistico.com\/index.php\/wp-json\/wp\/v2\/posts\/22596\/revisions"}],"wp:featuredmedia":[{"embeddable":true,"href":"https:\/\/contextoanalisisperiodistico.com\/index.php\/wp-json\/wp\/v2\/media\/22595"}],"wp:attachment":[{"href":"https:\/\/contextoanalisisperiodistico.com\/index.php\/wp-json\/wp\/v2\/media?parent=22596"}],"wp:term":[{"taxonomy":"category","embeddable":true,"href":"https:\/\/contextoanalisisperiodistico.com\/index.php\/wp-json\/wp\/v2\/categories?post=22596"},{"taxonomy":"post_tag","embeddable":true,"href":"https:\/\/contextoanalisisperiodistico.com\/index.php\/wp-json\/wp\/v2\/tags?post=22596"}],"curies":[{"name":"wp","href":"https:\/\/api.w.org\/{rel}","templated":true}]}}