{"id":22594,"date":"2023-12-19T09:58:17","date_gmt":"2023-12-19T15:58:17","guid":{"rendered":"https:\/\/contextoanalisisperiodistico.com\/index.php\/2023\/12\/19\/llega-a-oaxaca-internet-para-el-bienestar-con-precios-mas-bajos-y-sin-plazos-forzosos\/"},"modified":"2023-12-19T09:58:17","modified_gmt":"2023-12-19T15:58:17","slug":"llega-a-oaxaca-internet-para-el-bienestar-con-precios-mas-bajos-y-sin-plazos-forzosos","status":"publish","type":"post","link":"https:\/\/contextoanalisisperiodistico.com\/index.php\/2023\/12\/19\/llega-a-oaxaca-internet-para-el-bienestar-con-precios-mas-bajos-y-sin-plazos-forzosos\/","title":{"rendered":"Llega a Oaxaca Internet para el Bienestar con precios m\u00e1s bajos y sin plazos forzosos"},"content":{"rendered":"<div id=\"fb-root\"><\/div>\n\n<p>Oaxaca de Ju\u00e1rez Oax. 19 de diciembre de 2023.- Con el objetivo de ofrecer servicio de internet y telefon\u00eda con precios m\u00e1s bajos y sin plazos forzosos, as\u00ed como mayor cobertura, con una red confiable y de calidad, Internet para el Bienestar llega a Oaxaca para beneficiar a sus habitantes.<\/p>\n\n\n\n<figure class=\"wp-block-image size-large\"><img fetchpriority=\"high\" decoding=\"async\" width=\"1024\" height=\"576\" src=\"https:\/\/contextoanalisisperiodistico.com\/wp-content\/uploads\/2023\/12\/img-20231219-wa00184357768090198643683-1024x576.jpg\" alt=\"\" class=\"wp-image-22593\" srcset=\"https:\/\/contextoanalisisperiodistico.com\/wp-content\/uploads\/2023\/12\/img-20231219-wa00184357768090198643683-1024x576.jpg 1024w, https:\/\/contextoanalisisperiodistico.com\/wp-content\/uploads\/2023\/12\/img-20231219-wa00184357768090198643683-300x169.jpg 300w, https:\/\/contextoanalisisperiodistico.com\/wp-content\/uploads\/2023\/12\/img-20231219-wa00184357768090198643683-768x432.jpg 768w, https:\/\/contextoanalisisperiodistico.com\/wp-content\/uploads\/2023\/12\/img-20231219-wa00184357768090198643683.jpg 1280w\" sizes=\"(max-width: 1024px) 100vw, 1024px\" \/><\/figure>\n\n\n\n<p>La iniciativa del Gobierno Federal es respaldada por Alt\u00e1n, una empresa de telecomunicaciones mexicana que opera la red compartida de banda ancha 5G y 4.5G LTE, de alta velocidad, como proveedor de servicios de operaci\u00f3n a concesionarios, lo que permite tener conexi\u00f3n en cualquier parte de M\u00e9xico, Estados Unidos y Canad\u00e1<\/p>\n\n\n\n<p>Actualmente Internet para el Bienestar, a trav\u00e9s de Alt\u00e1n, tiene una cobertura de 94.7 por ciento en todo el pa\u00eds y se espera que, en el 2024 con el despliegue de la Comisi\u00f3n Federal de Electricidad (CFE) lleguen a 96.4 por ciento, con presencia en m\u00e1s de 16 mil poblaciones, donde nadie m\u00e1s tiene se\u00f1al.<\/p>\n\n\n\n<p>Las personas interesadas en utilizar el servicio pueden adquirir su tarjeta Subscriber Identity Module (SIM por sus siglas en ingl\u00e9s) en sucursales de Financiera para el Bienestar, Correos Servicio Postal Mexicano o en l\u00ednea en www.internetbienestar.com.mx<\/p>\n\n\n\n<p>Los cuatro paquetes de lanzamiento, tres veces m\u00e1s baratos que el resto de empresas, incluyen redes sociales y minutos de llamadas en M\u00e9xico, Estados Unidos y Canad\u00e1, con los siguientes costos: 50 pesos para siete d\u00edas con cinco gigabytes (GB); 65 pesos para 10 d\u00edas con 10 GB; 100 pesos para 15 d\u00edas con 10 GB o 30 d\u00edas en caso de portar su n\u00famero, y 200 pesos por 30 d\u00edas y 20 GB.<\/p>\n\n\n\n<p>Es importante mencionar que al adquirir sus tarjetas, las personas pueden mantener su n\u00famero de celular actual y pueden recargar saldo en Farmacias Gi, Farmacias de Ahorro, Farmapronto y en m\u00e1s de 400 mil puntos, incluido el portal web de Internet para el Bienestar o por medio de la aplicaci\u00f3n con el mismo nombre.<\/p>\n\n\n\n<p>Para m\u00e1s informaci\u00f3n pueden comunicarse al 55 90 63 39 89.<br \/>-0-<\/p>\n","protected":false},"excerpt":{"rendered":"<p>Oaxaca de Ju\u00e1rez Oax. 19 de diciembre de 2023.- Con el objetivo de ofrecer servicio&#8230;<\/p>\n","protected":false},"author":4,"featured_media":22592,"comment_status":"","ping_status":"open","sticky":false,"template":"","format":"standard","meta":{"footnotes":""},"categories":[9],"tags":[],"jetpack_sharing_enabled":true,"featured_image_urls":{"full":["https:\/\/contextoanalisisperiodistico.com\/wp-content\/uploads\/2023\/12\/IMG-20231219-WA0017.jpg",1280,720,false],"thumbnail":["https:\/\/contextoanalisisperiodistico.com\/wp-content\/uploads\/2023\/12\/IMG-20231219-WA0017-150x150.jpg",150,150,true],"medium":["https:\/\/contextoanalisisperiodistico.com\/wp-content\/uploads\/2023\/12\/IMG-20231219-WA0017-300x169.jpg",300,169,true],"medium_large":["https:\/\/contextoanalisisperiodistico.com\/wp-content\/uploads\/2023\/12\/IMG-20231219-WA0017-768x432.jpg",640,360,true],"large":["https:\/\/contextoanalisisperiodistico.com\/wp-content\/uploads\/2023\/12\/IMG-20231219-WA0017-1024x576.jpg",640,360,true],"1536x1536":["https:\/\/contextoanalisisperiodistico.com\/wp-content\/uploads\/2023\/12\/IMG-20231219-WA0017.jpg",1280,720,false],"2048x2048":["https:\/\/contextoanalisisperiodistico.com\/wp-content\/uploads\/2023\/12\/IMG-20231219-WA0017.jpg",1280,720,false],"covernews-slider-full":["https:\/\/contextoanalisisperiodistico.com\/wp-content\/uploads\/2023\/12\/IMG-20231219-WA0017-1115x715.jpg",1115,715,true],"covernews-slider-center":["https:\/\/contextoanalisisperiodistico.com\/wp-content\/uploads\/2023\/12\/IMG-20231219-WA0017-800x500.jpg",800,500,true],"covernews-featured":["https:\/\/contextoanalisisperiodistico.com\/wp-content\/uploads\/2023\/12\/IMG-20231219-WA0017-1024x576.jpg",1024,576,true],"covernews-medium":["https:\/\/contextoanalisisperiodistico.com\/wp-content\/uploads\/2023\/12\/IMG-20231219-WA0017-540x340.jpg",540,340,true],"covernews-medium-square":["https:\/\/contextoanalisisperiodistico.com\/wp-content\/uploads\/2023\/12\/IMG-20231219-WA0017-400x250.jpg",400,250,true]},"author_info":{"display_name":"Mario Gir\u00f3n","author_link":"https:\/\/contextoanalisisperiodistico.com\/index.php\/author\/director\/"},"category_info":"<a href=\"https:\/\/contextoanalisisperiodistico.com\/index.php\/category\/politica\/\" rel=\"category tag\">Pol\u00edtica<\/a>","tag_info":"Pol\u00edtica","comment_count":"0","jetpack_featured_media_url":"https:\/\/contextoanalisisperiodistico.com\/wp-content\/uploads\/2023\/12\/IMG-20231219-WA0017.jpg","_links":{"self":[{"href":"https:\/\/contextoanalisisperiodistico.com\/index.php\/wp-json\/wp\/v2\/posts\/22594"}],"collection":[{"href":"https:\/\/contextoanalisisperiodistico.com\/index.php\/wp-json\/wp\/v2\/posts"}],"about":[{"href":"https:\/\/contextoanalisisperiodistico.com\/index.php\/wp-json\/wp\/v2\/types\/post"}],"author":[{"embeddable":true,"href":"https:\/\/contextoanalisisperiodistico.com\/index.php\/wp-json\/wp\/v2\/users\/4"}],"replies":[{"embeddable":true,"href":"https:\/\/contextoanalisisperiodistico.com\/index.php\/wp-json\/wp\/v2\/comments?post=22594"}],"version-history":[{"count":0,"href":"https:\/\/contextoanalisisperiodistico.com\/index.php\/wp-json\/wp\/v2\/posts\/22594\/revisions"}],"wp:featuredmedia":[{"embeddable":true,"href":"https:\/\/contextoanalisisperiodistico.com\/index.php\/wp-json\/wp\/v2\/media\/22592"}],"wp:attachment":[{"href":"https:\/\/contextoanalisisperiodistico.com\/index.php\/wp-json\/wp\/v2\/media?parent=22594"}],"wp:term":[{"taxonomy":"category","embeddable":true,"href":"https:\/\/contextoanalisisperiodistico.com\/index.php\/wp-json\/wp\/v2\/categories?post=22594"},{"taxonomy":"post_tag","embeddable":true,"href":"https:\/\/contextoanalisisperiodistico.com\/index.php\/wp-json\/wp\/v2\/tags?post=22594"}],"curies":[{"name":"wp","href":"https:\/\/api.w.org\/{rel}","templated":true}]}}