{"id":22591,"date":"2023-12-18T20:28:40","date_gmt":"2023-12-19T02:28:40","guid":{"rendered":"https:\/\/contextoanalisisperiodistico.com\/index.php\/2023\/12\/18\/refrenda-gobierno-de-oaxaca-compromiso-con-migrantes-para-crear-oportunidades-de-desarrollo\/"},"modified":"2023-12-18T20:28:40","modified_gmt":"2023-12-19T02:28:40","slug":"refrenda-gobierno-de-oaxaca-compromiso-con-migrantes-para-crear-oportunidades-de-desarrollo","status":"publish","type":"post","link":"https:\/\/contextoanalisisperiodistico.com\/index.php\/2023\/12\/18\/refrenda-gobierno-de-oaxaca-compromiso-con-migrantes-para-crear-oportunidades-de-desarrollo\/","title":{"rendered":"<em>Refrenda Gobierno de Oaxaca compromiso con migrantes para crear <\/em><em>oportunidades de desarrollo<\/em>"},"content":{"rendered":"<div id=\"fb-root\"><\/div>\n\n<p>\u2022 El Gobernador Salom\u00f3n Jara entreg\u00f3 70 actas de doble nacionalidad, as\u00ed como 15 visas y boletos de avi\u00f3n a personas adultas mayores de diversos municipios del estado<\/p>\n\n\n\n<p>Santa Luc\u00eda del Camino, Oax. 18 de diciembre de 2023.- El Gobernador Salom\u00f3n Jara Cruz refrend\u00f3 el compromiso de su gobierno para construir una nueva realidad en la que las personas migrantes repatriadas tengan m\u00e1s y mejores oportunidades de desarrollo en sus comunidades, contribuyendo a un entorno social m\u00e1s productivo.<\/p>\n\n\n\n<p>En el marco del D\u00eda Internacional del Migrante, el Mandatario estatal entreg\u00f3 70 actas de doble nacionalidad, as\u00ed como 15 visas y boletos de avi\u00f3n a personas adultas mayores de Santa Catarina Lachatao, San Sebasti\u00e1n Abasolo, San Baltazar Chichic\u00e1pam, Santa Luc\u00eda del Camino, San Pedro Cajonos, Santa Mar\u00eda Ecatepec, San Jer\u00f3nimo Tlacochahuaya, San Agust\u00edn Etla y San Gabriel Mixtepec.<\/p>\n\n\n\n<p>Destac\u00f3 que la administraci\u00f3n estatal toma las medidas necesarias para proteger los derechos y brindar la atenci\u00f3n adecuada a quienes pasan por el territorio oaxaque\u00f1o en las tres rutas principales de flujo migratorio: el Istmo de Tehuantepec, los Valles Centrales y la Costa.<\/p>\n\n\n\n<p>\u201cComo un gobierno de territorio, nuestra responsabilidad es generar soluciones donde se acent\u00faa este fen\u00f3meno social, principalmente para el beneficio de cientos de ni\u00f1as, ni\u00f1os y adolescentes que viajan con sus madres y padres\u201d, asever\u00f3.<\/p>\n\n\n\n<p>En este sentido, Jara Cruz se\u00f1al\u00f3 que a trav\u00e9s del Instituto de Atenci\u00f3n Integral del Migrante Oaxaque\u00f1o (IAIMO) se impulsan pol\u00edticas p\u00fablicas que protejan los derechos de las personas en tr\u00e1nsito, les brinden respaldo en el extranjero y contribuyan a mejorar su calidad de vida.<\/p>\n\n\n\n<p>Tambi\u00e9n convoc\u00f3 a las sociedades y gobiernos a reflexionar y contribuir, en su justa dimensi\u00f3n, a la salvaguarda de los derechos humanos de las personas migrantes y as\u00ed evitar situaciones de robo, secuestro, extorsi\u00f3n o actividades il\u00edcitas que pongan en riesgo su salud y vida.<\/p>\n\n\n\n<p>En tanto, el director del IAIMO Silverio \u00c1vila Mart\u00ednez reconoci\u00f3 el valor, los esfuerzos, sacrificios y aportaciones que realizan las y los oaxaque\u00f1os migrantes que por diversas circunstancias tienen que salir de sus comunidades de origen en busca de una mejor calidad de vida, y que, sin importar las fronteras, siguen manteniendo viva la cultura, cosmovisi\u00f3n y festividades de Oaxaca.<\/p>\n\n\n\n<p>La directora general del Registro Civil, Dulce Bel\u00e9n Uribe Mendoza, subray\u00f3 que este trabajo coordinado entre la dependencia y el IAIMO a trav\u00e9s del programa Soy M\u00e9xico, garantiza que ni\u00f1as, ni\u00f1os y adolescentes puedan gozar de todos los derechos que la ley les otorga como la posibilidad de ejercer su derecho a decidir d\u00f3nde quieren residir, estudiar o trabajar.<\/p>\n\n\n\n<p>De acuerdo con los \u00faltimos datos, se expidieron 53 mil 787 matr\u00edculas consulares a migrantes provenientes de Oaxaca. De esta poblaci\u00f3n, 41.3 por ciento reside en el estado de California, seguido de Nueva Jersey y Florida.<\/p>\n\n\n\n<p>Al acto asisti\u00f3 la delegada federal de la Oficina de Pasaportes de la Secretar\u00eda de Relaciones Exteriores en Oaxaca, Julissa del Carmen Revuelta Sosa; el subdelegado federal de Instituto Nacional de Migraci\u00f3n (INM) en Oaxaca, Arturo Contreras \u00c1lvarez; la titular de la representaci\u00f3n INM en Oaxaca, Selene Mandujano Figueroa; la directora general del Sistema DIF Oaxaca, Maribel Salinas Velasco y el secretario de las Culturas y Artes, V\u00edctor V\u00e1squez Castillejos.<\/p>\n\n\n\n<p>-0-<\/p>\n\n\n\n<figure class=\"wp-block-image size-large\"><img fetchpriority=\"high\" decoding=\"async\" width=\"1024\" height=\"684\" src=\"https:\/\/contextoanalisisperiodistico.com\/wp-content\/uploads\/2023\/12\/img-20231218-wa00883108788296335328372-1024x684.jpg\" alt=\"\" class=\"wp-image-22586\" srcset=\"https:\/\/contextoanalisisperiodistico.com\/wp-content\/uploads\/2023\/12\/img-20231218-wa00883108788296335328372-1024x684.jpg 1024w, https:\/\/contextoanalisisperiodistico.com\/wp-content\/uploads\/2023\/12\/img-20231218-wa00883108788296335328372-300x200.jpg 300w, https:\/\/contextoanalisisperiodistico.com\/wp-content\/uploads\/2023\/12\/img-20231218-wa00883108788296335328372-768x513.jpg 768w, https:\/\/contextoanalisisperiodistico.com\/wp-content\/uploads\/2023\/12\/img-20231218-wa00883108788296335328372-1536x1025.jpg 1536w, https:\/\/contextoanalisisperiodistico.com\/wp-content\/uploads\/2023\/12\/img-20231218-wa00883108788296335328372.jpg 1600w\" sizes=\"(max-width: 1024px) 100vw, 1024px\" \/><\/figure>\n\n\n\n<figure class=\"wp-block-image\"><img decoding=\"async\" width=\"1024\" height=\"684\" src=\"https:\/\/contextoanalisisperiodistico.com\/wp-content\/uploads\/2023\/12\/img-20231218-wa00896971198643216052014-1024x684.jpg\" alt=\"\" class=\"wp-image-22589\" srcset=\"https:\/\/contextoanalisisperiodistico.com\/wp-content\/uploads\/2023\/12\/img-20231218-wa00896971198643216052014-1024x684.jpg 1024w, https:\/\/contextoanalisisperiodistico.com\/wp-content\/uploads\/2023\/12\/img-20231218-wa00896971198643216052014-300x200.jpg 300w, https:\/\/contextoanalisisperiodistico.com\/wp-content\/uploads\/2023\/12\/img-20231218-wa00896971198643216052014-768x513.jpg 768w, https:\/\/contextoanalisisperiodistico.com\/wp-content\/uploads\/2023\/12\/img-20231218-wa00896971198643216052014-1536x1025.jpg 1536w, https:\/\/contextoanalisisperiodistico.com\/wp-content\/uploads\/2023\/12\/img-20231218-wa00896971198643216052014.jpg 1600w\" sizes=\"(max-width: 1024px) 100vw, 1024px\" \/><\/figure>\n\n\n\n<figure class=\"wp-block-image\"><img decoding=\"async\" width=\"1024\" height=\"684\" src=\"https:\/\/contextoanalisisperiodistico.com\/wp-content\/uploads\/2023\/12\/img-20231218-wa00844384818518051373836-1024x684.jpg\" alt=\"\" class=\"wp-image-22587\" srcset=\"https:\/\/contextoanalisisperiodistico.com\/wp-content\/uploads\/2023\/12\/img-20231218-wa00844384818518051373836-1024x684.jpg 1024w, https:\/\/contextoanalisisperiodistico.com\/wp-content\/uploads\/2023\/12\/img-20231218-wa00844384818518051373836-300x200.jpg 300w, https:\/\/contextoanalisisperiodistico.com\/wp-content\/uploads\/2023\/12\/img-20231218-wa00844384818518051373836-768x513.jpg 768w, https:\/\/contextoanalisisperiodistico.com\/wp-content\/uploads\/2023\/12\/img-20231218-wa00844384818518051373836-1536x1025.jpg 1536w, https:\/\/contextoanalisisperiodistico.com\/wp-content\/uploads\/2023\/12\/img-20231218-wa00844384818518051373836.jpg 1600w\" sizes=\"(max-width: 1024px) 100vw, 1024px\" \/><\/figure>\n\n\n\n<figure class=\"wp-block-image\"><img loading=\"lazy\" decoding=\"async\" width=\"1024\" height=\"684\" src=\"https:\/\/contextoanalisisperiodistico.com\/wp-content\/uploads\/2023\/12\/img-20231218-wa00877081615738522715083-1024x684.jpg\" alt=\"\" class=\"wp-image-22588\" srcset=\"https:\/\/contextoanalisisperiodistico.com\/wp-content\/uploads\/2023\/12\/img-20231218-wa00877081615738522715083-1024x684.jpg 1024w, https:\/\/contextoanalisisperiodistico.com\/wp-content\/uploads\/2023\/12\/img-20231218-wa00877081615738522715083-300x200.jpg 300w, https:\/\/contextoanalisisperiodistico.com\/wp-content\/uploads\/2023\/12\/img-20231218-wa00877081615738522715083-768x513.jpg 768w, https:\/\/contextoanalisisperiodistico.com\/wp-content\/uploads\/2023\/12\/img-20231218-wa00877081615738522715083-1536x1025.jpg 1536w, https:\/\/contextoanalisisperiodistico.com\/wp-content\/uploads\/2023\/12\/img-20231218-wa00877081615738522715083.jpg 1600w\" sizes=\"(max-width: 1024px) 100vw, 1024px\" \/><\/figure>\n\n\n\n<figure class=\"wp-block-image\"><img loading=\"lazy\" decoding=\"async\" width=\"1024\" height=\"684\" src=\"https:\/\/contextoanalisisperiodistico.com\/wp-content\/uploads\/2023\/12\/img-20231218-wa0083138210550593110034-1024x684.jpg\" alt=\"\" class=\"wp-image-22590\" srcset=\"https:\/\/contextoanalisisperiodistico.com\/wp-content\/uploads\/2023\/12\/img-20231218-wa0083138210550593110034-1024x684.jpg 1024w, https:\/\/contextoanalisisperiodistico.com\/wp-content\/uploads\/2023\/12\/img-20231218-wa0083138210550593110034-300x200.jpg 300w, https:\/\/contextoanalisisperiodistico.com\/wp-content\/uploads\/2023\/12\/img-20231218-wa0083138210550593110034-768x513.jpg 768w, https:\/\/contextoanalisisperiodistico.com\/wp-content\/uploads\/2023\/12\/img-20231218-wa0083138210550593110034-1536x1025.jpg 1536w, https:\/\/contextoanalisisperiodistico.com\/wp-content\/uploads\/2023\/12\/img-20231218-wa0083138210550593110034.jpg 1600w\" sizes=\"(max-width: 1024px) 100vw, 1024px\" \/><\/figure>\n","protected":false},"excerpt":{"rendered":"<p>\u2022 El Gobernador Salom\u00f3n Jara entreg\u00f3 70 actas de doble nacionalidad, as\u00ed como 15 visas&#8230;<\/p>\n","protected":false},"author":4,"featured_media":22585,"comment_status":"","ping_status":"open","sticky":false,"template":"","format":"standard","meta":{"footnotes":""},"categories":[9],"tags":[],"jetpack_sharing_enabled":true,"featured_image_urls":{"full":["https:\/\/contextoanalisisperiodistico.com\/wp-content\/uploads\/2023\/12\/IMG-20231218-WA0085.jpg",1600,1068,false],"thumbnail":["https:\/\/contextoanalisisperiodistico.com\/wp-content\/uploads\/2023\/12\/IMG-20231218-WA0085-150x150.jpg",150,150,true],"medium":["https:\/\/contextoanalisisperiodistico.com\/wp-content\/uploads\/2023\/12\/IMG-20231218-WA0085-300x200.jpg",300,200,true],"medium_large":["https:\/\/contextoanalisisperiodistico.com\/wp-content\/uploads\/2023\/12\/IMG-20231218-WA0085-768x513.jpg",640,428,true],"large":["https:\/\/contextoanalisisperiodistico.com\/wp-content\/uploads\/2023\/12\/IMG-20231218-WA0085-1024x684.jpg",640,428,true],"1536x1536":["https:\/\/contextoanalisisperiodistico.com\/wp-content\/uploads\/2023\/12\/IMG-20231218-WA0085-1536x1025.jpg",1536,1025,true],"2048x2048":["https:\/\/contextoanalisisperiodistico.com\/wp-content\/uploads\/2023\/12\/IMG-20231218-WA0085.jpg",1600,1068,false],"covernews-slider-full":["https:\/\/contextoanalisisperiodistico.com\/wp-content\/uploads\/2023\/12\/IMG-20231218-WA0085-1115x715.jpg",1115,715,true],"covernews-slider-center":["https:\/\/contextoanalisisperiodistico.com\/wp-content\/uploads\/2023\/12\/IMG-20231218-WA0085-800x500.jpg",800,500,true],"covernews-featured":["https:\/\/contextoanalisisperiodistico.com\/wp-content\/uploads\/2023\/12\/IMG-20231218-WA0085-1024x684.jpg",1024,684,true],"covernews-medium":["https:\/\/contextoanalisisperiodistico.com\/wp-content\/uploads\/2023\/12\/IMG-20231218-WA0085-540x340.jpg",540,340,true],"covernews-medium-square":["https:\/\/contextoanalisisperiodistico.com\/wp-content\/uploads\/2023\/12\/IMG-20231218-WA0085-400x250.jpg",400,250,true]},"author_info":{"display_name":"Mario Gir\u00f3n","author_link":"https:\/\/contextoanalisisperiodistico.com\/index.php\/author\/director\/"},"category_info":"<a href=\"https:\/\/contextoanalisisperiodistico.com\/index.php\/category\/politica\/\" rel=\"category tag\">Pol\u00edtica<\/a>","tag_info":"Pol\u00edtica","comment_count":"0","jetpack_featured_media_url":"https:\/\/contextoanalisisperiodistico.com\/wp-content\/uploads\/2023\/12\/IMG-20231218-WA0085.jpg","_links":{"self":[{"href":"https:\/\/contextoanalisisperiodistico.com\/index.php\/wp-json\/wp\/v2\/posts\/22591"}],"collection":[{"href":"https:\/\/contextoanalisisperiodistico.com\/index.php\/wp-json\/wp\/v2\/posts"}],"about":[{"href":"https:\/\/contextoanalisisperiodistico.com\/index.php\/wp-json\/wp\/v2\/types\/post"}],"author":[{"embeddable":true,"href":"https:\/\/contextoanalisisperiodistico.com\/index.php\/wp-json\/wp\/v2\/users\/4"}],"replies":[{"embeddable":true,"href":"https:\/\/contextoanalisisperiodistico.com\/index.php\/wp-json\/wp\/v2\/comments?post=22591"}],"version-history":[{"count":0,"href":"https:\/\/contextoanalisisperiodistico.com\/index.php\/wp-json\/wp\/v2\/posts\/22591\/revisions"}],"wp:featuredmedia":[{"embeddable":true,"href":"https:\/\/contextoanalisisperiodistico.com\/index.php\/wp-json\/wp\/v2\/media\/22585"}],"wp:attachment":[{"href":"https:\/\/contextoanalisisperiodistico.com\/index.php\/wp-json\/wp\/v2\/media?parent=22591"}],"wp:term":[{"taxonomy":"category","embeddable":true,"href":"https:\/\/contextoanalisisperiodistico.com\/index.php\/wp-json\/wp\/v2\/categories?post=22591"},{"taxonomy":"post_tag","embeddable":true,"href":"https:\/\/contextoanalisisperiodistico.com\/index.php\/wp-json\/wp\/v2\/tags?post=22591"}],"curies":[{"name":"wp","href":"https:\/\/api.w.org\/{rel}","templated":true}]}}