{"id":22549,"date":"2023-12-16T11:22:53","date_gmt":"2023-12-16T17:22:53","guid":{"rendered":"https:\/\/contextoanalisisperiodistico.com\/index.php\/2023\/12\/16\/celebran-convenio-de-colaboracion-ogaipo-y-cortv\/"},"modified":"2023-12-16T11:22:53","modified_gmt":"2023-12-16T17:22:53","slug":"celebran-convenio-de-colaboracion-ogaipo-y-cortv","status":"publish","type":"post","link":"https:\/\/contextoanalisisperiodistico.com\/index.php\/2023\/12\/16\/celebran-convenio-de-colaboracion-ogaipo-y-cortv\/","title":{"rendered":"Celebran convenio de colaboraci\u00f3n OGAIPO y CORTV"},"content":{"rendered":"<div id=\"fb-root\"><\/div>\n\n<p>&nbsp;<\/p>\n\n\n\n<p>\u00b7<em>OGAIPO entrega reconocimiento por pr\u00e1cticas de Transparencia Poractiva a CORTV.<\/em><\/p>\n\n\n\n<p>Oaxaca de Ju\u00e1rez, Oax., a 15 de diciembre del 2023.- La tarde de hoy, el \u00d3rgano Garante de Acceso a la Informaci\u00f3n P\u00fablica, Transparencia, Protecci\u00f3n de Datos Personales y Buen Gobierno del Estado de Oaxaca (OGAIPO), celebr\u00f3 un Convenio de Colaboraci\u00f3n con la Corporaci\u00f3n Oaxaque\u00f1a de Radio y Televisi\u00f3n (CORTV).<\/p>\n\n\n\n<p>&nbsp;<\/p>\n\n\n\n<p>El objeto de este Convenio es establecer las bases de colaboraci\u00f3n para que lleven a cabo, de manera conjunta, la planeaci\u00f3n y ejecuci\u00f3n de actividades y estrategias dirigidas a la promoci\u00f3n de la cultura de la transparencia, acceso a la informaci\u00f3n p\u00fablica gubernamental, rendici\u00f3n de cuentas a la sociedad, la transparencia proactiva, los datos abiertos, la protecci\u00f3n de datos personales y el ejercicio de los derechos de acceso, rectificaci\u00f3n, cancelaci\u00f3n, oposici\u00f3n y portabilidad.<\/p>\n\n\n\n<p>&nbsp;<\/p>\n\n\n\n<p>Destaca dentro de las acciones, actividades y estrategias, establecer conjuntamente programas de radio y televisi\u00f3n para que ambas instituciones impulsen la difusi\u00f3n de los derechos que tutela el \u00d3rgano Garante Local, as\u00ed como, la cobertura, entrevistas en noticieros y radiof\u00f3nicas para conocimiento de la ciudadan\u00eda.<\/p>\n\n\n\n<p>&nbsp;<\/p>\n\n\n\n<p>En su mensaje de bienvenida, Director General de CORTV,&nbsp;Eulogio Daniel Hern\u00e1ndez Ju\u00e1rez celebr\u00f3 la firma de convenio ya que en su instituci\u00f3n est\u00e1n comprometidos con la transparencia. Ve con benepl\u00e1cito el trabajo colaborativo entre ambas instituciones p\u00fablicas en beneficio de la sociedad oaxaque\u00f1a.<\/p>\n\n\n\n<p>&nbsp;<\/p>\n\n\n\n<p>En su intervenci\u00f3n, el Comisionado Presidente del OGAIPO, Josu\u00e9 Solana Salmor\u00e1n expres\u00f3 su agradecimiento por la anfitriona de la CORTV para la firma de convenio y de esta forma comenzar a difundir informaci\u00f3n relevante sobre el quehacer institucional y derechos que tutela el \u00d3rgano Garante Local.<\/p>\n\n\n\n<p>&nbsp;<\/p>\n\n\n\n<p>Presenciaron el evento protocolario,&nbsp;las Comisionadas del OGAIPO, Claudia Ivette Soto Pineda, X\u00f3chitl Elizabeth M\u00e9ndez S\u00e1nchez y Mar\u00eda Tanivet Ramos Reyes.&nbsp; Fungieron como testigos, por parte del OGAIPO, la Directora de Comunicaci\u00f3n, Capacitaci\u00f3n, Evaluaci\u00f3n, Archivo y Datos Personales, Sara Mariana Jara Carrasco y por la CORTV, la Encargada de Despacho de la Direcci\u00f3n de Noticias, Maribel Mendoza Ram\u00edrez.<\/p>\n\n\n\n<p>&nbsp;<\/p>\n\n\n\n<p>Asimismo, el OGAIPO le realiz\u00f3 la entrega del reconocimiento por la implementaci\u00f3n de pr\u00e1cticas de Transparencia Proactiva denominada \u201cJUEVES DE GOZONA\u201d, al haber cumplido, con puntuaci\u00f3n sobresaliente, con los criterios establecidos en los Lineamientos para determinar los cat\u00e1logos y publicaci\u00f3n de informaci\u00f3n de Inter\u00e9s P\u00fablico; y para la emisi\u00f3n y evaluaci\u00f3n de Pol\u00edticas de Transparencias Proactiva, considerados para la edici\u00f3n 2023.<\/p>\n\n\n\n<p>&nbsp;<\/p>\n","protected":false},"excerpt":{"rendered":"<p>&nbsp; \u00b7OGAIPO entrega reconocimiento por pr\u00e1cticas de Transparencia Poractiva a CORTV. Oaxaca de Ju\u00e1rez, Oax.,&#8230;<\/p>\n","protected":false},"author":4,"featured_media":22548,"comment_status":"","ping_status":"open","sticky":false,"template":"","format":"standard","meta":{"footnotes":""},"categories":[9],"tags":[],"jetpack_sharing_enabled":true,"featured_image_urls":{"full":["https:\/\/contextoanalisisperiodistico.com\/wp-content\/uploads\/2023\/12\/cortvogaipo.jpeg",1600,1066,false],"thumbnail":["https:\/\/contextoanalisisperiodistico.com\/wp-content\/uploads\/2023\/12\/cortvogaipo-150x150.jpeg",150,150,true],"medium":["https:\/\/contextoanalisisperiodistico.com\/wp-content\/uploads\/2023\/12\/cortvogaipo-300x200.jpeg",300,200,true],"medium_large":["https:\/\/contextoanalisisperiodistico.com\/wp-content\/uploads\/2023\/12\/cortvogaipo-768x512.jpeg",640,427,true],"large":["https:\/\/contextoanalisisperiodistico.com\/wp-content\/uploads\/2023\/12\/cortvogaipo-1024x682.jpeg",640,426,true],"1536x1536":["https:\/\/contextoanalisisperiodistico.com\/wp-content\/uploads\/2023\/12\/cortvogaipo-1536x1023.jpeg",1536,1023,true],"2048x2048":["https:\/\/contextoanalisisperiodistico.com\/wp-content\/uploads\/2023\/12\/cortvogaipo.jpeg",1600,1066,false],"covernews-slider-full":["https:\/\/contextoanalisisperiodistico.com\/wp-content\/uploads\/2023\/12\/cortvogaipo-1115x715.jpeg",1115,715,true],"covernews-slider-center":["https:\/\/contextoanalisisperiodistico.com\/wp-content\/uploads\/2023\/12\/cortvogaipo-800x500.jpeg",800,500,true],"covernews-featured":["https:\/\/contextoanalisisperiodistico.com\/wp-content\/uploads\/2023\/12\/cortvogaipo-1024x682.jpeg",1024,682,true],"covernews-medium":["https:\/\/contextoanalisisperiodistico.com\/wp-content\/uploads\/2023\/12\/cortvogaipo-540x340.jpeg",540,340,true],"covernews-medium-square":["https:\/\/contextoanalisisperiodistico.com\/wp-content\/uploads\/2023\/12\/cortvogaipo-400x250.jpeg",400,250,true]},"author_info":{"display_name":"Mario Gir\u00f3n","author_link":"https:\/\/contextoanalisisperiodistico.com\/index.php\/author\/director\/"},"category_info":"<a href=\"https:\/\/contextoanalisisperiodistico.com\/index.php\/category\/politica\/\" rel=\"category tag\">Pol\u00edtica<\/a>","tag_info":"Pol\u00edtica","comment_count":"0","jetpack_featured_media_url":"https:\/\/contextoanalisisperiodistico.com\/wp-content\/uploads\/2023\/12\/cortvogaipo.jpeg","_links":{"self":[{"href":"https:\/\/contextoanalisisperiodistico.com\/index.php\/wp-json\/wp\/v2\/posts\/22549"}],"collection":[{"href":"https:\/\/contextoanalisisperiodistico.com\/index.php\/wp-json\/wp\/v2\/posts"}],"about":[{"href":"https:\/\/contextoanalisisperiodistico.com\/index.php\/wp-json\/wp\/v2\/types\/post"}],"author":[{"embeddable":true,"href":"https:\/\/contextoanalisisperiodistico.com\/index.php\/wp-json\/wp\/v2\/users\/4"}],"replies":[{"embeddable":true,"href":"https:\/\/contextoanalisisperiodistico.com\/index.php\/wp-json\/wp\/v2\/comments?post=22549"}],"version-history":[{"count":0,"href":"https:\/\/contextoanalisisperiodistico.com\/index.php\/wp-json\/wp\/v2\/posts\/22549\/revisions"}],"wp:featuredmedia":[{"embeddable":true,"href":"https:\/\/contextoanalisisperiodistico.com\/index.php\/wp-json\/wp\/v2\/media\/22548"}],"wp:attachment":[{"href":"https:\/\/contextoanalisisperiodistico.com\/index.php\/wp-json\/wp\/v2\/media?parent=22549"}],"wp:term":[{"taxonomy":"category","embeddable":true,"href":"https:\/\/contextoanalisisperiodistico.com\/index.php\/wp-json\/wp\/v2\/categories?post=22549"},{"taxonomy":"post_tag","embeddable":true,"href":"https:\/\/contextoanalisisperiodistico.com\/index.php\/wp-json\/wp\/v2\/tags?post=22549"}],"curies":[{"name":"wp","href":"https:\/\/api.w.org\/{rel}","templated":true}]}}