{"id":22542,"date":"2023-12-16T06:59:04","date_gmt":"2023-12-16T12:59:04","guid":{"rendered":"https:\/\/contextoanalisisperiodistico.com\/?p=22542"},"modified":"2023-12-16T06:59:30","modified_gmt":"2023-12-16T12:59:30","slug":"oaxaca-cuenta-con-playas-limpias-para-periodo-vacacional-de-invierno-2023-sso","status":"publish","type":"post","link":"https:\/\/contextoanalisisperiodistico.com\/index.php\/2023\/12\/16\/oaxaca-cuenta-con-playas-limpias-para-periodo-vacacional-de-invierno-2023-sso\/","title":{"rendered":"Oaxaca cuenta con playas limpias para periodo vacacional de invierno 2023: SSO"},"content":{"rendered":"<div id=\"fb-root\"><\/div>\n\n<p>\u2022 Las 17 playas ubicadas en Puerto Escondido, Huatulco y Puerto \u00c1ngel se encuentran aptas para uso recreativo de acuerdo con la Cofepris<\/p>\n\n\n\n<figure class=\"wp-block-image size-large\"><img fetchpriority=\"high\" decoding=\"async\" width=\"1024\" height=\"1024\" src=\"https:\/\/contextoanalisisperiodistico.com\/wp-content\/uploads\/2023\/12\/img-20231215-wa00256175816178557822257-1024x1024.jpg\" alt=\"\" class=\"wp-image-22544\" srcset=\"https:\/\/contextoanalisisperiodistico.com\/wp-content\/uploads\/2023\/12\/img-20231215-wa00256175816178557822257-1024x1024.jpg 1024w, https:\/\/contextoanalisisperiodistico.com\/wp-content\/uploads\/2023\/12\/img-20231215-wa00256175816178557822257-300x300.jpg 300w, https:\/\/contextoanalisisperiodistico.com\/wp-content\/uploads\/2023\/12\/img-20231215-wa00256175816178557822257-150x150.jpg 150w, https:\/\/contextoanalisisperiodistico.com\/wp-content\/uploads\/2023\/12\/img-20231215-wa00256175816178557822257-768x768.jpg 768w, https:\/\/contextoanalisisperiodistico.com\/wp-content\/uploads\/2023\/12\/img-20231215-wa00256175816178557822257-1536x1536.jpg 1536w, https:\/\/contextoanalisisperiodistico.com\/wp-content\/uploads\/2023\/12\/img-20231215-wa00256175816178557822257.jpg 1600w\" sizes=\"(max-width: 1024px) 100vw, 1024px\" \/><\/figure>\n\n\n\n<figure class=\"wp-block-image\"><img decoding=\"async\" width=\"1024\" height=\"1024\" src=\"https:\/\/contextoanalisisperiodistico.com\/wp-content\/uploads\/2023\/12\/img-20231215-wa00267958063095477138881-1024x1024.jpg\" alt=\"\" class=\"wp-image-22545\" srcset=\"https:\/\/contextoanalisisperiodistico.com\/wp-content\/uploads\/2023\/12\/img-20231215-wa00267958063095477138881-1024x1024.jpg 1024w, https:\/\/contextoanalisisperiodistico.com\/wp-content\/uploads\/2023\/12\/img-20231215-wa00267958063095477138881-300x300.jpg 300w, https:\/\/contextoanalisisperiodistico.com\/wp-content\/uploads\/2023\/12\/img-20231215-wa00267958063095477138881-150x150.jpg 150w, https:\/\/contextoanalisisperiodistico.com\/wp-content\/uploads\/2023\/12\/img-20231215-wa00267958063095477138881-768x768.jpg 768w, https:\/\/contextoanalisisperiodistico.com\/wp-content\/uploads\/2023\/12\/img-20231215-wa00267958063095477138881-1536x1536.jpg 1536w, https:\/\/contextoanalisisperiodistico.com\/wp-content\/uploads\/2023\/12\/img-20231215-wa00267958063095477138881.jpg 1600w\" sizes=\"(max-width: 1024px) 100vw, 1024px\" \/><\/figure>\n\n\n\n<p>\u2022 La dependencia exhorta a las autoridades municipales y personas visitantes a mantenerlas limpias durante su estancia<\/p>\n\n\n\n<p>Oaxaca de Ju\u00e1rez, Oax. 15 de diciembre de 2023.- Luego del monitoreo realizado por la Direcci\u00f3n de Regulaci\u00f3n y Fomento Sanitario en Puerto Escondido, Huatulco y Puerto \u00c1ngel, Servicios de Salud de Oaxaca (SSO) informa que las 17 playas ubicadas en estos destinos tur\u00edsticos se encuentran limpias para el periodo vacacional de invierno 2023.<\/p>\n\n\n\n<p>De acuerdo con las muestras procesadas del 16 al 27 de noviembre en el Laboratorio Estatal de Salud P\u00fablica (LESP) Oaxaca, la Comisi\u00f3n Federal para la Protecci\u00f3n Contra Riesgos Sanitarios (Cofepris) dio a conocer que estas playas son aptas para su uso recreativo.<\/p>\n\n\n\n<p>Esta acci\u00f3n se realiz\u00f3 en cumplimiento del calendario de vigilancia de agua de mar para uso recreativo con contacto primario y previo al periodo prevacacional, por lo que el personal de la dependencia llev\u00f3 a cabo 102 tomas de muestras en las playas Puerto Angelito, Carrizalillo, Marinero, Zicatela I, Zicatela II, Principal, Bacocho, Maguey, Bah\u00eda Santa Cruz, La Entrega, Chahu\u00e9, Bocana, Tangolunda, Principal, Pante\u00f3n, Zipolite I y Zipolite II.<\/p>\n\n\n\n<p>En este sentido, SSO exhorta a las autoridades municipales y a las personas visitantes locales, nacionales e internacionales a mantener limpias las playas durante su estancia, ya que esta labor es una responsabilidad de todas y todos.<\/p>\n\n\n\n<p>As\u00ed como a reportar cualquier anomal\u00eda relacionada con la calidad del agua en los Comit\u00e9s de Playas, los cuales est\u00e1n establecidos en los diferentes destinos tur\u00edsticos o en las p\u00e1ginas de internet de la Cofepris: https:\/\/www.gob.mx\/cofepris y de la Secretar\u00eda de Medio Ambiente y Recursos Naturales (Semarnat): https:\/\/www.gob.mx\/semarnat.<\/p>\n\n\n\n<p>Tambi\u00e9n en la Direcci\u00f3n de Regulaci\u00f3n y Fomento Sanitario de los SSO al tel\u00e9fono: 951 51 6 38 22 en un horario de 9:00 a 14:00 horas de lunes a viernes, y al correo electr\u00f3nico del Centro Integral de Servicios: cis.dryfs@salud-oaxaca.gob.mx.<\/p>\n\n\n\n<p>La dependencia invita a las y los ba\u00f1istas a seguir las recomendaciones proporcionadas en cada punto tur\u00edstico, a fin de evitar poner en riesgo vidas humanas, sobre todo tener atenci\u00f3n con la poblaci\u00f3n menor de edad y personas adultas mayores durante la estancia en las playas.<\/p>\n\n\n\n<p>Asimismo, recomienda no encender fogatas en las \u00c1reas Naturales Protegidas para evitar la propagaci\u00f3n de incendios, as\u00ed como no tirar basura en estos lugares, ya que el cuidado de los recursos naturales es una tarea que requiere del apoyo de todas y todos, para lograr un cambio que permita disminuir las afectaciones, el cambio clim\u00e1tico y deterioro ambiental.<\/p>\n\n\n\n<p>De esta manera tambi\u00e9n sugiere lavarse las manos con agua y jab\u00f3n antes de comer y preparar los alimentos, despu\u00e9s de ir al ba\u00f1o o cambiar el pa\u00f1al de un beb\u00e9. Tambi\u00e9n a mantenerse hidratado y evitar exponerse al sol por per\u00edodos prolongados, usar bloqueador solar, y no consumir alimentos de dudosa procedencia.<\/p>\n\n\n\n<p>-0-<\/p>\n","protected":false},"excerpt":{"rendered":"<p>\u2022 Las 17 playas ubicadas en Puerto Escondido, Huatulco y Puerto \u00c1ngel se encuentran aptas&#8230;<\/p>\n","protected":false},"author":4,"featured_media":22543,"comment_status":"closed","ping_status":"open","sticky":false,"template":"","format":"standard","meta":{"footnotes":""},"categories":[9],"tags":[],"jetpack_sharing_enabled":true,"featured_image_urls":{"full":["https:\/\/contextoanalisisperiodistico.com\/wp-content\/uploads\/2023\/12\/IMG-20231215-WA0027.jpg",1600,1200,false],"thumbnail":["https:\/\/contextoanalisisperiodistico.com\/wp-content\/uploads\/2023\/12\/IMG-20231215-WA0027-150x150.jpg",150,150,true],"medium":["https:\/\/contextoanalisisperiodistico.com\/wp-content\/uploads\/2023\/12\/IMG-20231215-WA0027-300x225.jpg",300,225,true],"medium_large":["https:\/\/contextoanalisisperiodistico.com\/wp-content\/uploads\/2023\/12\/IMG-20231215-WA0027-768x576.jpg",640,480,true],"large":["https:\/\/contextoanalisisperiodistico.com\/wp-content\/uploads\/2023\/12\/IMG-20231215-WA0027-1024x768.jpg",640,480,true],"1536x1536":["https:\/\/contextoanalisisperiodistico.com\/wp-content\/uploads\/2023\/12\/IMG-20231215-WA0027-1536x1152.jpg",1536,1152,true],"2048x2048":["https:\/\/contextoanalisisperiodistico.com\/wp-content\/uploads\/2023\/12\/IMG-20231215-WA0027.jpg",1600,1200,false],"covernews-slider-full":["https:\/\/contextoanalisisperiodistico.com\/wp-content\/uploads\/2023\/12\/IMG-20231215-WA0027-1115x715.jpg",1115,715,true],"covernews-slider-center":["https:\/\/contextoanalisisperiodistico.com\/wp-content\/uploads\/2023\/12\/IMG-20231215-WA0027-800x500.jpg",800,500,true],"covernews-featured":["https:\/\/contextoanalisisperiodistico.com\/wp-content\/uploads\/2023\/12\/IMG-20231215-WA0027-1024x768.jpg",1024,768,true],"covernews-medium":["https:\/\/contextoanalisisperiodistico.com\/wp-content\/uploads\/2023\/12\/IMG-20231215-WA0027-540x340.jpg",540,340,true],"covernews-medium-square":["https:\/\/contextoanalisisperiodistico.com\/wp-content\/uploads\/2023\/12\/IMG-20231215-WA0027-400x250.jpg",400,250,true]},"author_info":{"display_name":"Mario Gir\u00f3n","author_link":"https:\/\/contextoanalisisperiodistico.com\/index.php\/author\/director\/"},"category_info":"<a href=\"https:\/\/contextoanalisisperiodistico.com\/index.php\/category\/politica\/\" rel=\"category tag\">Pol\u00edtica<\/a>","tag_info":"Pol\u00edtica","comment_count":"0","jetpack_featured_media_url":"https:\/\/contextoanalisisperiodistico.com\/wp-content\/uploads\/2023\/12\/IMG-20231215-WA0027.jpg","_links":{"self":[{"href":"https:\/\/contextoanalisisperiodistico.com\/index.php\/wp-json\/wp\/v2\/posts\/22542"}],"collection":[{"href":"https:\/\/contextoanalisisperiodistico.com\/index.php\/wp-json\/wp\/v2\/posts"}],"about":[{"href":"https:\/\/contextoanalisisperiodistico.com\/index.php\/wp-json\/wp\/v2\/types\/post"}],"author":[{"embeddable":true,"href":"https:\/\/contextoanalisisperiodistico.com\/index.php\/wp-json\/wp\/v2\/users\/4"}],"replies":[{"embeddable":true,"href":"https:\/\/contextoanalisisperiodistico.com\/index.php\/wp-json\/wp\/v2\/comments?post=22542"}],"version-history":[{"count":1,"href":"https:\/\/contextoanalisisperiodistico.com\/index.php\/wp-json\/wp\/v2\/posts\/22542\/revisions"}],"predecessor-version":[{"id":22546,"href":"https:\/\/contextoanalisisperiodistico.com\/index.php\/wp-json\/wp\/v2\/posts\/22542\/revisions\/22546"}],"wp:featuredmedia":[{"embeddable":true,"href":"https:\/\/contextoanalisisperiodistico.com\/index.php\/wp-json\/wp\/v2\/media\/22543"}],"wp:attachment":[{"href":"https:\/\/contextoanalisisperiodistico.com\/index.php\/wp-json\/wp\/v2\/media?parent=22542"}],"wp:term":[{"taxonomy":"category","embeddable":true,"href":"https:\/\/contextoanalisisperiodistico.com\/index.php\/wp-json\/wp\/v2\/categories?post=22542"},{"taxonomy":"post_tag","embeddable":true,"href":"https:\/\/contextoanalisisperiodistico.com\/index.php\/wp-json\/wp\/v2\/tags?post=22542"}],"curies":[{"name":"wp","href":"https:\/\/api.w.org\/{rel}","templated":true}]}}