{"id":22490,"date":"2023-12-14T16:19:27","date_gmt":"2023-12-14T22:19:27","guid":{"rendered":"https:\/\/contextoanalisisperiodistico.com\/index.php\/2023\/12\/14\/justicia-social-aumento-salarial-a-policias-cumple-gobernador-salomon-jara\/"},"modified":"2023-12-14T16:19:27","modified_gmt":"2023-12-14T22:19:27","slug":"justicia-social-aumento-salarial-a-policias-cumple-gobernador-salomon-jara","status":"publish","type":"post","link":"https:\/\/contextoanalisisperiodistico.com\/index.php\/2023\/12\/14\/justicia-social-aumento-salarial-a-policias-cumple-gobernador-salomon-jara\/","title":{"rendered":"Justicia social: aumento salarial a polic\u00edas cumple gobernador Salom\u00f3n Jara"},"content":{"rendered":"<div id=\"fb-root\"><\/div>\n\n<p>*12 mil 900 pesos mensuales netos, ganar\u00e1n los uniformados del estado<\/p>\n\n\n\n<p><br>Mario GIR\u00d3N<\/p>\n\n\n\n<p><br>Ordenado por el gobernador Salom\u00f3n Jara Cruz en \u201cacto de justicia social se convierte el aumento al salario de la polic\u00eda que en 2024 quedar\u00e1 en 12 mil 900 pesos mensuales, es decir, una inversi\u00f3n estatal de mil 395 millones de pesos llenar\u00e1 de alegr\u00eda y poder adquisitivo el gasto familiar de siete mil 119 uniformados.<\/p>\n\n\n\n<p><br>Se trata de un beneficio importante, una hist\u00f3rica demanda que por falta de voluntad pol\u00edtica no resolvieron anteriores gobiernos la cual, hoy se convierte en realidad en la administraci\u00f3n del desarrollo de la Primavera Oaxaque\u00f1a.<\/p>\n\n\n\n<p><br>As\u00ed qued\u00f3 establecido esta ma\u00f1ana en palacio de gobierno en el desarrollo de la conferencia de prensa ofrecida por integrantes del Gabinete de Seguridad encabezada por el secretario de Gobierno, Jes\u00fas Romero L\u00f3pez, funcionario de primer orden del Poder Ejecutivo, reconoci\u00f3 la capacidad de la pol\u00edtica social y laboral del gobernador Salom\u00f3n Jara Cruz, con hechos, demostrando que la polic\u00eda son servidores p\u00fablicos de alta prioridad en un gobierno del pueblo con la misi\u00f3n de garantizar a todos los habitantes el derecho a la seguridad publica en Oaxaca.<\/p>\n\n\n\n<p><br>El Gobierno de la Primera ya est\u00e1 en la historia de Oaxaca desde el momento que con capacidad resolutiva respondi\u00f3 favorablemente a una demanda hist\u00f3rica salarial de la polic\u00eda, quienes, de paso, a\u00f1adi\u00f3 el funcionario, comprobaron la no necesidad de intermediarios en la soluci\u00f3n de problemas, los cuales son del conocimiento del gobernador Salom\u00f3n Jara, un mandatario con toda la disposici\u00f3n de resolverlos en el marco de la legalidad.<\/p>\n\n\n\n<p><br>Ante representantes de diversos medios de comunicaci\u00f3n, el servidor p\u00fablico, Romero L\u00f3pez, reconoci\u00f3 el trabajo eficiente del secretario de Finanzas, Farid Acevedo L\u00f3pez, haciendo posible convertir en realidad la petici\u00f3n hist\u00f3rica de la polic\u00eda y al mismo tiempo, la instrucci\u00f3n del trabajo dictada por el gobernador Salm\u00f3n Jara Cruz.<\/p>\n\n\n\n<p><br>\u201cFarid Acevedo L\u00f3pez y su destacado equipo de trabajo, como el de Juan Antonio Cabrera, coordinador de Pol\u00edtica e Innovaci\u00f3n Presupuestar\u00eda, convirtieron en realidad lo que salarialmente no pudieron o no quisieron concretar gobiernos anteriores\u201d.<\/p>\n\n\n\n<p><br>\u201cConversaron e intercambiaron puntos de vista con la secretaria de Hacienda y la Auditoria Superior de la Federaci\u00f3n\u00bb. <\/p>\n\n\n\n<p>\u00abEn mesas importantes de trabajo se estaba jugando el destino, presente y futuro salarial de la polic\u00eda. La instrucci\u00f3n del gobernador Salom\u00f3n Jara se cumpli\u00f3 con una mejora substancial, en t\u00e9rminos de legalidad, para uniformados recibiendo un apoyo importante para siempre, un salario digno el cual influir\u00e1 de manera directa en aguinaldo, retiro, pensi\u00f3n, jubilaci\u00f3n y en todo lo que significa punto final a la carrera de polic\u00eda\u00bb.<\/p>\n\n\n\n<p><br>El nuevo salario incluye a todos los uniformados del gobierno del estado, preventivos, viales, bomberos, PABIC, y custodios.<\/p>\n\n\n\n<figure class=\"wp-block-video\"><video controls src=\"https:\/\/contextoanalisisperiodistico.com\/wp-content\/uploads\/2023\/12\/20231214_101612.mp4\"><\/video><\/figure>\n\n\n\n<figure class=\"wp-block-video\"><video controls src=\"https:\/\/contextoanalisisperiodistico.com\/wp-content\/uploads\/2023\/12\/20231214_102002.mp4\"><\/video><\/figure>\n\n\n\n<figure class=\"wp-block-video\"><video controls src=\"https:\/\/contextoanalisisperiodistico.com\/wp-content\/uploads\/2023\/12\/20231214_102344.mp4\"><\/video><figcaption class=\"wp-element-caption\">Juan Antonio Cabrera, Pol\u00edtica e Innovaci\u00f3n Presupuestar\u00eda <\/figcaption><\/figure>\n\n\n\n<figure class=\"wp-block-video\"><video controls src=\"https:\/\/contextoanalisisperiodistico.com\/wp-content\/uploads\/2023\/12\/20231214_102407.mp4\"><\/video><\/figure>\n","protected":false},"excerpt":{"rendered":"<p>*12 mil 900 pesos mensuales netos, ganar\u00e1n los uniformados del estado Mario GIR\u00d3N Ordenado por&#8230;<\/p>\n","protected":false},"author":4,"featured_media":22485,"comment_status":"","ping_status":"open","sticky":false,"template":"","format":"standard","meta":{"footnotes":""},"categories":[9],"tags":[],"jetpack_sharing_enabled":true,"featured_image_urls":{"full":["https:\/\/contextoanalisisperiodistico.com\/wp-content\/uploads\/2023\/12\/Screenshot_20231214_144643_Photos.jpg",720,412,false],"thumbnail":["https:\/\/contextoanalisisperiodistico.com\/wp-content\/uploads\/2023\/12\/Screenshot_20231214_144643_Photos-150x150.jpg",150,150,true],"medium":["https:\/\/contextoanalisisperiodistico.com\/wp-content\/uploads\/2023\/12\/Screenshot_20231214_144643_Photos-300x172.jpg",300,172,true],"medium_large":["https:\/\/contextoanalisisperiodistico.com\/wp-content\/uploads\/2023\/12\/Screenshot_20231214_144643_Photos.jpg",640,366,false],"large":["https:\/\/contextoanalisisperiodistico.com\/wp-content\/uploads\/2023\/12\/Screenshot_20231214_144643_Photos.jpg",640,366,false],"1536x1536":["https:\/\/contextoanalisisperiodistico.com\/wp-content\/uploads\/2023\/12\/Screenshot_20231214_144643_Photos.jpg",720,412,false],"2048x2048":["https:\/\/contextoanalisisperiodistico.com\/wp-content\/uploads\/2023\/12\/Screenshot_20231214_144643_Photos.jpg",720,412,false],"covernews-slider-full":["https:\/\/contextoanalisisperiodistico.com\/wp-content\/uploads\/2023\/12\/Screenshot_20231214_144643_Photos.jpg",720,412,false],"covernews-slider-center":["https:\/\/contextoanalisisperiodistico.com\/wp-content\/uploads\/2023\/12\/Screenshot_20231214_144643_Photos.jpg",720,412,false],"covernews-featured":["https:\/\/contextoanalisisperiodistico.com\/wp-content\/uploads\/2023\/12\/Screenshot_20231214_144643_Photos.jpg",720,412,false],"covernews-medium":["https:\/\/contextoanalisisperiodistico.com\/wp-content\/uploads\/2023\/12\/Screenshot_20231214_144643_Photos-540x340.jpg",540,340,true],"covernews-medium-square":["https:\/\/contextoanalisisperiodistico.com\/wp-content\/uploads\/2023\/12\/Screenshot_20231214_144643_Photos-400x250.jpg",400,250,true]},"author_info":{"display_name":"Mario Gir\u00f3n","author_link":"https:\/\/contextoanalisisperiodistico.com\/index.php\/author\/director\/"},"category_info":"<a href=\"https:\/\/contextoanalisisperiodistico.com\/index.php\/category\/politica\/\" rel=\"category tag\">Pol\u00edtica<\/a>","tag_info":"Pol\u00edtica","comment_count":"0","jetpack_featured_media_url":"https:\/\/contextoanalisisperiodistico.com\/wp-content\/uploads\/2023\/12\/Screenshot_20231214_144643_Photos.jpg","_links":{"self":[{"href":"https:\/\/contextoanalisisperiodistico.com\/index.php\/wp-json\/wp\/v2\/posts\/22490"}],"collection":[{"href":"https:\/\/contextoanalisisperiodistico.com\/index.php\/wp-json\/wp\/v2\/posts"}],"about":[{"href":"https:\/\/contextoanalisisperiodistico.com\/index.php\/wp-json\/wp\/v2\/types\/post"}],"author":[{"embeddable":true,"href":"https:\/\/contextoanalisisperiodistico.com\/index.php\/wp-json\/wp\/v2\/users\/4"}],"replies":[{"embeddable":true,"href":"https:\/\/contextoanalisisperiodistico.com\/index.php\/wp-json\/wp\/v2\/comments?post=22490"}],"version-history":[{"count":0,"href":"https:\/\/contextoanalisisperiodistico.com\/index.php\/wp-json\/wp\/v2\/posts\/22490\/revisions"}],"wp:featuredmedia":[{"embeddable":true,"href":"https:\/\/contextoanalisisperiodistico.com\/index.php\/wp-json\/wp\/v2\/media\/22485"}],"wp:attachment":[{"href":"https:\/\/contextoanalisisperiodistico.com\/index.php\/wp-json\/wp\/v2\/media?parent=22490"}],"wp:term":[{"taxonomy":"category","embeddable":true,"href":"https:\/\/contextoanalisisperiodistico.com\/index.php\/wp-json\/wp\/v2\/categories?post=22490"},{"taxonomy":"post_tag","embeddable":true,"href":"https:\/\/contextoanalisisperiodistico.com\/index.php\/wp-json\/wp\/v2\/tags?post=22490"}],"curies":[{"name":"wp","href":"https:\/\/api.w.org\/{rel}","templated":true}]}}