{"id":22478,"date":"2023-12-14T13:15:07","date_gmt":"2023-12-14T19:15:07","guid":{"rendered":"https:\/\/contextoanalisisperiodistico.com\/?p=22478"},"modified":"2023-12-14T13:15:36","modified_gmt":"2023-12-14T19:15:36","slug":"continuara-gobierno-de-oaxaca-rescate-del-campo-oaxaqueno-en-2024","status":"publish","type":"post","link":"https:\/\/contextoanalisisperiodistico.com\/index.php\/2023\/12\/14\/continuara-gobierno-de-oaxaca-rescate-del-campo-oaxaqueno-en-2024\/","title":{"rendered":"<em>Continuar\u00e1 Gobierno de Oaxaca rescate del campo oaxaque\u00f1o en 2024<\/em>"},"content":{"rendered":"<div id=\"fb-root\"><\/div>\n\n<p>\u2022 Mediante los programas Abasto Seguro de Ma\u00edz, Autosuficiencia Alimentaria y Agronegocios atender\u00e1n a sectores prioritarios<\/p>\n\n\n\n<p>Oaxaca de Ju\u00e1rez, Oax. 14 de diciembre de 2023.- Para dar continuidad al rescate del campo oaxaque\u00f1o el Gobierno del Estado reforzar\u00e1 tres programas sociales espec\u00edficos que permitan el impulso de las personas productoras para combatir la insuficiencia alimentaria que enfrentan las familias.<\/p>\n\n\n\n<p>Las pol\u00edticas p\u00fablicas para resarcir el olvido hist\u00f3rico en el que se ha encontrado el campo ser\u00e1n Abasto Seguro de Ma\u00edz, Autosuficiencia Alimentaria y Agronegocios mediante las cuales pretenden elevar la calidad de vida de los grupos prioritarios, combatir el d\u00e9ficit de producci\u00f3n y lograr el financiamiento del sector agroalimentario. Las acciones ser\u00e1n llevadas a cabo por conducto de la Secretar\u00eda de Fomento Agroalimentario y Desarrollo Rural (Sefader).<\/p>\n\n\n\n<p>A trav\u00e9s del Programa Abasto Seguro de Ma\u00edz, mediante el cual la administraci\u00f3n estatal invertir\u00e1 335 millones 734 mil pesos, se realizar\u00e1 en este 2024 la entrega de paquetes que contienen semillas mejoradas, fertilizantes, control de plagas y bioestimulantes a las familias en condici\u00f3n de pobreza, contribuyendo al apoyo para la producci\u00f3n de sus propios alimentos.<\/p>\n\n\n\n<p>El programa de apoyo toma m\u00e1s fuerza toda vez que trabaja de la mano con las autoridades municipales, el equipo de operaci\u00f3n regional de la Sefader y el personal t\u00e9cnico del programa.<\/p>\n\n\n\n<p>Para garantizar la seguridad alimentaria de las personas productoras constituidas en Unidades de Producci\u00f3n Familiar Asociadas, en el estrato familiar de subsistencia, sin vinculaci\u00f3n al mercado, e instituciones educativas de nivel b\u00e1sico, a trav\u00e9s de apoyos y est\u00edmulos orientados a la productividad agroalimentaria y acu\u00edcola se aplicar\u00e1 el programa Autosuficiencia Alimentaria en todas las regiones de la entidad.<\/p>\n\n\n\n<p>Con una inversi\u00f3n de 283 mil 765 mil pesos, ejecutar\u00e1n acciones como la entrega de paquetes de insumos agr\u00edcolas, el establecimiento de huertos familiares y escolares, biof\u00e1bricas o bancos comunitarios de semillas, el acompa\u00f1amiento y la capacitaci\u00f3n t\u00e9cnica, entre otras.<\/p>\n\n\n\n<p>El impulso de las personas productoras es una prioridad para el Gobierno de la Transformaci\u00f3n, objetivo que lograr\u00e1 mediante la estrategia denominada Agronegocios, para fomentar y fortalecer las actividades econ\u00f3micas en este sector.<\/p>\n\n\n\n<p>Con una dispersi\u00f3n de 86 millones 247 mil pesos impulsar\u00e1n las cadenas de valor con potencial en el estado de Oaxaca, a trav\u00e9s de bienes y servicios que sumen en el proceso productivo, de transformaci\u00f3n y de comercializaci\u00f3n. Asimismo, con apoyos como servicios profesionales de consultor\u00eda, proyectos de construcci\u00f3n, rehabilitaci\u00f3n, equipamiento de infraestructura productiva y certificaci\u00f3n de procesos, entre otros.<br \/>-0-<\/p>\n\n\n\n<figure class=\"wp-block-image size-large\"><img fetchpriority=\"high\" decoding=\"async\" width=\"950\" height=\"630\" src=\"https:\/\/contextoanalisisperiodistico.com\/wp-content\/uploads\/2023\/12\/img-20231214-wa00338034743293072206951.jpg\" alt=\"\" class=\"wp-image-22481\" srcset=\"https:\/\/contextoanalisisperiodistico.com\/wp-content\/uploads\/2023\/12\/img-20231214-wa00338034743293072206951.jpg 950w, https:\/\/contextoanalisisperiodistico.com\/wp-content\/uploads\/2023\/12\/img-20231214-wa00338034743293072206951-300x199.jpg 300w, https:\/\/contextoanalisisperiodistico.com\/wp-content\/uploads\/2023\/12\/img-20231214-wa00338034743293072206951-768x509.jpg 768w\" sizes=\"(max-width: 950px) 100vw, 950px\" \/><\/figure>\n\n\n\n<figure class=\"wp-block-image\"><img decoding=\"async\" width=\"1024\" height=\"682\" src=\"https:\/\/contextoanalisisperiodistico.com\/wp-content\/uploads\/2023\/12\/img-20231214-wa00303466274527047284370-1024x682.jpg\" alt=\"\" class=\"wp-image-22482\" srcset=\"https:\/\/contextoanalisisperiodistico.com\/wp-content\/uploads\/2023\/12\/img-20231214-wa00303466274527047284370-1024x682.jpg 1024w, https:\/\/contextoanalisisperiodistico.com\/wp-content\/uploads\/2023\/12\/img-20231214-wa00303466274527047284370-300x200.jpg 300w, https:\/\/contextoanalisisperiodistico.com\/wp-content\/uploads\/2023\/12\/img-20231214-wa00303466274527047284370-768x512.jpg 768w, https:\/\/contextoanalisisperiodistico.com\/wp-content\/uploads\/2023\/12\/img-20231214-wa00303466274527047284370-1536x1023.jpg 1536w, https:\/\/contextoanalisisperiodistico.com\/wp-content\/uploads\/2023\/12\/img-20231214-wa00303466274527047284370.jpg 1600w\" sizes=\"(max-width: 1024px) 100vw, 1024px\" \/><\/figure>\n\n\n\n<figure class=\"wp-block-image\"><img decoding=\"async\" width=\"1024\" height=\"682\" src=\"https:\/\/contextoanalisisperiodistico.com\/wp-content\/uploads\/2023\/12\/img-20231214-wa00312839480563851465440-1024x682.jpg\" alt=\"\" class=\"wp-image-22483\" srcset=\"https:\/\/contextoanalisisperiodistico.com\/wp-content\/uploads\/2023\/12\/img-20231214-wa00312839480563851465440-1024x682.jpg 1024w, https:\/\/contextoanalisisperiodistico.com\/wp-content\/uploads\/2023\/12\/img-20231214-wa00312839480563851465440-300x200.jpg 300w, https:\/\/contextoanalisisperiodistico.com\/wp-content\/uploads\/2023\/12\/img-20231214-wa00312839480563851465440-768x512.jpg 768w, https:\/\/contextoanalisisperiodistico.com\/wp-content\/uploads\/2023\/12\/img-20231214-wa00312839480563851465440-1536x1023.jpg 1536w, https:\/\/contextoanalisisperiodistico.com\/wp-content\/uploads\/2023\/12\/img-20231214-wa00312839480563851465440.jpg 1600w\" sizes=\"(max-width: 1024px) 100vw, 1024px\" \/><\/figure>\n\n\n\n<figure class=\"wp-block-image\"><img loading=\"lazy\" decoding=\"async\" width=\"300\" height=\"200\" src=\"https:\/\/contextoanalisisperiodistico.com\/wp-content\/uploads\/2023\/12\/img-20231214-wa0029451226332580211318-300x200.jpg\" alt=\"\" class=\"wp-image-22480\" srcset=\"https:\/\/contextoanalisisperiodistico.com\/wp-content\/uploads\/2023\/12\/img-20231214-wa0029451226332580211318-300x200.jpg 300w, https:\/\/contextoanalisisperiodistico.com\/wp-content\/uploads\/2023\/12\/img-20231214-wa0029451226332580211318-768x512.jpg 768w, https:\/\/contextoanalisisperiodistico.com\/wp-content\/uploads\/2023\/12\/img-20231214-wa0029451226332580211318.jpg 1024w\" sizes=\"(max-width: 300px) 100vw, 300px\" \/><\/figure>\n","protected":false},"excerpt":{"rendered":"<p>\u2022 Mediante los programas Abasto Seguro de Ma\u00edz, Autosuficiencia Alimentaria y Agronegocios atender\u00e1n a sectores&#8230;<\/p>\n","protected":false},"author":4,"featured_media":22479,"comment_status":"closed","ping_status":"open","sticky":false,"template":"","format":"standard","meta":{"footnotes":""},"categories":[9],"tags":[],"jetpack_sharing_enabled":true,"featured_image_urls":{"full":["https:\/\/contextoanalisisperiodistico.com\/wp-content\/uploads\/2023\/12\/IMG-20231214-WA0028.jpg",1200,1600,false],"thumbnail":["https:\/\/contextoanalisisperiodistico.com\/wp-content\/uploads\/2023\/12\/IMG-20231214-WA0028-150x150.jpg",150,150,true],"medium":["https:\/\/contextoanalisisperiodistico.com\/wp-content\/uploads\/2023\/12\/IMG-20231214-WA0028-225x300.jpg",225,300,true],"medium_large":["https:\/\/contextoanalisisperiodistico.com\/wp-content\/uploads\/2023\/12\/IMG-20231214-WA0028-768x1024.jpg",640,853,true],"large":["https:\/\/contextoanalisisperiodistico.com\/wp-content\/uploads\/2023\/12\/IMG-20231214-WA0028-768x1024.jpg",640,853,true],"1536x1536":["https:\/\/contextoanalisisperiodistico.com\/wp-content\/uploads\/2023\/12\/IMG-20231214-WA0028-1152x1536.jpg",1152,1536,true],"2048x2048":["https:\/\/contextoanalisisperiodistico.com\/wp-content\/uploads\/2023\/12\/IMG-20231214-WA0028.jpg",1200,1600,false],"covernews-slider-full":["https:\/\/contextoanalisisperiodistico.com\/wp-content\/uploads\/2023\/12\/IMG-20231214-WA0028-1115x715.jpg",1115,715,true],"covernews-slider-center":["https:\/\/contextoanalisisperiodistico.com\/wp-content\/uploads\/2023\/12\/IMG-20231214-WA0028-800x500.jpg",800,500,true],"covernews-featured":["https:\/\/contextoanalisisperiodistico.com\/wp-content\/uploads\/2023\/12\/IMG-20231214-WA0028-1024x1365.jpg",1024,1365,true],"covernews-medium":["https:\/\/contextoanalisisperiodistico.com\/wp-content\/uploads\/2023\/12\/IMG-20231214-WA0028-540x340.jpg",540,340,true],"covernews-medium-square":["https:\/\/contextoanalisisperiodistico.com\/wp-content\/uploads\/2023\/12\/IMG-20231214-WA0028-400x250.jpg",400,250,true]},"author_info":{"display_name":"Mario Gir\u00f3n","author_link":"https:\/\/contextoanalisisperiodistico.com\/index.php\/author\/director\/"},"category_info":"<a href=\"https:\/\/contextoanalisisperiodistico.com\/index.php\/category\/politica\/\" rel=\"category tag\">Pol\u00edtica<\/a>","tag_info":"Pol\u00edtica","comment_count":"0","jetpack_featured_media_url":"https:\/\/contextoanalisisperiodistico.com\/wp-content\/uploads\/2023\/12\/IMG-20231214-WA0028.jpg","_links":{"self":[{"href":"https:\/\/contextoanalisisperiodistico.com\/index.php\/wp-json\/wp\/v2\/posts\/22478"}],"collection":[{"href":"https:\/\/contextoanalisisperiodistico.com\/index.php\/wp-json\/wp\/v2\/posts"}],"about":[{"href":"https:\/\/contextoanalisisperiodistico.com\/index.php\/wp-json\/wp\/v2\/types\/post"}],"author":[{"embeddable":true,"href":"https:\/\/contextoanalisisperiodistico.com\/index.php\/wp-json\/wp\/v2\/users\/4"}],"replies":[{"embeddable":true,"href":"https:\/\/contextoanalisisperiodistico.com\/index.php\/wp-json\/wp\/v2\/comments?post=22478"}],"version-history":[{"count":1,"href":"https:\/\/contextoanalisisperiodistico.com\/index.php\/wp-json\/wp\/v2\/posts\/22478\/revisions"}],"predecessor-version":[{"id":22484,"href":"https:\/\/contextoanalisisperiodistico.com\/index.php\/wp-json\/wp\/v2\/posts\/22478\/revisions\/22484"}],"wp:featuredmedia":[{"embeddable":true,"href":"https:\/\/contextoanalisisperiodistico.com\/index.php\/wp-json\/wp\/v2\/media\/22479"}],"wp:attachment":[{"href":"https:\/\/contextoanalisisperiodistico.com\/index.php\/wp-json\/wp\/v2\/media?parent=22478"}],"wp:term":[{"taxonomy":"category","embeddable":true,"href":"https:\/\/contextoanalisisperiodistico.com\/index.php\/wp-json\/wp\/v2\/categories?post=22478"},{"taxonomy":"post_tag","embeddable":true,"href":"https:\/\/contextoanalisisperiodistico.com\/index.php\/wp-json\/wp\/v2\/tags?post=22478"}],"curies":[{"name":"wp","href":"https:\/\/api.w.org\/{rel}","templated":true}]}}