{"id":22454,"date":"2023-12-13T19:04:29","date_gmt":"2023-12-14T01:04:29","guid":{"rendered":"https:\/\/contextoanalisisperiodistico.com\/index.php\/2023\/12\/13\/san-antonino-castillo-velasco-esta-listo-para-compartir-su-riqueza-gastronomica\/"},"modified":"2023-12-13T19:04:29","modified_gmt":"2023-12-14T01:04:29","slug":"san-antonino-castillo-velasco-esta-listo-para-compartir-su-riqueza-gastronomica","status":"publish","type":"post","link":"https:\/\/contextoanalisisperiodistico.com\/index.php\/2023\/12\/13\/san-antonino-castillo-velasco-esta-listo-para-compartir-su-riqueza-gastronomica\/","title":{"rendered":"San Antonino Castillo Velasco est\u00e1 listo para compartir su riqueza gastron\u00f3mica"},"content":{"rendered":"<div id=\"fb-root\"><\/div>\n\n<p>-Realizar\u00e1 la Novena Feria de la Empanada del Espesado de Amarillo y del Chocolate Atole<\/p>\n\n\n\n<figure class=\"wp-block-image size-large\"><img fetchpriority=\"high\" decoding=\"async\" width=\"1024\" height=\"683\" src=\"https:\/\/contextoanalisisperiodistico.com\/wp-content\/uploads\/2023\/12\/img-20231213-wa01426569078709365026-1024x683.jpg\" alt=\"\" class=\"wp-image-22453\" srcset=\"https:\/\/contextoanalisisperiodistico.com\/wp-content\/uploads\/2023\/12\/img-20231213-wa01426569078709365026-1024x683.jpg 1024w, https:\/\/contextoanalisisperiodistico.com\/wp-content\/uploads\/2023\/12\/img-20231213-wa01426569078709365026-300x200.jpg 300w, https:\/\/contextoanalisisperiodistico.com\/wp-content\/uploads\/2023\/12\/img-20231213-wa01426569078709365026-768x512.jpg 768w, https:\/\/contextoanalisisperiodistico.com\/wp-content\/uploads\/2023\/12\/img-20231213-wa01426569078709365026-1536x1024.jpg 1536w, https:\/\/contextoanalisisperiodistico.com\/wp-content\/uploads\/2023\/12\/img-20231213-wa01426569078709365026-2048x1366.jpg 2048w\" sizes=\"(max-width: 1024px) 100vw, 1024px\" \/><\/figure>\n\n\n\n<figure class=\"wp-block-image\"><img decoding=\"async\" width=\"683\" height=\"1024\" src=\"https:\/\/contextoanalisisperiodistico.com\/wp-content\/uploads\/2023\/12\/img-20231213-wa01434452249156480953215-683x1024.jpg\" alt=\"\" class=\"wp-image-22452\" srcset=\"https:\/\/contextoanalisisperiodistico.com\/wp-content\/uploads\/2023\/12\/img-20231213-wa01434452249156480953215-683x1024.jpg 683w, https:\/\/contextoanalisisperiodistico.com\/wp-content\/uploads\/2023\/12\/img-20231213-wa01434452249156480953215-200x300.jpg 200w, https:\/\/contextoanalisisperiodistico.com\/wp-content\/uploads\/2023\/12\/img-20231213-wa01434452249156480953215-768x1152.jpg 768w, https:\/\/contextoanalisisperiodistico.com\/wp-content\/uploads\/2023\/12\/img-20231213-wa01434452249156480953215-1024x1536.jpg 1024w, https:\/\/contextoanalisisperiodistico.com\/wp-content\/uploads\/2023\/12\/img-20231213-wa01434452249156480953215-1365x2048.jpg 1365w, https:\/\/contextoanalisisperiodistico.com\/wp-content\/uploads\/2023\/12\/img-20231213-wa01434452249156480953215-scaled.jpg 1707w\" sizes=\"(max-width: 683px) 100vw, 683px\" \/><\/figure>\n\n\n\n<figure class=\"wp-block-image\"><img decoding=\"async\" width=\"1024\" height=\"683\" src=\"https:\/\/contextoanalisisperiodistico.com\/wp-content\/uploads\/2023\/12\/img-20231213-wa01408006865907413061223-1024x683.jpg\" alt=\"\" class=\"wp-image-22451\" srcset=\"https:\/\/contextoanalisisperiodistico.com\/wp-content\/uploads\/2023\/12\/img-20231213-wa01408006865907413061223-1024x683.jpg 1024w, https:\/\/contextoanalisisperiodistico.com\/wp-content\/uploads\/2023\/12\/img-20231213-wa01408006865907413061223-300x200.jpg 300w, https:\/\/contextoanalisisperiodistico.com\/wp-content\/uploads\/2023\/12\/img-20231213-wa01408006865907413061223-768x512.jpg 768w, https:\/\/contextoanalisisperiodistico.com\/wp-content\/uploads\/2023\/12\/img-20231213-wa01408006865907413061223-1536x1024.jpg 1536w, https:\/\/contextoanalisisperiodistico.com\/wp-content\/uploads\/2023\/12\/img-20231213-wa01408006865907413061223-2048x1366.jpg 2048w\" sizes=\"(max-width: 1024px) 100vw, 1024px\" \/><\/figure>\n\n\n\n<p>Oaxaca de Ju\u00e1rez, Oax. 13 de diciembre de 2023.- Del 23 al 27 de diciembre se vivir\u00e1 una fiesta de sabores y tradici\u00f3n en San Antonino Castillo Velasco con la Novena Feria de la Empanada del Espesado de Amarillo y del Chocolate Atole.<\/p>\n\n\n\n<p>En representaci\u00f3n de la titular de la Secretar\u00eda de Turismo de Oaxaca, Saymi Pineda Velasco, la subsecretaria de Operaci\u00f3n Tur\u00edstica, Fernanda Schmidt Ruiz invit\u00f3 a la poblaci\u00f3n oaxaque\u00f1a y al turismo a conocer la tradici\u00f3n gastron\u00f3mica de la comunidad en esta feria que se llevar\u00e1 a cabo en la explanada municipal de 9:00 a 19:00 horas.<\/p>\n\n\n\n<p>San Antonino Castillo Velasco compartir\u00e1 su platillo m\u00e1s emblem\u00e1tico: la empanada elaborada con un espesado de amarillo preparado con cilantro, manteca, chile guajillo y carne de cerdo. Un manjar que se disfruta en grandes fiestas como en las mayordom\u00edas.<\/p>\n\n\n\n<p>Asimismo ofrecer\u00e1 el chocolate atole, una bebida a base de ma\u00edz, cacao y canela, que se caracteriza por llevar una abundante espuma encima y est\u00e1 considerada entre las m\u00e1s deliciosas de los Valles Centrales.<\/p>\n\n\n\n<p>Fernanda Schmidt expres\u00f3 que es compromiso de esta dependencia dar promoci\u00f3n a los eventos que son atractivos para las y los visitantes y generan una derrama econ\u00f3mica directa para las localidades.<\/p>\n\n\n\n<p>En su oportunidad, el director de Cultura y Turismo de San Antonino Castillo Velasco, Gaudencio Vidal Mart\u00ednez S\u00e1nchez, destac\u00f3 el trabajo coordinado del municipio con las cocineras tradicionales para compartir la emblem\u00e1tica empanada originaria de esta localidad y declarada recientemente por el Congreso del Estado como Patrimonio Cultural. As\u00ed como el chocolate atole, bebida con or\u00edgenes prehisp\u00e1nicos.<\/p>\n\n\n\n<p>A la par de esta feria gastron\u00f3mica, tambi\u00e9n se llevar\u00e1 a cabo la Expo Feria de la Ruta M\u00e1gica de las Artesan\u00edas, inform\u00f3 el secretario del Comit\u00e9 de Artesanos de la comunidad, Juan Pedro Ram\u00edrez Alonso, quien resalt\u00f3 la participaci\u00f3n de las poblaciones de Santa Mar\u00eda Atzompa, Cuil\u00e1pam de Guerrero, Villa de Zaachila, Ocotl\u00e1n de Morelos, Santa Catarina Minas, Santo Tom\u00e1s Jalieza, San Antonio Arrazola, San Mart\u00edn Tilcajete y San Bartolo Coyotepec.<\/p>\n\n\n\n<p>Alebrijes, textiles, barro negro y verde vidriado, gastronom\u00eda, cester\u00eda, huaracher\u00eda, entre otras piezas artesanales, podr\u00e1n admirarse y adquirirse en esta feria, asegur\u00f3 el representante de artesanos.<\/p>\n\n\n\n<p>San Antonino Castillo Velasco est\u00e1 listo para recibir a las y los visitantes durante estos d\u00edas de fiestas en los que adem\u00e1s de la gastronom\u00eda, se podr\u00e1n disfrutar de talleres, exposiciones, conciertos y m\u00fasica.<\/p>\n\n\n\n<p>-0-<\/p>\n\n\n\n<p><\/p>\n","protected":false},"excerpt":{"rendered":"<p>-Realizar\u00e1 la Novena Feria de la Empanada del Espesado de Amarillo y del Chocolate Atole&#8230;<\/p>\n","protected":false},"author":4,"featured_media":22450,"comment_status":"","ping_status":"open","sticky":false,"template":"","format":"standard","meta":{"footnotes":""},"categories":[9],"tags":[],"jetpack_sharing_enabled":true,"featured_image_urls":{"full":["https:\/\/contextoanalisisperiodistico.com\/wp-content\/uploads\/2023\/12\/IMG-20231213-WA0141-scaled.jpg",2560,1707,false],"thumbnail":["https:\/\/contextoanalisisperiodistico.com\/wp-content\/uploads\/2023\/12\/IMG-20231213-WA0141-150x150.jpg",150,150,true],"medium":["https:\/\/contextoanalisisperiodistico.com\/wp-content\/uploads\/2023\/12\/IMG-20231213-WA0141-300x200.jpg",300,200,true],"medium_large":["https:\/\/contextoanalisisperiodistico.com\/wp-content\/uploads\/2023\/12\/IMG-20231213-WA0141-768x512.jpg",640,427,true],"large":["https:\/\/contextoanalisisperiodistico.com\/wp-content\/uploads\/2023\/12\/IMG-20231213-WA0141-1024x683.jpg",640,427,true],"1536x1536":["https:\/\/contextoanalisisperiodistico.com\/wp-content\/uploads\/2023\/12\/IMG-20231213-WA0141-1536x1024.jpg",1536,1024,true],"2048x2048":["https:\/\/contextoanalisisperiodistico.com\/wp-content\/uploads\/2023\/12\/IMG-20231213-WA0141-2048x1366.jpg",2048,1366,true],"covernews-slider-full":["https:\/\/contextoanalisisperiodistico.com\/wp-content\/uploads\/2023\/12\/IMG-20231213-WA0141-1115x715.jpg",1115,715,true],"covernews-slider-center":["https:\/\/contextoanalisisperiodistico.com\/wp-content\/uploads\/2023\/12\/IMG-20231213-WA0141-800x500.jpg",800,500,true],"covernews-featured":["https:\/\/contextoanalisisperiodistico.com\/wp-content\/uploads\/2023\/12\/IMG-20231213-WA0141-1024x683.jpg",1024,683,true],"covernews-medium":["https:\/\/contextoanalisisperiodistico.com\/wp-content\/uploads\/2023\/12\/IMG-20231213-WA0141-540x340.jpg",540,340,true],"covernews-medium-square":["https:\/\/contextoanalisisperiodistico.com\/wp-content\/uploads\/2023\/12\/IMG-20231213-WA0141-400x250.jpg",400,250,true]},"author_info":{"display_name":"Mario Gir\u00f3n","author_link":"https:\/\/contextoanalisisperiodistico.com\/index.php\/author\/director\/"},"category_info":"<a href=\"https:\/\/contextoanalisisperiodistico.com\/index.php\/category\/politica\/\" rel=\"category tag\">Pol\u00edtica<\/a>","tag_info":"Pol\u00edtica","comment_count":"0","jetpack_featured_media_url":"https:\/\/contextoanalisisperiodistico.com\/wp-content\/uploads\/2023\/12\/IMG-20231213-WA0141-scaled.jpg","_links":{"self":[{"href":"https:\/\/contextoanalisisperiodistico.com\/index.php\/wp-json\/wp\/v2\/posts\/22454"}],"collection":[{"href":"https:\/\/contextoanalisisperiodistico.com\/index.php\/wp-json\/wp\/v2\/posts"}],"about":[{"href":"https:\/\/contextoanalisisperiodistico.com\/index.php\/wp-json\/wp\/v2\/types\/post"}],"author":[{"embeddable":true,"href":"https:\/\/contextoanalisisperiodistico.com\/index.php\/wp-json\/wp\/v2\/users\/4"}],"replies":[{"embeddable":true,"href":"https:\/\/contextoanalisisperiodistico.com\/index.php\/wp-json\/wp\/v2\/comments?post=22454"}],"version-history":[{"count":0,"href":"https:\/\/contextoanalisisperiodistico.com\/index.php\/wp-json\/wp\/v2\/posts\/22454\/revisions"}],"wp:featuredmedia":[{"embeddable":true,"href":"https:\/\/contextoanalisisperiodistico.com\/index.php\/wp-json\/wp\/v2\/media\/22450"}],"wp:attachment":[{"href":"https:\/\/contextoanalisisperiodistico.com\/index.php\/wp-json\/wp\/v2\/media?parent=22454"}],"wp:term":[{"taxonomy":"category","embeddable":true,"href":"https:\/\/contextoanalisisperiodistico.com\/index.php\/wp-json\/wp\/v2\/categories?post=22454"},{"taxonomy":"post_tag","embeddable":true,"href":"https:\/\/contextoanalisisperiodistico.com\/index.php\/wp-json\/wp\/v2\/tags?post=22454"}],"curies":[{"name":"wp","href":"https:\/\/api.w.org\/{rel}","templated":true}]}}