{"id":22445,"date":"2023-12-13T15:41:13","date_gmt":"2023-12-13T21:41:13","guid":{"rendered":"https:\/\/contextoanalisisperiodistico.com\/index.php\/2023\/12\/13\/busca-coordinacion-de-comunicacion-social-crear-ambientes-laborales-respetuosos-para-mujeres-y-hombres\/"},"modified":"2023-12-13T15:41:13","modified_gmt":"2023-12-13T21:41:13","slug":"busca-coordinacion-de-comunicacion-social-crear-ambientes-laborales-respetuosos-para-mujeres-y-hombres","status":"publish","type":"post","link":"https:\/\/contextoanalisisperiodistico.com\/index.php\/2023\/12\/13\/busca-coordinacion-de-comunicacion-social-crear-ambientes-laborales-respetuosos-para-mujeres-y-hombres\/","title":{"rendered":"Busca Coordinaci\u00f3n de Comunicaci\u00f3n Social crear ambientes laborales respetuosos para mujeres y hombres"},"content":{"rendered":"<div id=\"fb-root\"><\/div>\n\n<p>\u2022 Con la instalaci\u00f3n del Buz\u00f3n Violeta, la dependencia se suma a la Campa\u00f1a Cero Tolerancia al Acoso y Hostigamiento Sexual<\/p>\n\n\n\n<figure class=\"wp-block-image size-large\"><img fetchpriority=\"high\" decoding=\"async\" width=\"1024\" height=\"684\" src=\"https:\/\/contextoanalisisperiodistico.com\/wp-content\/uploads\/2023\/12\/img-20231213-wa00506131693524587522838-1024x684.jpg\" alt=\"\" class=\"wp-image-22444\" srcset=\"https:\/\/contextoanalisisperiodistico.com\/wp-content\/uploads\/2023\/12\/img-20231213-wa00506131693524587522838-1024x684.jpg 1024w, https:\/\/contextoanalisisperiodistico.com\/wp-content\/uploads\/2023\/12\/img-20231213-wa00506131693524587522838-300x200.jpg 300w, https:\/\/contextoanalisisperiodistico.com\/wp-content\/uploads\/2023\/12\/img-20231213-wa00506131693524587522838-768x513.jpg 768w, https:\/\/contextoanalisisperiodistico.com\/wp-content\/uploads\/2023\/12\/img-20231213-wa00506131693524587522838-1536x1025.jpg 1536w, https:\/\/contextoanalisisperiodistico.com\/wp-content\/uploads\/2023\/12\/img-20231213-wa00506131693524587522838.jpg 1600w\" sizes=\"(max-width: 1024px) 100vw, 1024px\" \/><\/figure>\n\n\n\n<figure class=\"wp-block-image\"><img decoding=\"async\" width=\"1024\" height=\"684\" src=\"https:\/\/contextoanalisisperiodistico.com\/wp-content\/uploads\/2023\/12\/img-20231213-wa00498637871477992310774-1024x684.jpg\" alt=\"\" class=\"wp-image-22443\" srcset=\"https:\/\/contextoanalisisperiodistico.com\/wp-content\/uploads\/2023\/12\/img-20231213-wa00498637871477992310774-1024x684.jpg 1024w, https:\/\/contextoanalisisperiodistico.com\/wp-content\/uploads\/2023\/12\/img-20231213-wa00498637871477992310774-300x200.jpg 300w, https:\/\/contextoanalisisperiodistico.com\/wp-content\/uploads\/2023\/12\/img-20231213-wa00498637871477992310774-768x513.jpg 768w, https:\/\/contextoanalisisperiodistico.com\/wp-content\/uploads\/2023\/12\/img-20231213-wa00498637871477992310774-1536x1025.jpg 1536w, https:\/\/contextoanalisisperiodistico.com\/wp-content\/uploads\/2023\/12\/img-20231213-wa00498637871477992310774.jpg 1600w\" sizes=\"(max-width: 1024px) 100vw, 1024px\" \/><\/figure>\n\n\n\n<figure class=\"wp-block-image\"><img decoding=\"async\" width=\"1024\" height=\"684\" src=\"https:\/\/contextoanalisisperiodistico.com\/wp-content\/uploads\/2023\/12\/img-20231213-wa00483180961373502636555-1024x684.jpg\" alt=\"\" class=\"wp-image-22442\" srcset=\"https:\/\/contextoanalisisperiodistico.com\/wp-content\/uploads\/2023\/12\/img-20231213-wa00483180961373502636555-1024x684.jpg 1024w, https:\/\/contextoanalisisperiodistico.com\/wp-content\/uploads\/2023\/12\/img-20231213-wa00483180961373502636555-300x200.jpg 300w, https:\/\/contextoanalisisperiodistico.com\/wp-content\/uploads\/2023\/12\/img-20231213-wa00483180961373502636555-768x513.jpg 768w, https:\/\/contextoanalisisperiodistico.com\/wp-content\/uploads\/2023\/12\/img-20231213-wa00483180961373502636555-1536x1025.jpg 1536w, https:\/\/contextoanalisisperiodistico.com\/wp-content\/uploads\/2023\/12\/img-20231213-wa00483180961373502636555.jpg 1600w\" sizes=\"(max-width: 1024px) 100vw, 1024px\" \/><\/figure>\n\n\n\n<p>Oaxaca de Ju\u00e1rez, Oax. 13 de diciembre de 2023.- A fin de crear ambientes laborales respetuosos, basados en la \u00e9tica y dignidad que deben regir el servicio p\u00fablico para garantizar el derecho a una vida libre de violencia, la Coordinaci\u00f3n de Comunicaci\u00f3n Social se suma a la Campa\u00f1a Cero Tolerancia al Acoso y Hostigamiento Sexual.<\/p>\n\n\n\n<p>Esta acci\u00f3n forma parte del Eje Pa\u2019 las Oaxaque\u00f1as del Programa Paz con Justicia y Bienestar para el Pueblo de Oaxaca que impulsa la Secretar\u00eda de Gobierno con el objetivo de promover la igualdad entre las personas servidoras p\u00fablicas.<\/p>\n\n\n\n<p>De esta manera, se instal\u00f3 un Buz\u00f3n Violeta mediante el cual mujeres y hombres podr\u00e1n externar cualquier situaci\u00f3n de violencia que se presenten en los entornos laborales, para as\u00ed poder atenderla, sancionarla y erradicarla.<\/p>\n\n\n\n<p>En tanto, la coordinadora de Comunicaci\u00f3n Social, Elizabeth \u00c1lvarez Acosta invit\u00f3 al personal a unirse a esta iniciativa, para que de manera conjunta puedan eliminar todo tipo de violencia dentro y fuera de la instituci\u00f3n.<\/p>\n\n\n\n<p>En su oportunidad, la enlace de Unidad de G\u00e9nero de la Secretar\u00eda de Gobierno, Casandra Arias Fern\u00e1ndez destac\u00f3 que la campa\u00f1a Cero Tolerancia contempla talleres y conferencia para la capacitaci\u00f3n, sensibilizaci\u00f3n y erradicaci\u00f3n de las violencias.<\/p>\n\n\n\n<p>Finalmente, Vania Bautista Cruz, quien funge como enlace de G\u00e9nero de la Coordinaci\u00f3n de Comunicaci\u00f3n Social, explic\u00f3 que el Buz\u00f3n Violeta se encontrar\u00e1 en las oficinas de la dependencia, ubicadas en la planta alta del Palacio de Gobierno de Oaxaca; las personas interesadas podr\u00e1n enviar sus quejas y sugerencias al correo electr\u00f3nico: ccs.quejasydenuncias@gob.mx.<br \/>-0-<\/p>\n","protected":false},"excerpt":{"rendered":"<p>\u2022 Con la instalaci\u00f3n del Buz\u00f3n Violeta, la dependencia se suma a la Campa\u00f1a Cero&#8230;<\/p>\n","protected":false},"author":4,"featured_media":22441,"comment_status":"","ping_status":"open","sticky":false,"template":"","format":"standard","meta":{"footnotes":""},"categories":[9],"tags":[],"jetpack_sharing_enabled":true,"featured_image_urls":{"full":["https:\/\/contextoanalisisperiodistico.com\/wp-content\/uploads\/2023\/12\/IMG-20231213-WA0051-1.jpg",1600,1068,false],"thumbnail":["https:\/\/contextoanalisisperiodistico.com\/wp-content\/uploads\/2023\/12\/IMG-20231213-WA0051-1-150x150.jpg",150,150,true],"medium":["https:\/\/contextoanalisisperiodistico.com\/wp-content\/uploads\/2023\/12\/IMG-20231213-WA0051-1-300x200.jpg",300,200,true],"medium_large":["https:\/\/contextoanalisisperiodistico.com\/wp-content\/uploads\/2023\/12\/IMG-20231213-WA0051-1-768x513.jpg",640,428,true],"large":["https:\/\/contextoanalisisperiodistico.com\/wp-content\/uploads\/2023\/12\/IMG-20231213-WA0051-1-1024x684.jpg",640,428,true],"1536x1536":["https:\/\/contextoanalisisperiodistico.com\/wp-content\/uploads\/2023\/12\/IMG-20231213-WA0051-1-1536x1025.jpg",1536,1025,true],"2048x2048":["https:\/\/contextoanalisisperiodistico.com\/wp-content\/uploads\/2023\/12\/IMG-20231213-WA0051-1.jpg",1600,1068,false],"covernews-slider-full":["https:\/\/contextoanalisisperiodistico.com\/wp-content\/uploads\/2023\/12\/IMG-20231213-WA0051-1-1115x715.jpg",1115,715,true],"covernews-slider-center":["https:\/\/contextoanalisisperiodistico.com\/wp-content\/uploads\/2023\/12\/IMG-20231213-WA0051-1-800x500.jpg",800,500,true],"covernews-featured":["https:\/\/contextoanalisisperiodistico.com\/wp-content\/uploads\/2023\/12\/IMG-20231213-WA0051-1-1024x684.jpg",1024,684,true],"covernews-medium":["https:\/\/contextoanalisisperiodistico.com\/wp-content\/uploads\/2023\/12\/IMG-20231213-WA0051-1-540x340.jpg",540,340,true],"covernews-medium-square":["https:\/\/contextoanalisisperiodistico.com\/wp-content\/uploads\/2023\/12\/IMG-20231213-WA0051-1-400x250.jpg",400,250,true]},"author_info":{"display_name":"Mario Gir\u00f3n","author_link":"https:\/\/contextoanalisisperiodistico.com\/index.php\/author\/director\/"},"category_info":"<a href=\"https:\/\/contextoanalisisperiodistico.com\/index.php\/category\/politica\/\" rel=\"category tag\">Pol\u00edtica<\/a>","tag_info":"Pol\u00edtica","comment_count":"0","jetpack_featured_media_url":"https:\/\/contextoanalisisperiodistico.com\/wp-content\/uploads\/2023\/12\/IMG-20231213-WA0051-1.jpg","_links":{"self":[{"href":"https:\/\/contextoanalisisperiodistico.com\/index.php\/wp-json\/wp\/v2\/posts\/22445"}],"collection":[{"href":"https:\/\/contextoanalisisperiodistico.com\/index.php\/wp-json\/wp\/v2\/posts"}],"about":[{"href":"https:\/\/contextoanalisisperiodistico.com\/index.php\/wp-json\/wp\/v2\/types\/post"}],"author":[{"embeddable":true,"href":"https:\/\/contextoanalisisperiodistico.com\/index.php\/wp-json\/wp\/v2\/users\/4"}],"replies":[{"embeddable":true,"href":"https:\/\/contextoanalisisperiodistico.com\/index.php\/wp-json\/wp\/v2\/comments?post=22445"}],"version-history":[{"count":0,"href":"https:\/\/contextoanalisisperiodistico.com\/index.php\/wp-json\/wp\/v2\/posts\/22445\/revisions"}],"wp:featuredmedia":[{"embeddable":true,"href":"https:\/\/contextoanalisisperiodistico.com\/index.php\/wp-json\/wp\/v2\/media\/22441"}],"wp:attachment":[{"href":"https:\/\/contextoanalisisperiodistico.com\/index.php\/wp-json\/wp\/v2\/media?parent=22445"}],"wp:term":[{"taxonomy":"category","embeddable":true,"href":"https:\/\/contextoanalisisperiodistico.com\/index.php\/wp-json\/wp\/v2\/categories?post=22445"},{"taxonomy":"post_tag","embeddable":true,"href":"https:\/\/contextoanalisisperiodistico.com\/index.php\/wp-json\/wp\/v2\/tags?post=22445"}],"curies":[{"name":"wp","href":"https:\/\/api.w.org\/{rel}","templated":true}]}}