{"id":22431,"date":"2023-12-13T07:00:44","date_gmt":"2023-12-13T13:00:44","guid":{"rendered":"https:\/\/contextoanalisisperiodistico.com\/index.php\/2023\/12\/13\/bautizados-en-el-senor-reciben-con-gozo-y-esperanza-al-espiritu-santo\/"},"modified":"2023-12-13T07:00:44","modified_gmt":"2023-12-13T13:00:44","slug":"bautizados-en-el-senor-reciben-con-gozo-y-esperanza-al-espiritu-santo","status":"publish","type":"post","link":"https:\/\/contextoanalisisperiodistico.com\/index.php\/2023\/12\/13\/bautizados-en-el-senor-reciben-con-gozo-y-esperanza-al-espiritu-santo\/","title":{"rendered":"Bautizados en el Se\u00f1or, reciben con gozo y esperanza al Esp\u00edritu Santo"},"content":{"rendered":"<div id=\"fb-root\"><\/div>\n\n<p>Cuilapam de Guerrero, Oax., 10 de Diciembre 2023.- Montse\u00f1or Pedro V\u00e1squez Villalobos, Arzobispo de la Arquidi\u00f3cesis de Antequera Oaxaca, confirm\u00f3 a ni\u00f1os, j\u00f3venes y adultos, en santa celebraci\u00f3n Eucar\u00edstica celebrada a un costado del ex Convento de Cuilapan de Guerrero, perteneciente a la Parroquia de Santiago Ap\u00f3stol, de este lugar y que al igual que m\u00e1s de 600 bautizados en el Se\u00f1or, igualmente, recibieron su Sacramento de manos del sucesor de los ap\u00f3stoles.<\/p>\n\n\n\n<figure class=\"wp-block-image size-large\"><img fetchpriority=\"high\" decoding=\"async\" width=\"683\" height=\"1024\" src=\"https:\/\/contextoanalisisperiodistico.com\/wp-content\/uploads\/2023\/12\/img-20231212-wa01074863206471080809430-683x1024.jpg\" alt=\"\" class=\"wp-image-22430\" srcset=\"https:\/\/contextoanalisisperiodistico.com\/wp-content\/uploads\/2023\/12\/img-20231212-wa01074863206471080809430-683x1024.jpg 683w, https:\/\/contextoanalisisperiodistico.com\/wp-content\/uploads\/2023\/12\/img-20231212-wa01074863206471080809430-200x300.jpg 200w, https:\/\/contextoanalisisperiodistico.com\/wp-content\/uploads\/2023\/12\/img-20231212-wa01074863206471080809430-768x1152.jpg 768w, https:\/\/contextoanalisisperiodistico.com\/wp-content\/uploads\/2023\/12\/img-20231212-wa01074863206471080809430-1024x1536.jpg 1024w, https:\/\/contextoanalisisperiodistico.com\/wp-content\/uploads\/2023\/12\/img-20231212-wa01074863206471080809430.jpg 1066w\" sizes=\"(max-width: 683px) 100vw, 683px\" \/><\/figure>\n\n\n\n<figure class=\"wp-block-image\"><img decoding=\"async\" width=\"484\" height=\"1024\" src=\"https:\/\/contextoanalisisperiodistico.com\/wp-content\/uploads\/2023\/12\/img-20231212-wa01083978241797889987988-484x1024.jpg\" alt=\"\" class=\"wp-image-22429\" srcset=\"https:\/\/contextoanalisisperiodistico.com\/wp-content\/uploads\/2023\/12\/img-20231212-wa01083978241797889987988-484x1024.jpg 484w, https:\/\/contextoanalisisperiodistico.com\/wp-content\/uploads\/2023\/12\/img-20231212-wa01083978241797889987988-142x300.jpg 142w, https:\/\/contextoanalisisperiodistico.com\/wp-content\/uploads\/2023\/12\/img-20231212-wa01083978241797889987988-726x1536.jpg 726w, https:\/\/contextoanalisisperiodistico.com\/wp-content\/uploads\/2023\/12\/img-20231212-wa01083978241797889987988.jpg 756w\" sizes=\"(max-width: 484px) 100vw, 484px\" \/><\/figure>\n\n\n\n<p>Luego de obtener su preparaci\u00f3n sacramental, bautizados con la promesa de sus padres y padrinos para ser educados en la fe y por ello, este d\u00eda recibieron, a trav\u00e9s de su Confirmaci\u00f3n, la plenitud del Esp\u00edritu Santo.<\/p>\n\n\n\n<p>En presencia del p\u00e1rroco responsable de la instrucci\u00f3n catequ\u00e9tica, el presb\u00edtero de este templo parroquial Gregorio Gil Cruz Gonz\u00e1lez, a\u00f1adi\u00f3: \u201cJunto con todo el equipo de Catequistas y del Consejo de Pastoral, hicimos todo lo posible para que todos nuestros hermanos de fe recibieran su formaci\u00f3n de acuerdo a los lineamientos de la Santa Madre Iglesia\u201d.<\/p>\n\n\n\n<p>Los catec\u00famenos &nbsp;escucharon, al igual que los feligreses reunidos en nombre del Se\u00f1or, las palabras del sacerdote, quien a\u00f1ad\u00eda: \u201cAqu\u00ed est\u00e1n presentes, con el deseo de ser confirmado; pido a Usted Se\u00f1or Arzobispo, si tiene a bien conferir el Sacramento de la Confesi\u00f3n a cada uno de ellos que vienen con gozo y esperanza a recibir al Esp\u00edritu Santo.<\/p>\n\n\n\n<p>En respuesta a su interlocutor, V\u00e1squez Villalobos, alud\u00eda: \u201cLo voy hacer padre Gregorio porque me has dicho muy solemnemente que a los que voy a Confirmar han estado prepar\u00e1ndose. Bendito sea Dios que en esta comunidad se tiene esa preocupaci\u00f3n de preparar cuando se va a recibir un Sacramento y, bendito sea Dios que colaboran los pap\u00e1s para que sus hijos se preparen as\u00ed como ellos y sus padrinos para todos vivir en Esp\u00edritu de fe y de grande gozo los momentos de gracia que se viven en la vida familiar.<\/p>\n\n\n\n<p>Muchas gracias tambi\u00e9n por promover la acci\u00f3n de los laicos aqu\u00ed en la parroquia. Hoy, pensemos en los catequistas, en todas esas personas que generosamente dan su vida y su tiempo para vivir \u00e9stos momentos de preparaci\u00f3n; much\u00edsimas gracias que Dios les siga bendiciendo como comunidad parroquial. A ustedes, quienes en unos momentos m\u00e1s ser\u00e1n Confirmados, a\u00f1ad\u00eda, \u201cLes felicito porque dentro de un momento recibir\u00e1n el don del Esp\u00edritu Santo\u201d.<\/p>\n\n\n\n<p>Las y los confirmados, acompa\u00f1adas y acompa\u00f1ados de sus padrinos y familiares, con devoci\u00f3n escuchaban el mensaje del religioso quien conminaba: \u201cNo se cansen de aprender de su fe cat\u00f3lica, aprendan, lean y con\u00f3zcanla; ah\u00ed est\u00e1 toda la explicaci\u00f3n de porqu\u00e9 creemos tantas y tantas cosas en nuestra vida de fe\u201d.<\/p>\n\n\n\n<p>En reflexi\u00f3n al Santo Evangelio, V\u00e1squez Villalobos, agregaba. \u201cVan a vivir lo que nos dec\u00eda la segunda lectura que los ap\u00f3stoles Pedro y Juan fueron a Samaria, donde hab\u00eda bautizados que no hab\u00edan recibido al Esp\u00edritu Santo y fueron a orar, a imponerle sus manos y dice el texto: Ellos recibieron al Esp\u00edritu Santo\u201d.<\/p>\n\n\n\n<p>Como Obispo de la Arquidi\u00f3cesis de Antequera, impondr\u00e9 mis manos sobre ustedes, los voy a ungir con Santo Crisma, recibir\u00e1n a la tercera persona de la Sant\u00edsima Trinidad, Recibir\u00e1n a Dios Esp\u00edritu Santo, el fruto del amor de Dios Padre y de Dios Hijo; Recibir\u00e1n a Dios que es amor y ustedes dir\u00e1n en su mente y su coraz\u00f3n, pero no s\u00f3lo hoy, sino toda su vida: \u201cEl Esp\u00edritu del Se\u00f1or est\u00e1 sobre m\u00ed, me unge y me env\u00eda\u201d-<\/p>\n\n\n\n<p>&nbsp;\u201cDen testimonio de Jesucristo muerto y resucitado, sean grandes hijos de Dios, El Se\u00f1or les llama y es Dios el que les acompa\u00f1a\u201d, rese\u00f1aba. En esta ceremonia los confirmados agradecieron a sus padrinos y padres el estar con ellos haciendo oraci\u00f3n al recibir este don. \u201cQue el Esp\u00edritu divino nos ayude ser grandes disc\u00edpulos de Jesucristo\u201d, A ustedes pap\u00e1s y padrinos conclu\u00eda V\u00e1squez Villalobos, \u201cDios les conf\u00eda el cuidado de esta luz que reciben hoy para caminar y perseverar hasta el fin y puedan salir al encuentro del Se\u00f1or con todos los santos cuando venga el final de los tiempos\u201d. (Joel JAVIER)<\/p>\n","protected":false},"excerpt":{"rendered":"<p>Cuilapam de Guerrero, Oax., 10 de Diciembre 2023.- Montse\u00f1or Pedro V\u00e1squez Villalobos, Arzobispo de la&#8230;<\/p>\n","protected":false},"author":4,"featured_media":22428,"comment_status":"","ping_status":"open","sticky":false,"template":"","format":"standard","meta":{"footnotes":""},"categories":[9],"tags":[],"jetpack_sharing_enabled":true,"featured_image_urls":{"full":["https:\/\/contextoanalisisperiodistico.com\/wp-content\/uploads\/2023\/12\/IMG-20231212-WA0106.jpg",1088,1255,false],"thumbnail":["https:\/\/contextoanalisisperiodistico.com\/wp-content\/uploads\/2023\/12\/IMG-20231212-WA0106-150x150.jpg",150,150,true],"medium":["https:\/\/contextoanalisisperiodistico.com\/wp-content\/uploads\/2023\/12\/IMG-20231212-WA0106-260x300.jpg",260,300,true],"medium_large":["https:\/\/contextoanalisisperiodistico.com\/wp-content\/uploads\/2023\/12\/IMG-20231212-WA0106-768x886.jpg",640,738,true],"large":["https:\/\/contextoanalisisperiodistico.com\/wp-content\/uploads\/2023\/12\/IMG-20231212-WA0106-888x1024.jpg",640,738,true],"1536x1536":["https:\/\/contextoanalisisperiodistico.com\/wp-content\/uploads\/2023\/12\/IMG-20231212-WA0106.jpg",1088,1255,false],"2048x2048":["https:\/\/contextoanalisisperiodistico.com\/wp-content\/uploads\/2023\/12\/IMG-20231212-WA0106.jpg",1088,1255,false],"covernews-slider-full":["https:\/\/contextoanalisisperiodistico.com\/wp-content\/uploads\/2023\/12\/IMG-20231212-WA0106-1088x715.jpg",1088,715,true],"covernews-slider-center":["https:\/\/contextoanalisisperiodistico.com\/wp-content\/uploads\/2023\/12\/IMG-20231212-WA0106-800x500.jpg",800,500,true],"covernews-featured":["https:\/\/contextoanalisisperiodistico.com\/wp-content\/uploads\/2023\/12\/IMG-20231212-WA0106-1024x1181.jpg",1024,1181,true],"covernews-medium":["https:\/\/contextoanalisisperiodistico.com\/wp-content\/uploads\/2023\/12\/IMG-20231212-WA0106-540x340.jpg",540,340,true],"covernews-medium-square":["https:\/\/contextoanalisisperiodistico.com\/wp-content\/uploads\/2023\/12\/IMG-20231212-WA0106-400x250.jpg",400,250,true]},"author_info":{"display_name":"Mario Gir\u00f3n","author_link":"https:\/\/contextoanalisisperiodistico.com\/index.php\/author\/director\/"},"category_info":"<a href=\"https:\/\/contextoanalisisperiodistico.com\/index.php\/category\/politica\/\" rel=\"category tag\">Pol\u00edtica<\/a>","tag_info":"Pol\u00edtica","comment_count":"0","jetpack_featured_media_url":"https:\/\/contextoanalisisperiodistico.com\/wp-content\/uploads\/2023\/12\/IMG-20231212-WA0106.jpg","_links":{"self":[{"href":"https:\/\/contextoanalisisperiodistico.com\/index.php\/wp-json\/wp\/v2\/posts\/22431"}],"collection":[{"href":"https:\/\/contextoanalisisperiodistico.com\/index.php\/wp-json\/wp\/v2\/posts"}],"about":[{"href":"https:\/\/contextoanalisisperiodistico.com\/index.php\/wp-json\/wp\/v2\/types\/post"}],"author":[{"embeddable":true,"href":"https:\/\/contextoanalisisperiodistico.com\/index.php\/wp-json\/wp\/v2\/users\/4"}],"replies":[{"embeddable":true,"href":"https:\/\/contextoanalisisperiodistico.com\/index.php\/wp-json\/wp\/v2\/comments?post=22431"}],"version-history":[{"count":0,"href":"https:\/\/contextoanalisisperiodistico.com\/index.php\/wp-json\/wp\/v2\/posts\/22431\/revisions"}],"wp:featuredmedia":[{"embeddable":true,"href":"https:\/\/contextoanalisisperiodistico.com\/index.php\/wp-json\/wp\/v2\/media\/22428"}],"wp:attachment":[{"href":"https:\/\/contextoanalisisperiodistico.com\/index.php\/wp-json\/wp\/v2\/media?parent=22431"}],"wp:term":[{"taxonomy":"category","embeddable":true,"href":"https:\/\/contextoanalisisperiodistico.com\/index.php\/wp-json\/wp\/v2\/categories?post=22431"},{"taxonomy":"post_tag","embeddable":true,"href":"https:\/\/contextoanalisisperiodistico.com\/index.php\/wp-json\/wp\/v2\/tags?post=22431"}],"curies":[{"name":"wp","href":"https:\/\/api.w.org\/{rel}","templated":true}]}}