{"id":22288,"date":"2023-12-10T11:18:01","date_gmt":"2023-12-10T17:18:01","guid":{"rendered":"https:\/\/contextoanalisisperiodistico.com\/index.php\/2023\/12\/10\/abren-al-publico-la-pista-de-hielo-y-el-pueblo-magico-oaxaqueno\/"},"modified":"2023-12-10T11:18:01","modified_gmt":"2023-12-10T17:18:01","slug":"abren-al-publico-la-pista-de-hielo-y-el-pueblo-magico-oaxaqueno","status":"publish","type":"post","link":"https:\/\/contextoanalisisperiodistico.com\/index.php\/2023\/12\/10\/abren-al-publico-la-pista-de-hielo-y-el-pueblo-magico-oaxaqueno\/","title":{"rendered":"<em>Abren al p\u00fablico la pista de hielo y el Pueblo M\u00e1gico Oaxaque\u00f1o<\/em>"},"content":{"rendered":"<div id=\"fb-root\"><\/div>\n\n<p>\uf06c El Gobernador Salom\u00f3n Jara Cruz e Irma Bola\u00f1os Quijano Presidenta Honoraria del DIF Oaxaca cortaron el list\u00f3n como s\u00edmbolo de que las familias pueden acudir a disfrutar de actividades en la nieve<br \/>\uf06c<br \/>Oaxaca de Ju\u00e1rez, Oax., 10 de diciembre de 2023.- La ilusi\u00f3n de las fiestas decembrinas trae consigo el deseo de conocer la nieve y en Oaxaca se convierte en realidad para el disfrute de las ni\u00f1as, ni\u00f1os, adolescentes y sus familias que se reunir\u00e1n en el Pueblo M\u00e1gico Oaxaque\u00f1o instalado en el Paseo Ju\u00e1rez El Llano, donde pueden acceder a actividades gratuitas en la presente temporada invernal.<\/p>\n\n\n\n<figure class=\"wp-block-image size-large\"><img fetchpriority=\"high\" decoding=\"async\" width=\"1024\" height=\"682\" src=\"https:\/\/contextoanalisisperiodistico.com\/wp-content\/uploads\/2023\/12\/img-20231210-wa00103835301080519154423-1024x682.jpg\" alt=\"\" class=\"wp-image-22285\" srcset=\"https:\/\/contextoanalisisperiodistico.com\/wp-content\/uploads\/2023\/12\/img-20231210-wa00103835301080519154423-1024x682.jpg 1024w, https:\/\/contextoanalisisperiodistico.com\/wp-content\/uploads\/2023\/12\/img-20231210-wa00103835301080519154423-300x200.jpg 300w, https:\/\/contextoanalisisperiodistico.com\/wp-content\/uploads\/2023\/12\/img-20231210-wa00103835301080519154423-768x512.jpg 768w, https:\/\/contextoanalisisperiodistico.com\/wp-content\/uploads\/2023\/12\/img-20231210-wa00103835301080519154423-1536x1023.jpg 1536w, https:\/\/contextoanalisisperiodistico.com\/wp-content\/uploads\/2023\/12\/img-20231210-wa00103835301080519154423.jpg 1600w\" sizes=\"(max-width: 1024px) 100vw, 1024px\" \/><\/figure>\n\n\n\n<figure class=\"wp-block-image\"><img decoding=\"async\" width=\"1024\" height=\"682\" src=\"https:\/\/contextoanalisisperiodistico.com\/wp-content\/uploads\/2023\/12\/img-20231210-wa00112266068462312305497-1024x682.jpg\" alt=\"\" class=\"wp-image-22282\" srcset=\"https:\/\/contextoanalisisperiodistico.com\/wp-content\/uploads\/2023\/12\/img-20231210-wa00112266068462312305497-1024x682.jpg 1024w, https:\/\/contextoanalisisperiodistico.com\/wp-content\/uploads\/2023\/12\/img-20231210-wa00112266068462312305497-300x200.jpg 300w, https:\/\/contextoanalisisperiodistico.com\/wp-content\/uploads\/2023\/12\/img-20231210-wa00112266068462312305497-768x512.jpg 768w, https:\/\/contextoanalisisperiodistico.com\/wp-content\/uploads\/2023\/12\/img-20231210-wa00112266068462312305497-1536x1023.jpg 1536w, https:\/\/contextoanalisisperiodistico.com\/wp-content\/uploads\/2023\/12\/img-20231210-wa00112266068462312305497.jpg 1600w\" sizes=\"(max-width: 1024px) 100vw, 1024px\" \/><\/figure>\n\n\n\n<figure class=\"wp-block-image\"><img decoding=\"async\" width=\"1024\" height=\"682\" src=\"https:\/\/contextoanalisisperiodistico.com\/wp-content\/uploads\/2023\/12\/img-20231210-wa0012936103219134807938-1024x682.jpg\" alt=\"\" class=\"wp-image-22283\" srcset=\"https:\/\/contextoanalisisperiodistico.com\/wp-content\/uploads\/2023\/12\/img-20231210-wa0012936103219134807938-1024x682.jpg 1024w, https:\/\/contextoanalisisperiodistico.com\/wp-content\/uploads\/2023\/12\/img-20231210-wa0012936103219134807938-300x200.jpg 300w, https:\/\/contextoanalisisperiodistico.com\/wp-content\/uploads\/2023\/12\/img-20231210-wa0012936103219134807938-768x512.jpg 768w, https:\/\/contextoanalisisperiodistico.com\/wp-content\/uploads\/2023\/12\/img-20231210-wa0012936103219134807938-1536x1023.jpg 1536w, https:\/\/contextoanalisisperiodistico.com\/wp-content\/uploads\/2023\/12\/img-20231210-wa0012936103219134807938.jpg 1600w\" sizes=\"(max-width: 1024px) 100vw, 1024px\" \/><\/figure>\n\n\n\n<figure class=\"wp-block-image\"><img loading=\"lazy\" decoding=\"async\" width=\"1024\" height=\"682\" src=\"https:\/\/contextoanalisisperiodistico.com\/wp-content\/uploads\/2023\/12\/img-20231210-wa00135921332473328604324-1024x682.jpg\" alt=\"\" class=\"wp-image-22284\" srcset=\"https:\/\/contextoanalisisperiodistico.com\/wp-content\/uploads\/2023\/12\/img-20231210-wa00135921332473328604324-1024x682.jpg 1024w, https:\/\/contextoanalisisperiodistico.com\/wp-content\/uploads\/2023\/12\/img-20231210-wa00135921332473328604324-300x200.jpg 300w, https:\/\/contextoanalisisperiodistico.com\/wp-content\/uploads\/2023\/12\/img-20231210-wa00135921332473328604324-768x512.jpg 768w, https:\/\/contextoanalisisperiodistico.com\/wp-content\/uploads\/2023\/12\/img-20231210-wa00135921332473328604324-1536x1023.jpg 1536w, https:\/\/contextoanalisisperiodistico.com\/wp-content\/uploads\/2023\/12\/img-20231210-wa00135921332473328604324.jpg 1600w\" sizes=\"(max-width: 1024px) 100vw, 1024px\" \/><\/figure>\n\n\n\n<figure class=\"wp-block-image\"><img loading=\"lazy\" decoding=\"async\" width=\"1024\" height=\"682\" src=\"https:\/\/contextoanalisisperiodistico.com\/wp-content\/uploads\/2023\/12\/img-20231210-wa00161607652211736234203-1024x682.jpg\" alt=\"\" class=\"wp-image-22286\" srcset=\"https:\/\/contextoanalisisperiodistico.com\/wp-content\/uploads\/2023\/12\/img-20231210-wa00161607652211736234203-1024x682.jpg 1024w, https:\/\/contextoanalisisperiodistico.com\/wp-content\/uploads\/2023\/12\/img-20231210-wa00161607652211736234203-300x200.jpg 300w, https:\/\/contextoanalisisperiodistico.com\/wp-content\/uploads\/2023\/12\/img-20231210-wa00161607652211736234203-768x512.jpg 768w, https:\/\/contextoanalisisperiodistico.com\/wp-content\/uploads\/2023\/12\/img-20231210-wa00161607652211736234203-1536x1023.jpg 1536w, https:\/\/contextoanalisisperiodistico.com\/wp-content\/uploads\/2023\/12\/img-20231210-wa00161607652211736234203.jpg 1600w\" sizes=\"(max-width: 1024px) 100vw, 1024px\" \/><\/figure>\n\n\n\n<figure class=\"wp-block-image\"><img loading=\"lazy\" decoding=\"async\" width=\"1024\" height=\"683\" src=\"https:\/\/contextoanalisisperiodistico.com\/wp-content\/uploads\/2023\/12\/img-20231210-wa00158519514489414418054-1024x683.jpg\" alt=\"\" class=\"wp-image-22287\" srcset=\"https:\/\/contextoanalisisperiodistico.com\/wp-content\/uploads\/2023\/12\/img-20231210-wa00158519514489414418054-1024x683.jpg 1024w, https:\/\/contextoanalisisperiodistico.com\/wp-content\/uploads\/2023\/12\/img-20231210-wa00158519514489414418054-300x200.jpg 300w, https:\/\/contextoanalisisperiodistico.com\/wp-content\/uploads\/2023\/12\/img-20231210-wa00158519514489414418054-768x512.jpg 768w, https:\/\/contextoanalisisperiodistico.com\/wp-content\/uploads\/2023\/12\/img-20231210-wa00158519514489414418054.jpg 1280w\" sizes=\"(max-width: 1024px) 100vw, 1024px\" \/><\/figure>\n\n\n\n<p>Pista, tobog\u00e1n, gotcha y figuras de nieve, son las actividades en hielo a las que puede acceder el p\u00fablico de manera gratuita.<\/p>\n\n\n\n<p>En el acto inaugural, el Gobernador Salom\u00f3n Jara Cruz e Irma Bola\u00f1os Quijano Presidenta Honoraria del Sistema Estatal para el Desarrollo Integral de la Familia (DIF) convivieron con ni\u00f1as y ni\u00f1os que se reunieron en este espacio p\u00fablico, epicentro de la convivencia familiar para anunciar que est\u00e1 a su alcance la pista de hielo como parte del Festival Navide\u00f1o que organiza el Gobierno del Estado.<\/p>\n\n\n\n<p>En un recorrido por cada una de las actividades, Jara Cruz y Bola\u00f1os Quijano sonrieron junto a las ni\u00f1as y ni\u00f1os que ya estaban listos para jugar en el gotcha de nieve, deslizarse en el tobog\u00e1n o para hacer un mu\u00f1eco de nieve junto a sus seres queridos.<\/p>\n\n\n\n<p>Despu\u00e9s, en la pista de hielo se deleitaron con las melod\u00edas interpretadas por el Coro de M\u00fasica Villa C\u00f3rum y disfrutaron junto a las familias del espect\u00e1culo sobre hielo, el cual se ofrecer\u00e1 al p\u00fablico a las 19:30 horas en los pr\u00f3ximos d\u00edas.<\/p>\n\n\n\n<p>Afuera, las y los visitantes disfrutaron de bebidas fr\u00edas y calientes, as\u00ed como alimentos oaxaque\u00f1os como las tlayudas y tacos en las 10 casitas que se desplegaron para su venta.<\/p>\n\n\n\n<p>Dispuestos en las mesas, degustaron de sus alimentos para despu\u00e9s aglomerarse en familia y grabar este recuerdo en una fotograf\u00eda, en un escenario de amor, unidad y esperanza, en anuncio de que llegar\u00e1 la Navidad.<\/p>\n\n\n\n<p>Ser\u00e1 este domingo 10 de diciembre, que la alegr\u00eda y diversi\u00f3n continuar\u00e1 a partir de las 12:00 horas, pero los boletos de acceso a las actividades se podr\u00e1n solicitar de manera gratuita en la taquilla a partir de las 10:00 horas.<code> -0-<\/code><\/p>\n\n\n\n<p><\/p>\n","protected":false},"excerpt":{"rendered":"<p>\uf06c El Gobernador Salom\u00f3n Jara Cruz e Irma Bola\u00f1os Quijano Presidenta Honoraria del DIF Oaxaca&#8230;<\/p>\n","protected":false},"author":4,"featured_media":22281,"comment_status":"","ping_status":"open","sticky":false,"template":"","format":"standard","meta":{"footnotes":""},"categories":[9],"tags":[],"jetpack_sharing_enabled":true,"featured_image_urls":{"full":["https:\/\/contextoanalisisperiodistico.com\/wp-content\/uploads\/2023\/12\/IMG-20231210-WA0014-1.jpg",1280,854,false],"thumbnail":["https:\/\/contextoanalisisperiodistico.com\/wp-content\/uploads\/2023\/12\/IMG-20231210-WA0014-1-150x150.jpg",150,150,true],"medium":["https:\/\/contextoanalisisperiodistico.com\/wp-content\/uploads\/2023\/12\/IMG-20231210-WA0014-1-300x200.jpg",300,200,true],"medium_large":["https:\/\/contextoanalisisperiodistico.com\/wp-content\/uploads\/2023\/12\/IMG-20231210-WA0014-1-768x512.jpg",640,427,true],"large":["https:\/\/contextoanalisisperiodistico.com\/wp-content\/uploads\/2023\/12\/IMG-20231210-WA0014-1-1024x683.jpg",640,427,true],"1536x1536":["https:\/\/contextoanalisisperiodistico.com\/wp-content\/uploads\/2023\/12\/IMG-20231210-WA0014-1.jpg",1280,854,false],"2048x2048":["https:\/\/contextoanalisisperiodistico.com\/wp-content\/uploads\/2023\/12\/IMG-20231210-WA0014-1.jpg",1280,854,false],"covernews-slider-full":["https:\/\/contextoanalisisperiodistico.com\/wp-content\/uploads\/2023\/12\/IMG-20231210-WA0014-1-1115x715.jpg",1115,715,true],"covernews-slider-center":["https:\/\/contextoanalisisperiodistico.com\/wp-content\/uploads\/2023\/12\/IMG-20231210-WA0014-1-800x500.jpg",800,500,true],"covernews-featured":["https:\/\/contextoanalisisperiodistico.com\/wp-content\/uploads\/2023\/12\/IMG-20231210-WA0014-1-1024x683.jpg",1024,683,true],"covernews-medium":["https:\/\/contextoanalisisperiodistico.com\/wp-content\/uploads\/2023\/12\/IMG-20231210-WA0014-1-540x340.jpg",540,340,true],"covernews-medium-square":["https:\/\/contextoanalisisperiodistico.com\/wp-content\/uploads\/2023\/12\/IMG-20231210-WA0014-1-400x250.jpg",400,250,true]},"author_info":{"display_name":"Mario Gir\u00f3n","author_link":"https:\/\/contextoanalisisperiodistico.com\/index.php\/author\/director\/"},"category_info":"<a href=\"https:\/\/contextoanalisisperiodistico.com\/index.php\/category\/politica\/\" rel=\"category tag\">Pol\u00edtica<\/a>","tag_info":"Pol\u00edtica","comment_count":"0","jetpack_featured_media_url":"https:\/\/contextoanalisisperiodistico.com\/wp-content\/uploads\/2023\/12\/IMG-20231210-WA0014-1.jpg","_links":{"self":[{"href":"https:\/\/contextoanalisisperiodistico.com\/index.php\/wp-json\/wp\/v2\/posts\/22288"}],"collection":[{"href":"https:\/\/contextoanalisisperiodistico.com\/index.php\/wp-json\/wp\/v2\/posts"}],"about":[{"href":"https:\/\/contextoanalisisperiodistico.com\/index.php\/wp-json\/wp\/v2\/types\/post"}],"author":[{"embeddable":true,"href":"https:\/\/contextoanalisisperiodistico.com\/index.php\/wp-json\/wp\/v2\/users\/4"}],"replies":[{"embeddable":true,"href":"https:\/\/contextoanalisisperiodistico.com\/index.php\/wp-json\/wp\/v2\/comments?post=22288"}],"version-history":[{"count":0,"href":"https:\/\/contextoanalisisperiodistico.com\/index.php\/wp-json\/wp\/v2\/posts\/22288\/revisions"}],"wp:featuredmedia":[{"embeddable":true,"href":"https:\/\/contextoanalisisperiodistico.com\/index.php\/wp-json\/wp\/v2\/media\/22281"}],"wp:attachment":[{"href":"https:\/\/contextoanalisisperiodistico.com\/index.php\/wp-json\/wp\/v2\/media?parent=22288"}],"wp:term":[{"taxonomy":"category","embeddable":true,"href":"https:\/\/contextoanalisisperiodistico.com\/index.php\/wp-json\/wp\/v2\/categories?post=22288"},{"taxonomy":"post_tag","embeddable":true,"href":"https:\/\/contextoanalisisperiodistico.com\/index.php\/wp-json\/wp\/v2\/tags?post=22288"}],"curies":[{"name":"wp","href":"https:\/\/api.w.org\/{rel}","templated":true}]}}