{"id":22261,"date":"2023-12-09T14:02:14","date_gmt":"2023-12-09T20:02:14","guid":{"rendered":"https:\/\/contextoanalisisperiodistico.com\/index.php\/2023\/12\/09\/continua-sego-impulso-a-campana-cero-tolerancia-al-acoso-y-hostigamiento-sexual\/"},"modified":"2023-12-09T14:02:14","modified_gmt":"2023-12-09T20:02:14","slug":"continua-sego-impulso-a-campana-cero-tolerancia-al-acoso-y-hostigamiento-sexual","status":"publish","type":"post","link":"https:\/\/contextoanalisisperiodistico.com\/index.php\/2023\/12\/09\/continua-sego-impulso-a-campana-cero-tolerancia-al-acoso-y-hostigamiento-sexual\/","title":{"rendered":"Contin\u00faa Sego impulso a campa\u00f1a Cero Tolerancia al Acoso y Hostigamiento Sexual"},"content":{"rendered":"<div id=\"fb-root\"><\/div>\n\n<p>\u2022 Desde el Eje Pa&#8217; las Oaxaque\u00f1as del Programa de Paz con Justicia y Bienestar para el Pueblo de Oaxaca se trabaja para prevenir, atender, sancionar y erradicar la violencia de g\u00e9nero en entornos laborales<\/p>\n\n\n\n<figure class=\"wp-block-image size-large\"><img fetchpriority=\"high\" decoding=\"async\" width=\"1024\" height=\"682\" src=\"https:\/\/contextoanalisisperiodistico.com\/wp-content\/uploads\/2023\/12\/img-20231209-wa00177869437882986839615-1024x682.jpg\" alt=\"\" class=\"wp-image-22259\" srcset=\"https:\/\/contextoanalisisperiodistico.com\/wp-content\/uploads\/2023\/12\/img-20231209-wa00177869437882986839615-1024x682.jpg 1024w, https:\/\/contextoanalisisperiodistico.com\/wp-content\/uploads\/2023\/12\/img-20231209-wa00177869437882986839615-300x200.jpg 300w, https:\/\/contextoanalisisperiodistico.com\/wp-content\/uploads\/2023\/12\/img-20231209-wa00177869437882986839615-768x512.jpg 768w, https:\/\/contextoanalisisperiodistico.com\/wp-content\/uploads\/2023\/12\/img-20231209-wa00177869437882986839615-1536x1023.jpg 1536w, https:\/\/contextoanalisisperiodistico.com\/wp-content\/uploads\/2023\/12\/img-20231209-wa00177869437882986839615.jpg 1600w\" sizes=\"(max-width: 1024px) 100vw, 1024px\" \/><\/figure>\n\n\n\n<figure class=\"wp-block-image\"><img decoding=\"async\" width=\"1024\" height=\"682\" src=\"https:\/\/contextoanalisisperiodistico.com\/wp-content\/uploads\/2023\/12\/img-20231209-wa00187390696042168529267-1024x682.jpg\" alt=\"\" class=\"wp-image-22258\" srcset=\"https:\/\/contextoanalisisperiodistico.com\/wp-content\/uploads\/2023\/12\/img-20231209-wa00187390696042168529267-1024x682.jpg 1024w, https:\/\/contextoanalisisperiodistico.com\/wp-content\/uploads\/2023\/12\/img-20231209-wa00187390696042168529267-300x200.jpg 300w, https:\/\/contextoanalisisperiodistico.com\/wp-content\/uploads\/2023\/12\/img-20231209-wa00187390696042168529267-768x512.jpg 768w, https:\/\/contextoanalisisperiodistico.com\/wp-content\/uploads\/2023\/12\/img-20231209-wa00187390696042168529267-1536x1023.jpg 1536w, https:\/\/contextoanalisisperiodistico.com\/wp-content\/uploads\/2023\/12\/img-20231209-wa00187390696042168529267.jpg 1600w\" sizes=\"(max-width: 1024px) 100vw, 1024px\" \/><\/figure>\n\n\n\n<figure class=\"wp-block-image\"><img decoding=\"async\" width=\"682\" height=\"1024\" src=\"https:\/\/contextoanalisisperiodistico.com\/wp-content\/uploads\/2023\/12\/img-20231209-wa00197572958642645858346-682x1024.jpg\" alt=\"\" class=\"wp-image-22260\" srcset=\"https:\/\/contextoanalisisperiodistico.com\/wp-content\/uploads\/2023\/12\/img-20231209-wa00197572958642645858346-682x1024.jpg 682w, https:\/\/contextoanalisisperiodistico.com\/wp-content\/uploads\/2023\/12\/img-20231209-wa00197572958642645858346-200x300.jpg 200w, https:\/\/contextoanalisisperiodistico.com\/wp-content\/uploads\/2023\/12\/img-20231209-wa00197572958642645858346-768x1153.jpg 768w, https:\/\/contextoanalisisperiodistico.com\/wp-content\/uploads\/2023\/12\/img-20231209-wa00197572958642645858346-1023x1536.jpg 1023w, https:\/\/contextoanalisisperiodistico.com\/wp-content\/uploads\/2023\/12\/img-20231209-wa00197572958642645858346-1024x1537.jpg 1024w, https:\/\/contextoanalisisperiodistico.com\/wp-content\/uploads\/2023\/12\/img-20231209-wa00197572958642645858346.jpg 1066w\" sizes=\"(max-width: 682px) 100vw, 682px\" \/><\/figure>\n\n\n\n<p>Oaxaca de Ju\u00e1rez, Oax. 9 de diciembre de 2023.- De acuerdo con el Nuevo Pacto Social, en el que se contempla que con las mujeres todo y sin ellas nada, la Secretar\u00eda de Gobierno (Sego) inici\u00f3 la campa\u00f1a Cero Tolerancia al Acoso y Hostigamiento Sexual en diversas dependencias p\u00fablicas estatales.<\/p>\n\n\n\n<p>A trav\u00e9s de la Unidad de G\u00e9nero de la Sego se pusieron en marcha estas acciones en Caminos Bienestar (Cabien), la Comisi\u00f3n Estatal Forestal (Coesfo), la Secretar\u00eda de Administraci\u00f3n, el Servicio Nacional de Empleo Oaxaca (SNEO), la Coordinaci\u00f3n de Planeaci\u00f3n y Evaluaci\u00f3n para el Desarrollo Social de Oaxaca (Copeval), el Instituto de Capacitaci\u00f3n y Productividad para el Trabajo del Estado de Oaxaca (Icapet) y en el Colegio de Bachilleres de Oaxaca (Cobao) con el fin de frenar la violencia hacia las mujeres.<\/p>\n\n\n\n<p>Desde el Eje Pa&#8217; las Oaxaque\u00f1as del Programa de Paz con Justicia y Bienestar para el Pueblo de Oaxaca se realizan estas acciones a fin de coordinar esfuerzos interinstitucionales para prevenir, atender, sancionar y erradicar la violencia en los entornos laborales y que afecta principalmente a las trabajadoras.<\/p>\n\n\n\n<p>El secretario de Gobierno Jes\u00fas Romero L\u00f3pez asegur\u00f3 que, si no se atiende la violencia por raz\u00f3n de g\u00e9nero, la violencia pol\u00edtica contra las mujeres y el acoso, se generan situaciones que vulneran la paz y gobernabilidad del estado.<\/p>\n\n\n\n<p>\u00abSi tenemos madres buscando a sus familiares, mujeres vulneradas en el \u00e1mbito laboral y en espacios pol\u00edticos, desde luego existir\u00e1n manifestaciones y protestas\u00bb, subray\u00f3.<\/p>\n\n\n\n<p>Dijo que desde la Sego \u00abse construye una progresividad en los derechos de las mujeres en comunidades ind\u00edgenas, donde, en algunas situaciones el patriarcado se impone y la mujer no puede votar o aspirar a alg\u00fan cargo de elecci\u00f3n\u00bb.<\/p>\n\n\n\n<p>Puntualiz\u00f3 que la Secretar\u00eda de Gobierno contin\u00faa trabajando para erradicar la violencia de g\u00e9nero en todas las dependencias del Gobierno del Estado, tal como ha instruido el Gobernador Salom\u00f3n Jara Cruz.<\/p>\n\n\n\n<p>-0-<\/p>\n","protected":false},"excerpt":{"rendered":"<p>\u2022 Desde el Eje Pa&#8217; las Oaxaque\u00f1as del Programa de Paz con Justicia y Bienestar&#8230;<\/p>\n","protected":false},"author":4,"featured_media":22257,"comment_status":"","ping_status":"open","sticky":false,"template":"","format":"standard","meta":{"footnotes":""},"categories":[9],"tags":[],"jetpack_sharing_enabled":true,"featured_image_urls":{"full":["https:\/\/contextoanalisisperiodistico.com\/wp-content\/uploads\/2023\/12\/IMG-20231209-WA0021.jpg",1600,1199,false],"thumbnail":["https:\/\/contextoanalisisperiodistico.com\/wp-content\/uploads\/2023\/12\/IMG-20231209-WA0021-150x150.jpg",150,150,true],"medium":["https:\/\/contextoanalisisperiodistico.com\/wp-content\/uploads\/2023\/12\/IMG-20231209-WA0021-300x225.jpg",300,225,true],"medium_large":["https:\/\/contextoanalisisperiodistico.com\/wp-content\/uploads\/2023\/12\/IMG-20231209-WA0021-768x576.jpg",640,480,true],"large":["https:\/\/contextoanalisisperiodistico.com\/wp-content\/uploads\/2023\/12\/IMG-20231209-WA0021-1024x767.jpg",640,479,true],"1536x1536":["https:\/\/contextoanalisisperiodistico.com\/wp-content\/uploads\/2023\/12\/IMG-20231209-WA0021-1536x1151.jpg",1536,1151,true],"2048x2048":["https:\/\/contextoanalisisperiodistico.com\/wp-content\/uploads\/2023\/12\/IMG-20231209-WA0021.jpg",1600,1199,false],"covernews-slider-full":["https:\/\/contextoanalisisperiodistico.com\/wp-content\/uploads\/2023\/12\/IMG-20231209-WA0021-1115x715.jpg",1115,715,true],"covernews-slider-center":["https:\/\/contextoanalisisperiodistico.com\/wp-content\/uploads\/2023\/12\/IMG-20231209-WA0021-800x500.jpg",800,500,true],"covernews-featured":["https:\/\/contextoanalisisperiodistico.com\/wp-content\/uploads\/2023\/12\/IMG-20231209-WA0021-1024x767.jpg",1024,767,true],"covernews-medium":["https:\/\/contextoanalisisperiodistico.com\/wp-content\/uploads\/2023\/12\/IMG-20231209-WA0021-540x340.jpg",540,340,true],"covernews-medium-square":["https:\/\/contextoanalisisperiodistico.com\/wp-content\/uploads\/2023\/12\/IMG-20231209-WA0021-400x250.jpg",400,250,true]},"author_info":{"display_name":"Mario Gir\u00f3n","author_link":"https:\/\/contextoanalisisperiodistico.com\/index.php\/author\/director\/"},"category_info":"<a href=\"https:\/\/contextoanalisisperiodistico.com\/index.php\/category\/politica\/\" rel=\"category tag\">Pol\u00edtica<\/a>","tag_info":"Pol\u00edtica","comment_count":"0","jetpack_featured_media_url":"https:\/\/contextoanalisisperiodistico.com\/wp-content\/uploads\/2023\/12\/IMG-20231209-WA0021.jpg","_links":{"self":[{"href":"https:\/\/contextoanalisisperiodistico.com\/index.php\/wp-json\/wp\/v2\/posts\/22261"}],"collection":[{"href":"https:\/\/contextoanalisisperiodistico.com\/index.php\/wp-json\/wp\/v2\/posts"}],"about":[{"href":"https:\/\/contextoanalisisperiodistico.com\/index.php\/wp-json\/wp\/v2\/types\/post"}],"author":[{"embeddable":true,"href":"https:\/\/contextoanalisisperiodistico.com\/index.php\/wp-json\/wp\/v2\/users\/4"}],"replies":[{"embeddable":true,"href":"https:\/\/contextoanalisisperiodistico.com\/index.php\/wp-json\/wp\/v2\/comments?post=22261"}],"version-history":[{"count":0,"href":"https:\/\/contextoanalisisperiodistico.com\/index.php\/wp-json\/wp\/v2\/posts\/22261\/revisions"}],"wp:featuredmedia":[{"embeddable":true,"href":"https:\/\/contextoanalisisperiodistico.com\/index.php\/wp-json\/wp\/v2\/media\/22257"}],"wp:attachment":[{"href":"https:\/\/contextoanalisisperiodistico.com\/index.php\/wp-json\/wp\/v2\/media?parent=22261"}],"wp:term":[{"taxonomy":"category","embeddable":true,"href":"https:\/\/contextoanalisisperiodistico.com\/index.php\/wp-json\/wp\/v2\/categories?post=22261"},{"taxonomy":"post_tag","embeddable":true,"href":"https:\/\/contextoanalisisperiodistico.com\/index.php\/wp-json\/wp\/v2\/tags?post=22261"}],"curies":[{"name":"wp","href":"https:\/\/api.w.org\/{rel}","templated":true}]}}