{"id":22237,"date":"2023-12-08T19:26:49","date_gmt":"2023-12-09T01:26:49","guid":{"rendered":"https:\/\/contextoanalisisperiodistico.com\/index.php\/2023\/12\/08\/eligen-a-karla-mishel-zarate-martinez-como-reyna-y-representante-de-los-eventos-senorita-tecnica-170\/"},"modified":"2023-12-08T19:26:49","modified_gmt":"2023-12-09T01:26:49","slug":"eligen-a-karla-mishel-zarate-martinez-como-reyna-y-representante-de-los-eventos-senorita-tecnica-170","status":"publish","type":"post","link":"https:\/\/contextoanalisisperiodistico.com\/index.php\/2023\/12\/08\/eligen-a-karla-mishel-zarate-martinez-como-reyna-y-representante-de-los-eventos-senorita-tecnica-170\/","title":{"rendered":"Eligen a Karla Mishel Z\u00e1rate Mart\u00ednez, como Reyna y representante de los eventos  \u00abSe\u00f1orita T\u00e9cnica 170\u00bb"},"content":{"rendered":"<div id=\"fb-root\"><\/div>\n\n<p>Escuela Secundaria T\u00e9cnica n\u00famero 170, Diciembre 8, 2023.- En el marco del 30 Aniversario de la fundaci\u00f3n de esta instituci\u00f3n educativa, perteneciente a San Sebasti\u00e1n Tutla, Oaxaca, la se\u00f1orita Karla Mishel Z\u00e1rate Mart\u00ednez alumna del tercer a\u00f1o, grupo \u201cA\u201d, fue electa Reyna Estudiantil y representante en los eventos de la Se\u00f1orita T\u00e9cnica 170 de este plantel que integra a 457 alumnas y alumnos as\u00ed como un total de 53 personas, entre personal docente, administrativo, m\u00e9dico y de servicios que con calidad y calidez educativa brindan su profesionalismo a la comunidad estudiantil del fraccionamiento \u201cEl Rosario\u201d.<\/p>\n\n\n\n<figure class=\"wp-block-image size-large\"><img fetchpriority=\"high\" decoding=\"async\" width=\"1024\" height=\"957\" src=\"https:\/\/contextoanalisisperiodistico.com\/wp-content\/uploads\/2023\/12\/img-20231208-wa00783916834635221262119-1024x957.jpg\" alt=\"\" class=\"wp-image-22226\" srcset=\"https:\/\/contextoanalisisperiodistico.com\/wp-content\/uploads\/2023\/12\/img-20231208-wa00783916834635221262119-1024x957.jpg 1024w, https:\/\/contextoanalisisperiodistico.com\/wp-content\/uploads\/2023\/12\/img-20231208-wa00783916834635221262119-300x280.jpg 300w, https:\/\/contextoanalisisperiodistico.com\/wp-content\/uploads\/2023\/12\/img-20231208-wa00783916834635221262119-768x718.jpg 768w, https:\/\/contextoanalisisperiodistico.com\/wp-content\/uploads\/2023\/12\/img-20231208-wa00783916834635221262119-1536x1435.jpg 1536w, https:\/\/contextoanalisisperiodistico.com\/wp-content\/uploads\/2023\/12\/img-20231208-wa00783916834635221262119.jpg 1600w\" sizes=\"(max-width: 1024px) 100vw, 1024px\" \/><\/figure>\n\n\n\n<figure class=\"wp-block-image\"><img decoding=\"async\" width=\"1024\" height=\"800\" src=\"https:\/\/contextoanalisisperiodistico.com\/wp-content\/uploads\/2023\/12\/img-20231208-wa0082269698815683732303-1024x800.jpg\" alt=\"\" class=\"wp-image-22225\" srcset=\"https:\/\/contextoanalisisperiodistico.com\/wp-content\/uploads\/2023\/12\/img-20231208-wa0082269698815683732303-1024x800.jpg 1024w, https:\/\/contextoanalisisperiodistico.com\/wp-content\/uploads\/2023\/12\/img-20231208-wa0082269698815683732303-300x234.jpg 300w, https:\/\/contextoanalisisperiodistico.com\/wp-content\/uploads\/2023\/12\/img-20231208-wa0082269698815683732303-768x600.jpg 768w, https:\/\/contextoanalisisperiodistico.com\/wp-content\/uploads\/2023\/12\/img-20231208-wa0082269698815683732303.jpg 1458w\" sizes=\"(max-width: 1024px) 100vw, 1024px\" \/><\/figure>\n\n\n\n<figure class=\"wp-block-image\"><img decoding=\"async\" width=\"581\" height=\"1024\" src=\"https:\/\/contextoanalisisperiodistico.com\/wp-content\/uploads\/2023\/12\/img-20231208-wa00816973431663132695169-581x1024.jpg\" alt=\"\" class=\"wp-image-22224\" srcset=\"https:\/\/contextoanalisisperiodistico.com\/wp-content\/uploads\/2023\/12\/img-20231208-wa00816973431663132695169-581x1024.jpg 581w, https:\/\/contextoanalisisperiodistico.com\/wp-content\/uploads\/2023\/12\/img-20231208-wa00816973431663132695169-170x300.jpg 170w, https:\/\/contextoanalisisperiodistico.com\/wp-content\/uploads\/2023\/12\/img-20231208-wa00816973431663132695169-768x1353.jpg 768w, https:\/\/contextoanalisisperiodistico.com\/wp-content\/uploads\/2023\/12\/img-20231208-wa00816973431663132695169-872x1536.jpg 872w, https:\/\/contextoanalisisperiodistico.com\/wp-content\/uploads\/2023\/12\/img-20231208-wa00816973431663132695169.jpg 908w\" sizes=\"(max-width: 581px) 100vw, 581px\" \/><\/figure>\n\n\n\n<figure class=\"wp-block-image\"><img loading=\"lazy\" decoding=\"async\" width=\"1024\" height=\"657\" src=\"https:\/\/contextoanalisisperiodistico.com\/wp-content\/uploads\/2023\/12\/img-20231208-wa00845265552015120380732-1024x657.jpg\" alt=\"\" class=\"wp-image-22223\" srcset=\"https:\/\/contextoanalisisperiodistico.com\/wp-content\/uploads\/2023\/12\/img-20231208-wa00845265552015120380732-1024x657.jpg 1024w, https:\/\/contextoanalisisperiodistico.com\/wp-content\/uploads\/2023\/12\/img-20231208-wa00845265552015120380732-300x192.jpg 300w, https:\/\/contextoanalisisperiodistico.com\/wp-content\/uploads\/2023\/12\/img-20231208-wa00845265552015120380732-768x493.jpg 768w, https:\/\/contextoanalisisperiodistico.com\/wp-content\/uploads\/2023\/12\/img-20231208-wa00845265552015120380732-1115x715.jpg 1115w, https:\/\/contextoanalisisperiodistico.com\/wp-content\/uploads\/2023\/12\/img-20231208-wa00845265552015120380732.jpg 1445w\" sizes=\"(max-width: 1024px) 100vw, 1024px\" \/><\/figure>\n\n\n\n<figure class=\"wp-block-image\"><img loading=\"lazy\" decoding=\"async\" width=\"1024\" height=\"666\" src=\"https:\/\/contextoanalisisperiodistico.com\/wp-content\/uploads\/2023\/12\/img-20231208-wa00833726659369115373235-1024x666.jpg\" alt=\"\" class=\"wp-image-22222\" srcset=\"https:\/\/contextoanalisisperiodistico.com\/wp-content\/uploads\/2023\/12\/img-20231208-wa00833726659369115373235-1024x666.jpg 1024w, https:\/\/contextoanalisisperiodistico.com\/wp-content\/uploads\/2023\/12\/img-20231208-wa00833726659369115373235-300x195.jpg 300w, https:\/\/contextoanalisisperiodistico.com\/wp-content\/uploads\/2023\/12\/img-20231208-wa00833726659369115373235-768x499.jpg 768w, https:\/\/contextoanalisisperiodistico.com\/wp-content\/uploads\/2023\/12\/img-20231208-wa00833726659369115373235.jpg 1460w\" sizes=\"(max-width: 1024px) 100vw, 1024px\" \/><\/figure>\n\n\n\n<figure class=\"wp-block-image\"><img loading=\"lazy\" decoding=\"async\" width=\"1024\" height=\"599\" src=\"https:\/\/contextoanalisisperiodistico.com\/wp-content\/uploads\/2023\/12\/img-20231208-wa00855329965942690325191-1024x599.jpg\" alt=\"\" class=\"wp-image-22229\" srcset=\"https:\/\/contextoanalisisperiodistico.com\/wp-content\/uploads\/2023\/12\/img-20231208-wa00855329965942690325191-1024x599.jpg 1024w, https:\/\/contextoanalisisperiodistico.com\/wp-content\/uploads\/2023\/12\/img-20231208-wa00855329965942690325191-300x175.jpg 300w, https:\/\/contextoanalisisperiodistico.com\/wp-content\/uploads\/2023\/12\/img-20231208-wa00855329965942690325191-768x449.jpg 768w, https:\/\/contextoanalisisperiodistico.com\/wp-content\/uploads\/2023\/12\/img-20231208-wa00855329965942690325191-1536x898.jpg 1536w, https:\/\/contextoanalisisperiodistico.com\/wp-content\/uploads\/2023\/12\/img-20231208-wa00855329965942690325191.jpg 1567w\" sizes=\"(max-width: 1024px) 100vw, 1024px\" \/><\/figure>\n\n\n\n<figure class=\"wp-block-image\"><img loading=\"lazy\" decoding=\"async\" width=\"1024\" height=\"468\" src=\"https:\/\/contextoanalisisperiodistico.com\/wp-content\/uploads\/2023\/12\/img-20231208-wa0087805871620732227045-1024x468.jpg\" alt=\"\" class=\"wp-image-22227\" srcset=\"https:\/\/contextoanalisisperiodistico.com\/wp-content\/uploads\/2023\/12\/img-20231208-wa0087805871620732227045-1024x468.jpg 1024w, https:\/\/contextoanalisisperiodistico.com\/wp-content\/uploads\/2023\/12\/img-20231208-wa0087805871620732227045-300x137.jpg 300w, https:\/\/contextoanalisisperiodistico.com\/wp-content\/uploads\/2023\/12\/img-20231208-wa0087805871620732227045-768x351.jpg 768w, https:\/\/contextoanalisisperiodistico.com\/wp-content\/uploads\/2023\/12\/img-20231208-wa0087805871620732227045-1536x702.jpg 1536w, https:\/\/contextoanalisisperiodistico.com\/wp-content\/uploads\/2023\/12\/img-20231208-wa0087805871620732227045.jpg 1599w\" sizes=\"(max-width: 1024px) 100vw, 1024px\" \/><\/figure>\n\n\n\n<figure class=\"wp-block-image\"><img loading=\"lazy\" decoding=\"async\" width=\"1024\" height=\"497\" src=\"https:\/\/contextoanalisisperiodistico.com\/wp-content\/uploads\/2023\/12\/img-20231208-wa00888006810508072107445-1024x497.jpg\" alt=\"\" class=\"wp-image-22228\" srcset=\"https:\/\/contextoanalisisperiodistico.com\/wp-content\/uploads\/2023\/12\/img-20231208-wa00888006810508072107445-1024x497.jpg 1024w, https:\/\/contextoanalisisperiodistico.com\/wp-content\/uploads\/2023\/12\/img-20231208-wa00888006810508072107445-300x146.jpg 300w, https:\/\/contextoanalisisperiodistico.com\/wp-content\/uploads\/2023\/12\/img-20231208-wa00888006810508072107445-768x373.jpg 768w, https:\/\/contextoanalisisperiodistico.com\/wp-content\/uploads\/2023\/12\/img-20231208-wa00888006810508072107445-1536x745.jpg 1536w, https:\/\/contextoanalisisperiodistico.com\/wp-content\/uploads\/2023\/12\/img-20231208-wa00888006810508072107445.jpg 1599w\" sizes=\"(max-width: 1024px) 100vw, 1024px\" \/><\/figure>\n\n\n\n<figure class=\"wp-block-image\"><img loading=\"lazy\" decoding=\"async\" width=\"712\" height=\"1024\" src=\"https:\/\/contextoanalisisperiodistico.com\/wp-content\/uploads\/2023\/12\/img-20231208-wa00867015798949550798237-712x1024.jpg\" alt=\"\" class=\"wp-image-22230\" srcset=\"https:\/\/contextoanalisisperiodistico.com\/wp-content\/uploads\/2023\/12\/img-20231208-wa00867015798949550798237-712x1024.jpg 712w, https:\/\/contextoanalisisperiodistico.com\/wp-content\/uploads\/2023\/12\/img-20231208-wa00867015798949550798237-209x300.jpg 209w, https:\/\/contextoanalisisperiodistico.com\/wp-content\/uploads\/2023\/12\/img-20231208-wa00867015798949550798237-768x1104.jpg 768w, https:\/\/contextoanalisisperiodistico.com\/wp-content\/uploads\/2023\/12\/img-20231208-wa00867015798949550798237.jpg 950w\" sizes=\"(max-width: 712px) 100vw, 712px\" \/><\/figure>\n\n\n\n<figure class=\"wp-block-image\"><img loading=\"lazy\" decoding=\"async\" width=\"702\" height=\"1024\" src=\"https:\/\/contextoanalisisperiodistico.com\/wp-content\/uploads\/2023\/12\/img-20231208-wa00895921477147554506714-702x1024.jpg\" alt=\"\" class=\"wp-image-22231\" srcset=\"https:\/\/contextoanalisisperiodistico.com\/wp-content\/uploads\/2023\/12\/img-20231208-wa00895921477147554506714-702x1024.jpg 702w, https:\/\/contextoanalisisperiodistico.com\/wp-content\/uploads\/2023\/12\/img-20231208-wa00895921477147554506714-206x300.jpg 206w, https:\/\/contextoanalisisperiodistico.com\/wp-content\/uploads\/2023\/12\/img-20231208-wa00895921477147554506714-768x1120.jpg 768w, https:\/\/contextoanalisisperiodistico.com\/wp-content\/uploads\/2023\/12\/img-20231208-wa00895921477147554506714-1053x1536.jpg 1053w, https:\/\/contextoanalisisperiodistico.com\/wp-content\/uploads\/2023\/12\/img-20231208-wa00895921477147554506714-1024x1494.jpg 1024w, https:\/\/contextoanalisisperiodistico.com\/wp-content\/uploads\/2023\/12\/img-20231208-wa00895921477147554506714.jpg 1068w\" sizes=\"(max-width: 702px) 100vw, 702px\" \/><\/figure>\n\n\n\n<figure class=\"wp-block-image\"><img loading=\"lazy\" decoding=\"async\" width=\"1024\" height=\"683\" src=\"https:\/\/contextoanalisisperiodistico.com\/wp-content\/uploads\/2023\/12\/img-20231208-wa00902603632915522985907-1024x683.jpg\" alt=\"\" class=\"wp-image-22234\" srcset=\"https:\/\/contextoanalisisperiodistico.com\/wp-content\/uploads\/2023\/12\/img-20231208-wa00902603632915522985907-1024x683.jpg 1024w, https:\/\/contextoanalisisperiodistico.com\/wp-content\/uploads\/2023\/12\/img-20231208-wa00902603632915522985907-300x200.jpg 300w, https:\/\/contextoanalisisperiodistico.com\/wp-content\/uploads\/2023\/12\/img-20231208-wa00902603632915522985907-768x512.jpg 768w, https:\/\/contextoanalisisperiodistico.com\/wp-content\/uploads\/2023\/12\/img-20231208-wa00902603632915522985907-1536x1024.jpg 1536w, https:\/\/contextoanalisisperiodistico.com\/wp-content\/uploads\/2023\/12\/img-20231208-wa00902603632915522985907.jpg 1599w\" sizes=\"(max-width: 1024px) 100vw, 1024px\" \/><\/figure>\n\n\n\n<figure class=\"wp-block-image\"><img loading=\"lazy\" decoding=\"async\" width=\"685\" height=\"1024\" src=\"https:\/\/contextoanalisisperiodistico.com\/wp-content\/uploads\/2023\/12\/img-20231208-wa00912123995791400664644-685x1024.jpg\" alt=\"\" class=\"wp-image-22233\" srcset=\"https:\/\/contextoanalisisperiodistico.com\/wp-content\/uploads\/2023\/12\/img-20231208-wa00912123995791400664644-685x1024.jpg 685w, https:\/\/contextoanalisisperiodistico.com\/wp-content\/uploads\/2023\/12\/img-20231208-wa00912123995791400664644-201x300.jpg 201w, https:\/\/contextoanalisisperiodistico.com\/wp-content\/uploads\/2023\/12\/img-20231208-wa00912123995791400664644-768x1148.jpg 768w, https:\/\/contextoanalisisperiodistico.com\/wp-content\/uploads\/2023\/12\/img-20231208-wa00912123995791400664644.jpg 1002w\" sizes=\"(max-width: 685px) 100vw, 685px\" \/><\/figure>\n\n\n\n<figure class=\"wp-block-image\"><img loading=\"lazy\" decoding=\"async\" width=\"1024\" height=\"634\" src=\"https:\/\/contextoanalisisperiodistico.com\/wp-content\/uploads\/2023\/12\/img-20231208-wa00921062564658598813256-1024x634.jpg\" alt=\"\" class=\"wp-image-22232\" srcset=\"https:\/\/contextoanalisisperiodistico.com\/wp-content\/uploads\/2023\/12\/img-20231208-wa00921062564658598813256-1024x634.jpg 1024w, https:\/\/contextoanalisisperiodistico.com\/wp-content\/uploads\/2023\/12\/img-20231208-wa00921062564658598813256-300x186.jpg 300w, https:\/\/contextoanalisisperiodistico.com\/wp-content\/uploads\/2023\/12\/img-20231208-wa00921062564658598813256-768x476.jpg 768w, https:\/\/contextoanalisisperiodistico.com\/wp-content\/uploads\/2023\/12\/img-20231208-wa00921062564658598813256-1536x952.jpg 1536w, https:\/\/contextoanalisisperiodistico.com\/wp-content\/uploads\/2023\/12\/img-20231208-wa00921062564658598813256.jpg 1593w\" sizes=\"(max-width: 1024px) 100vw, 1024px\" \/><\/figure>\n\n\n\n<figure class=\"wp-block-image\"><img loading=\"lazy\" decoding=\"async\" width=\"1024\" height=\"692\" src=\"https:\/\/contextoanalisisperiodistico.com\/wp-content\/uploads\/2023\/12\/img-20231208-wa00937880444922006139170-1024x692.jpg\" alt=\"\" class=\"wp-image-22235\" srcset=\"https:\/\/contextoanalisisperiodistico.com\/wp-content\/uploads\/2023\/12\/img-20231208-wa00937880444922006139170-1024x692.jpg 1024w, https:\/\/contextoanalisisperiodistico.com\/wp-content\/uploads\/2023\/12\/img-20231208-wa00937880444922006139170-300x203.jpg 300w, https:\/\/contextoanalisisperiodistico.com\/wp-content\/uploads\/2023\/12\/img-20231208-wa00937880444922006139170-768x519.jpg 768w, https:\/\/contextoanalisisperiodistico.com\/wp-content\/uploads\/2023\/12\/img-20231208-wa00937880444922006139170.jpg 1479w\" sizes=\"(max-width: 1024px) 100vw, 1024px\" \/><\/figure>\n\n\n\n<figure class=\"wp-block-image\"><img decoding=\"async\" src=\"file:\/\/\/data\/user\/0\/org.wordpress.android\/cache\/img-20231208-wa0094862765186371555359.jpg\" alt=\"\" class=\"wp-image-11639\"\/><\/figure>\n\n\n\n<p>En emotiva ceremonia social, celebrada en la explanada c\u00edvica de este plantel, el segundo lugar correspondi\u00f3 a la alumna Ailyn Stephanie Santill\u00e1n Galv\u00e1n del Tercer Grado, Grupo \u201cD\u201d, y el tercer lugar lo obtuvo la alumna Natalia Barroso Ch\u00e1vez, del Primer Grado Grupo \u201cB\u201d. Las participantes recibieron su reconocimiento, en tanto, la representante y Se\u00f1orita T\u00e9cnica 170, fue condecorada con la banda que le acredita su t\u00edtulo, adem\u00e1s de recibir de manos del Director del plantel, Francisco Ra\u00fal L\u00f3pez Mart\u00ednez, un hermoso ramo de flores as\u00ed como la respectiva corona, como m\u00e1ximo cetro de esta elecci\u00f3n.<\/p>\n\n\n\n<p>Atestiguaron este evento, la subdirectora Deyanira Fentan\u00e9s Luna, el profesor Fortino Cruz Bautista, la maestra Pino Ben\u00edtez, en representaci\u00f3n del supervisor de la Zona Escolar 03, el profesor Fortino Cruz Bautista, de la coordinaci\u00f3n de Servicios educativos complementarios y la profesora Mayra Castellanos, Coordinadora de tecnolog\u00edas de esta instituci\u00f3n. Cabe referir que despu\u00e9s de un proceso equitativo y transparente para la elecci\u00f3n y selecci\u00f3n de la representante estudiantil, 9 se\u00f1oritas obtuvieron su pase a la final.<\/p>\n\n\n\n<p>En este marco, se llev\u00f3 a cabo la presentaci\u00f3n de las participantes y posteriormente una pasarela de las concursantes ataviadas de trajes regionales. En gran algarab\u00eda, el alumnado con porras a sus compa\u00f1eras, portando globos multicolores y algunos de sus familiares coreaban el nombre de las 9 participantes seleccionadas y cuya contabilidad del aporte del alumnado estuvo a cargo de la Comisi\u00f3n de Acci\u00f3n Social de este centro educativo. Los recursos obtenidos a trav\u00e9s del apoyo de sus compa\u00f1eros y sus padres, ser\u00e1 destinado, por conducto de la referida Comisi\u00f3n, en beneficio de actividades como el D\u00eda del Estudiante, D\u00eda del Amor y la Amistad y D\u00eda de la Madre.<\/p>\n\n\n\n<p>Posterior a su coronaci\u00f3n, la Reyna Karla Mishel Z\u00e1rate Mart\u00ednez, destac\u00f3, que esta coronaci\u00f3n le representa mucha felicidad en virtud de que es su \u00faltimo a\u00f1o en esta instituci\u00f3n; \u201cMe da mucho gusto ser electa representante de mi Secundaria y m\u00e1s a\u00fan al conmemorar su 30 Aniversario. Los j\u00f3venes debemos promover los valores en nuestra sociedad, ser mejores alumnos e hijos. Debemos poner atenci\u00f3n en nuestra educaci\u00f3n y aprendizaje, aprovechar la confianza que nos depositan nuestros padres. Mi meta es la excelencia acad\u00e9mica y si Dios lo permite, estudiar la carrera de Ciencias Pol\u00edticas.<\/p>\n\n\n\n<p>En gratitud al acompa\u00f1amiento de sus padres, familia y compa\u00f1eros educandos, reconoci\u00f3 el aporte de su mam\u00e1 en este compromiso. \u201cSacrificamos tiempo, pero. finalmente ganamos y es lo que cuenta. A mis compa\u00f1eras y compa\u00f1eros, a mi asesora Flor mi gratitud\u201d, conclu\u00eda.<\/p>\n\n\n\n<p>Por su parte y en entrevista, el Profesor y Director de esta instituci\u00f3n educativa, Francisco Ra\u00fal L\u00f3pez Mart\u00ednez, rese\u00f1\u00f3: \u201c\u00c9stos 30 a\u00f1os de actividad educativa significan el esfuerzo de muchas generaciones, de personal, docente, administrativo, de padres de familias, alumnos y ex alumnos, de vecinos de esta unidad habitacional y de otros sectores de la poblaci\u00f3n oaxaque\u00f1a en su conjunto, de autoridades de los tres niveles de Gobierno para brindar un acompa\u00f1amiento a nuestra comunidad estudiantil.<\/p>\n\n\n\n<p>Gracias a ello hemos conformado una gran escuela que surgi\u00f3 como una extensi\u00f3n educativa de otra instituci\u00f3n y, en 1993 le otorgaron la clave. Este espacio era una monta\u00f1a, totalmente des\u00e9rtica, la primeras aulas funcionaron en casas de los vecinos as\u00ed iniciamos. En este espacio funcionaba un mercado pero se trasladaron a otro lugar y tuvimos la oportunidad de instalarnos aqu\u00ed donde inicialmente en aulas provisionales con techos de l\u00e1minas, tejabanes y sillas prestadas por los vecinos, as\u00ed iniciamos, con muchas precariedades.<\/p>\n\n\n\n<p>El reto fue grande, pero el compromiso mayor anteponiendo la educaci\u00f3n, los buenos h\u00e1bitos y valores, brindando la oportunidad a miles de j\u00f3venes e innovando con el rescate de nuestras costumbres y tradiciones aunado a la profesionalizaci\u00f3n constante de nuestros educandos a trav\u00e9s de materias como F\u00edsica, Matem\u00e1ticas e Ingl\u00e9s y otras complementarias para una educaci\u00f3n de calidad, con apoyo de los padres de familia quienes les inculcan valores desde el seno de sus hogares.<\/p>\n\n\n\n<p>Con apoyo de todas y todos hemos conformado una infraestructura necesaria de 18 aulas y 5 talleres -Turismo, Inform\u00e1tica, Contabilidad, Electricidad y Dise\u00f1o gr\u00e1fico-, con una planta docente, administrativa y de servicios de 53 personas, sin duda, nos gustar\u00eda ampliarla pero el espacio es limitado para dar oportunidad a otros j\u00f3venes, nuestra meta es crear buenas mujeres y hombres con futuro promisorio, buenos ciudadanos y mejores profesionistas\u201d.<\/p>\n\n\n\n<p>\u201cBuscamos la mejora continua, para ello, requerimos equipar tecnol\u00f3gicamente este plantel acorde a las necesidades actuales\u201d. Enfatizando que los alumnos cuentan con servicio m\u00e9dico y orientaci\u00f3n educativa e igualmente ofrecen al alumnado campa\u00f1as de vacunaci\u00f3n contra el Covid.19, Papiloma Humano, Prevenci\u00f3n de Alcoholismo y sustancias prohibidas, al igual que pl\u00e1ticas para padres de familia.<\/p>\n\n\n\n<p>Cabe referir que en este proceso particip\u00f3 tambi\u00e9n la alumna Itzayana Yaretzi Mu\u00f1oz Salinas, .cuyo significado es de origen Maya y significa \u201cregalo de Dios\u201d-, y recientemente represent\u00f3 a su instituci\u00f3n educativa, a Oaxaca y a M\u00e9xico en el Concurso Internacional de Cocinas Protur Chef Kids, celebrado en Mayorga, Espa\u00f1a.<\/p>\n\n\n\n<p>En el marco de \u00e9ste Aniversario se contemplan diversas actividades como \u201cCaf\u00e9 literario\u201d, \u201cTecnolog\u00edas acad\u00e9micas\u201d, \u201cFiesta de las Ciencias\u201d, la tradicional \u201cCalenda\u201d con acompa\u00f1amiento de la agrupaci\u00f3n folkl\u00f3rica \u201cNito\u201d, la delegaci\u00f3n escolar n\u00famero 66 de Cuilapan de Guerrero, la Escuela t\u00e9cnica 139 de 5 Se\u00f1ores, la autoridad municipal de San Sebasti\u00e1n Tutla. Para el pr\u00f3ximo d\u00eda 14, las tradicionales \u201cMa\u00f1anitas\u201d; develaci\u00f3n de la placa conmemorativa a este 30 Aniversario donada por la primera generaci\u00f3n de ex alumnos, presentaci\u00f3n de un programa socio cultural con apoyo de grupos folkl\u00f3ricos, concluyendo con una tardeada baile. (Joel JAVIER)<\/p>\n","protected":false},"excerpt":{"rendered":"<p>Escuela Secundaria T\u00e9cnica n\u00famero 170, Diciembre 8, 2023.- En el marco del 30 Aniversario de&#8230;<\/p>\n","protected":false},"author":4,"featured_media":22221,"comment_status":"","ping_status":"open","sticky":false,"template":"","format":"standard","meta":{"footnotes":""},"categories":[91],"tags":[],"jetpack_sharing_enabled":true,"featured_image_urls":{"full":["https:\/\/contextoanalisisperiodistico.com\/wp-content\/uploads\/2023\/12\/IMG-20231208-WA0080.jpg",1563,1015,false],"thumbnail":["https:\/\/contextoanalisisperiodistico.com\/wp-content\/uploads\/2023\/12\/IMG-20231208-WA0080-150x150.jpg",150,150,true],"medium":["https:\/\/contextoanalisisperiodistico.com\/wp-content\/uploads\/2023\/12\/IMG-20231208-WA0080-300x195.jpg",300,195,true],"medium_large":["https:\/\/contextoanalisisperiodistico.com\/wp-content\/uploads\/2023\/12\/IMG-20231208-WA0080-768x499.jpg",640,416,true],"large":["https:\/\/contextoanalisisperiodistico.com\/wp-content\/uploads\/2023\/12\/IMG-20231208-WA0080-1024x665.jpg",640,416,true],"1536x1536":["https:\/\/contextoanalisisperiodistico.com\/wp-content\/uploads\/2023\/12\/IMG-20231208-WA0080-1536x997.jpg",1536,997,true],"2048x2048":["https:\/\/contextoanalisisperiodistico.com\/wp-content\/uploads\/2023\/12\/IMG-20231208-WA0080.jpg",1563,1015,false],"covernews-slider-full":["https:\/\/contextoanalisisperiodistico.com\/wp-content\/uploads\/2023\/12\/IMG-20231208-WA0080-1115x715.jpg",1115,715,true],"covernews-slider-center":["https:\/\/contextoanalisisperiodistico.com\/wp-content\/uploads\/2023\/12\/IMG-20231208-WA0080-800x500.jpg",800,500,true],"covernews-featured":["https:\/\/contextoanalisisperiodistico.com\/wp-content\/uploads\/2023\/12\/IMG-20231208-WA0080-1024x665.jpg",1024,665,true],"covernews-medium":["https:\/\/contextoanalisisperiodistico.com\/wp-content\/uploads\/2023\/12\/IMG-20231208-WA0080-540x340.jpg",540,340,true],"covernews-medium-square":["https:\/\/contextoanalisisperiodistico.com\/wp-content\/uploads\/2023\/12\/IMG-20231208-WA0080-400x250.jpg",400,250,true]},"author_info":{"display_name":"Mario Gir\u00f3n","author_link":"https:\/\/contextoanalisisperiodistico.com\/index.php\/author\/director\/"},"category_info":"<a href=\"https:\/\/contextoanalisisperiodistico.com\/index.php\/category\/educacion\/\" rel=\"category tag\">Educaci\u00f3n<\/a>","tag_info":"Educaci\u00f3n","comment_count":"0","jetpack_featured_media_url":"https:\/\/contextoanalisisperiodistico.com\/wp-content\/uploads\/2023\/12\/IMG-20231208-WA0080.jpg","_links":{"self":[{"href":"https:\/\/contextoanalisisperiodistico.com\/index.php\/wp-json\/wp\/v2\/posts\/22237"}],"collection":[{"href":"https:\/\/contextoanalisisperiodistico.com\/index.php\/wp-json\/wp\/v2\/posts"}],"about":[{"href":"https:\/\/contextoanalisisperiodistico.com\/index.php\/wp-json\/wp\/v2\/types\/post"}],"author":[{"embeddable":true,"href":"https:\/\/contextoanalisisperiodistico.com\/index.php\/wp-json\/wp\/v2\/users\/4"}],"replies":[{"embeddable":true,"href":"https:\/\/contextoanalisisperiodistico.com\/index.php\/wp-json\/wp\/v2\/comments?post=22237"}],"version-history":[{"count":0,"href":"https:\/\/contextoanalisisperiodistico.com\/index.php\/wp-json\/wp\/v2\/posts\/22237\/revisions"}],"wp:featuredmedia":[{"embeddable":true,"href":"https:\/\/contextoanalisisperiodistico.com\/index.php\/wp-json\/wp\/v2\/media\/22221"}],"wp:attachment":[{"href":"https:\/\/contextoanalisisperiodistico.com\/index.php\/wp-json\/wp\/v2\/media?parent=22237"}],"wp:term":[{"taxonomy":"category","embeddable":true,"href":"https:\/\/contextoanalisisperiodistico.com\/index.php\/wp-json\/wp\/v2\/categories?post=22237"},{"taxonomy":"post_tag","embeddable":true,"href":"https:\/\/contextoanalisisperiodistico.com\/index.php\/wp-json\/wp\/v2\/tags?post=22237"}],"curies":[{"name":"wp","href":"https:\/\/api.w.org\/{rel}","templated":true}]}}