{"id":22206,"date":"2023-12-08T12:13:24","date_gmt":"2023-12-08T18:13:24","guid":{"rendered":"https:\/\/contextoanalisisperiodistico.com\/index.php\/2023\/12\/08\/exhorta-sso-a-denunciar-cobros-en-tramites-de-certificados-de-defuncion\/"},"modified":"2023-12-08T12:13:24","modified_gmt":"2023-12-08T18:13:24","slug":"exhorta-sso-a-denunciar-cobros-en-tramites-de-certificados-de-defuncion","status":"publish","type":"post","link":"https:\/\/contextoanalisisperiodistico.com\/index.php\/2023\/12\/08\/exhorta-sso-a-denunciar-cobros-en-tramites-de-certificados-de-defuncion\/","title":{"rendered":"Exhorta SSO a denunciar cobros en tr\u00e1mites de certificados de defunci\u00f3n"},"content":{"rendered":"<div id=\"fb-root\"><\/div>\n\n<p>\u2022 Se busca erradicar pr\u00e1cticas indebidas en todos los niveles de la instituci\u00f3n, consolidando una administraci\u00f3n honesta, eficiente y responsable<\/p>\n\n\n\n<figure class=\"wp-block-image size-large\"><img fetchpriority=\"high\" decoding=\"async\" width=\"1024\" height=\"1024\" src=\"https:\/\/contextoanalisisperiodistico.com\/wp-content\/uploads\/2023\/12\/img-20231208-wa00481974144091556702049-1024x1024.jpg\" alt=\"\" class=\"wp-image-22205\" srcset=\"https:\/\/contextoanalisisperiodistico.com\/wp-content\/uploads\/2023\/12\/img-20231208-wa00481974144091556702049-1024x1024.jpg 1024w, https:\/\/contextoanalisisperiodistico.com\/wp-content\/uploads\/2023\/12\/img-20231208-wa00481974144091556702049-300x300.jpg 300w, https:\/\/contextoanalisisperiodistico.com\/wp-content\/uploads\/2023\/12\/img-20231208-wa00481974144091556702049-150x150.jpg 150w, https:\/\/contextoanalisisperiodistico.com\/wp-content\/uploads\/2023\/12\/img-20231208-wa00481974144091556702049-768x768.jpg 768w, https:\/\/contextoanalisisperiodistico.com\/wp-content\/uploads\/2023\/12\/img-20231208-wa00481974144091556702049-1536x1536.jpg 1536w, https:\/\/contextoanalisisperiodistico.com\/wp-content\/uploads\/2023\/12\/img-20231208-wa00481974144091556702049.jpg 1600w\" sizes=\"(max-width: 1024px) 100vw, 1024px\" \/><\/figure>\n\n\n\n<figure class=\"wp-block-image\"><img decoding=\"async\" width=\"1024\" height=\"683\" src=\"https:\/\/contextoanalisisperiodistico.com\/wp-content\/uploads\/2023\/12\/img-20231208-wa00469138212224254794833-1024x683.jpg\" alt=\"\" class=\"wp-image-22203\" srcset=\"https:\/\/contextoanalisisperiodistico.com\/wp-content\/uploads\/2023\/12\/img-20231208-wa00469138212224254794833-1024x683.jpg 1024w, https:\/\/contextoanalisisperiodistico.com\/wp-content\/uploads\/2023\/12\/img-20231208-wa00469138212224254794833-300x200.jpg 300w, https:\/\/contextoanalisisperiodistico.com\/wp-content\/uploads\/2023\/12\/img-20231208-wa00469138212224254794833-768x512.jpg 768w, https:\/\/contextoanalisisperiodistico.com\/wp-content\/uploads\/2023\/12\/img-20231208-wa00469138212224254794833.jpg 1500w\" sizes=\"(max-width: 1024px) 100vw, 1024px\" \/><\/figure>\n\n\n\n<figure class=\"wp-block-image\"><img decoding=\"async\" width=\"1024\" height=\"576\" src=\"https:\/\/contextoanalisisperiodistico.com\/wp-content\/uploads\/2023\/12\/img-20231208-wa00454623914511905269169-1024x576.jpg\" alt=\"\" class=\"wp-image-22204\" srcset=\"https:\/\/contextoanalisisperiodistico.com\/wp-content\/uploads\/2023\/12\/img-20231208-wa00454623914511905269169-1024x576.jpg 1024w, https:\/\/contextoanalisisperiodistico.com\/wp-content\/uploads\/2023\/12\/img-20231208-wa00454623914511905269169-300x169.jpg 300w, https:\/\/contextoanalisisperiodistico.com\/wp-content\/uploads\/2023\/12\/img-20231208-wa00454623914511905269169-768x432.jpg 768w, https:\/\/contextoanalisisperiodistico.com\/wp-content\/uploads\/2023\/12\/img-20231208-wa00454623914511905269169.jpg 1280w\" sizes=\"(max-width: 1024px) 100vw, 1024px\" \/><\/figure>\n\n\n\n<p>\u2022 El tr\u00e1mite en la emisi\u00f3n del certificado de defunci\u00f3n no conlleva ning\u00fan costo y no puede ser condicionado<\/p>\n\n\n\n<p>Oaxaca de Ju\u00e1rez, Oax. 8 de diciembre de 2023.- En concordancia con la pol\u00edtica de transparencia, legalidad, rendici\u00f3n de cuentas y la firme oposici\u00f3n a la corrupci\u00f3n, los Servicios de Salud de Oaxaca (SSO) exhortan a la poblaci\u00f3n a denunciar cobros en tr\u00e1mites de certificados de defunci\u00f3n, toda vez que este documento es gratuito.<\/p>\n\n\n\n<p>La instituci\u00f3n reafirma su compromiso y determinaci\u00f3n de erradicar pr\u00e1cticas indebidas en todos los niveles de la instituci\u00f3n, consolidando una administraci\u00f3n honesta, eficiente y responsable, con una visi\u00f3n comprometida para prevenir actos fraudulentos en la emisi\u00f3n de este documento.<\/p>\n\n\n\n<p>Desde el inicio de esta administraci\u00f3n, a trav\u00e9s de la Direcci\u00f3n de Planeaci\u00f3n y Desarrollo de la dependencia se han implementado todos los esfuerzos necesarios para corregir malas pr\u00e1cticas como el lucro o la manipulaci\u00f3n indebida del llenado del certificado de defunci\u00f3n, documento que certifica, comprueba y determina las causas del fallecimiento de una persona<\/p>\n\n\n\n<p>Es importante destacar que la emisi\u00f3n del certificado de defunci\u00f3n es realizada por un m\u00e9dico con c\u00e9dula profesional o una persona debidamente autorizada por la autoridad sanitaria correspondiente. Este servicio no conlleva ning\u00fan costo y no puede ser condicionado.<\/p>\n\n\n\n<p>Ante cualquier intento de cobro se insta a la ciudadan\u00eda a presentar denuncias a trav\u00e9s de los siguientes canales: tel\u00e9fonos 951 501 50 00, extensi\u00f3n 10479, o lada sin costo: 800 112 8700, as\u00ed como a los correos electr\u00f3nicos quejas.honestidad@oaxaca.gob.mx y contactociudadano@funcionpublica.gob.mx.<\/p>\n\n\n\n<p>En el caso de personas fallecidas sin seguridad social, los familiares o responsables del tr\u00e1mite pueden dirigirse a instancias oficiales como los centros de salud, jurisdicciones sanitarias correspondientes, las 145 oficial\u00edas del Registro Civil y\/o la autoridad municipal, para el llenado gratuito del certificado.<\/p>\n\n\n\n<p>La Direcci\u00f3n de Planeaci\u00f3n y Desarrollo de los SSO, mediante sus lineamientos oficiales, aclara que si la certificaci\u00f3n es realizada por un m\u00e9dico particular, la persona encargada del tr\u00e1mite deber\u00e1 acudir a las instancias oficiales para obtener un certificado y el m\u00e9dico deber\u00e1 verificar el fallecimiento en el lugar y realizar el correcto llenado de este documento.<\/p>\n\n\n\n<p>En el caso de personas derechohabientes del Instituto Mexicano del Seguro Social (IMSS) o del Instituto de Seguridad y Servicios Sociales de los Trabajadores del Estado (ISSSTE), deber\u00e1n acudir a la cl\u00ednica correspondiente.<\/p>\n\n\n\n<p>En situaciones de fallecimiento en un hospital privado, este est\u00e1 obligado a proporcionar el certificado de defunci\u00f3n y si el deceso fue ocasionado por causas externas (violentas, accidentales o autoinfligidas), el personal m\u00e9dico o cualquier testigo debe informar de inmediato a la autoridad competente como el Ministerio P\u00fablico.<\/p>\n\n\n\n<p>La Primavera Oaxaque\u00f1a trabaja incansablemente para servir a la poblaci\u00f3n y comunidades, por ello se reitera que el tr\u00e1mite del certificado de defunci\u00f3n no tiene ning\u00fan costo por lo que cualquier intento de cobro debe ser denunciado.<\/p>\n\n\n\n<p>-0-<\/p>\n\n\n\n<p><\/p>\n","protected":false},"excerpt":{"rendered":"<p>\u2022 Se busca erradicar pr\u00e1cticas indebidas en todos los niveles de la instituci\u00f3n, consolidando una&#8230;<\/p>\n","protected":false},"author":4,"featured_media":22202,"comment_status":"","ping_status":"open","sticky":false,"template":"","format":"standard","meta":{"footnotes":""},"categories":[92],"tags":[],"jetpack_sharing_enabled":true,"featured_image_urls":{"full":["https:\/\/contextoanalisisperiodistico.com\/wp-content\/uploads\/2023\/12\/IMG-20231208-WA0047.jpg",1600,1600,false],"thumbnail":["https:\/\/contextoanalisisperiodistico.com\/wp-content\/uploads\/2023\/12\/IMG-20231208-WA0047-150x150.jpg",150,150,true],"medium":["https:\/\/contextoanalisisperiodistico.com\/wp-content\/uploads\/2023\/12\/IMG-20231208-WA0047-300x300.jpg",300,300,true],"medium_large":["https:\/\/contextoanalisisperiodistico.com\/wp-content\/uploads\/2023\/12\/IMG-20231208-WA0047-768x768.jpg",640,640,true],"large":["https:\/\/contextoanalisisperiodistico.com\/wp-content\/uploads\/2023\/12\/IMG-20231208-WA0047-1024x1024.jpg",640,640,true],"1536x1536":["https:\/\/contextoanalisisperiodistico.com\/wp-content\/uploads\/2023\/12\/IMG-20231208-WA0047-1536x1536.jpg",1536,1536,true],"2048x2048":["https:\/\/contextoanalisisperiodistico.com\/wp-content\/uploads\/2023\/12\/IMG-20231208-WA0047.jpg",1600,1600,false],"covernews-slider-full":["https:\/\/contextoanalisisperiodistico.com\/wp-content\/uploads\/2023\/12\/IMG-20231208-WA0047-1115x715.jpg",1115,715,true],"covernews-slider-center":["https:\/\/contextoanalisisperiodistico.com\/wp-content\/uploads\/2023\/12\/IMG-20231208-WA0047-800x500.jpg",800,500,true],"covernews-featured":["https:\/\/contextoanalisisperiodistico.com\/wp-content\/uploads\/2023\/12\/IMG-20231208-WA0047-1024x1024.jpg",1024,1024,true],"covernews-medium":["https:\/\/contextoanalisisperiodistico.com\/wp-content\/uploads\/2023\/12\/IMG-20231208-WA0047-540x340.jpg",540,340,true],"covernews-medium-square":["https:\/\/contextoanalisisperiodistico.com\/wp-content\/uploads\/2023\/12\/IMG-20231208-WA0047-400x250.jpg",400,250,true]},"author_info":{"display_name":"Mario Gir\u00f3n","author_link":"https:\/\/contextoanalisisperiodistico.com\/index.php\/author\/director\/"},"category_info":"<a href=\"https:\/\/contextoanalisisperiodistico.com\/index.php\/category\/salud\/\" rel=\"category tag\">Salud<\/a>","tag_info":"Salud","comment_count":"0","jetpack_featured_media_url":"https:\/\/contextoanalisisperiodistico.com\/wp-content\/uploads\/2023\/12\/IMG-20231208-WA0047.jpg","_links":{"self":[{"href":"https:\/\/contextoanalisisperiodistico.com\/index.php\/wp-json\/wp\/v2\/posts\/22206"}],"collection":[{"href":"https:\/\/contextoanalisisperiodistico.com\/index.php\/wp-json\/wp\/v2\/posts"}],"about":[{"href":"https:\/\/contextoanalisisperiodistico.com\/index.php\/wp-json\/wp\/v2\/types\/post"}],"author":[{"embeddable":true,"href":"https:\/\/contextoanalisisperiodistico.com\/index.php\/wp-json\/wp\/v2\/users\/4"}],"replies":[{"embeddable":true,"href":"https:\/\/contextoanalisisperiodistico.com\/index.php\/wp-json\/wp\/v2\/comments?post=22206"}],"version-history":[{"count":0,"href":"https:\/\/contextoanalisisperiodistico.com\/index.php\/wp-json\/wp\/v2\/posts\/22206\/revisions"}],"wp:featuredmedia":[{"embeddable":true,"href":"https:\/\/contextoanalisisperiodistico.com\/index.php\/wp-json\/wp\/v2\/media\/22202"}],"wp:attachment":[{"href":"https:\/\/contextoanalisisperiodistico.com\/index.php\/wp-json\/wp\/v2\/media?parent=22206"}],"wp:term":[{"taxonomy":"category","embeddable":true,"href":"https:\/\/contextoanalisisperiodistico.com\/index.php\/wp-json\/wp\/v2\/categories?post=22206"},{"taxonomy":"post_tag","embeddable":true,"href":"https:\/\/contextoanalisisperiodistico.com\/index.php\/wp-json\/wp\/v2\/tags?post=22206"}],"curies":[{"name":"wp","href":"https:\/\/api.w.org\/{rel}","templated":true}]}}