{"id":22149,"date":"2023-12-07T01:01:40","date_gmt":"2023-12-07T07:01:40","guid":{"rendered":"https:\/\/contextoanalisisperiodistico.com\/index.php\/2023\/12\/07\/con-dialogo-y-acuerdos-el-ieepo-organiza-solucion-al-conflicto-interno-de-la-enufi\/"},"modified":"2023-12-07T07:07:00","modified_gmt":"2023-12-07T13:07:00","slug":"con-dialogo-y-acuerdos-el-ieepo-organiza-solucion-al-conflicto-interno-de-la-enufi","status":"publish","type":"post","link":"https:\/\/contextoanalisisperiodistico.com\/index.php\/2023\/12\/07\/con-dialogo-y-acuerdos-el-ieepo-organiza-solucion-al-conflicto-interno-de-la-enufi\/","title":{"rendered":"Con di\u00e1logo y acuerdos el IEEPO organiza soluci\u00f3n al conflicto interno de la ENUFI"},"content":{"rendered":"<div id=\"fb-root\"><\/div>\n\n<p>(*) Alumnos entregar\u00e1n el edificio escolar esta tarde y por ende garantizado el libre tr\u00e1nsito por la carretera Federal<\/p>\n\n\n\n<p>Mario GIR\u00d3N<\/p>\n\n\n\n<p>Heroica Ciudad de Juchit\u00e1n de Zaragoza, 06 diciembre 2023.- De la mano y la experiencia conciliatoria de equilibrios presentada en la soluci\u00f3n de retos por atender, con mejores resultados el Instituto Estatal de Educaci\u00f3n P\u00fablica de Oaxaca (IEEPO) condujo la mesa de trabajo que puso punto final a la problem\u00e1tica interna la cual origin\u00f3 bloqueo carretero y un importante per\u00edodo paralizador de trabajo docente y administrativo de la Escuela Normal Urbana Federal del Istmo (ENUFI) en donde la actividad de oficina como la entrega del edificio se concretar\u00e1 este d\u00eda a las 8 y 16 horas, respectivamente.<\/p>\n\n\n\n<p>En el espacio que ocupa la sala Centenario del Instituto Tecnol\u00f3gico del Istmo (ITI), el equipo de trabajo del director general del IEEPO, Emilio Montero P\u00e9rez, mediante di\u00e1logo, escuchando a las partes de este conflicto interno, estudiantes y docentes, y ante la presencia de directivos de la Secci\u00f3n XXII de la CNTE alcanzaron acuerdos convertidos en propuestas de soluci\u00f3n a un conflicto interno que al final qued\u00f3 sin vencedores ni vencidos.<\/p>\n\n\n\n<p>De manera ordenada, civilizada, en paz y mucho di\u00e1logo, los participantes en este encuentro de mesa de trabajo pusieron punto final a una toma del edificio normalistas que el alumnado mantuvo en su poder por espacio de dos meses, adem\u00e1s de los \u00faltimos bloqueos a la carretera federal, a la altura de esta hist\u00f3rica poblaci\u00f3n istme\u00f1a. &nbsp;<\/p>\n\n\n\n<p>&nbsp;<\/p>\n\n\n\n<p>Los acuerdos alcanzados por representantes del IEEPO y del \u00d3rgano Interno de Control de la Secretar\u00eda de Honestidad del Gobierno del Estado de Oaxaca, as\u00ed como por representantes del Comit\u00e9 Estudiantil y Mesas de Pasantes de la licenciaturas de Primaria y Preescolar de la ENUFI, directivos de la misma instituci\u00f3n, la Representaci\u00f3n Delegacional Sindical D-II-51, el Secretario de Organizaci\u00f3n de la Secci\u00f3n XXII, as\u00ed como el representante Regional del Sector Ixtepec, y de secretar\u00eda de Trabajo y Conflictos del Nivel de Formadores de Docentes de la Secci\u00f3n XXII, son:<\/p>\n\n\n\n<p>En el marco del respeto de los derechos humanos de toda la comunidad normalista no habr\u00e1 represalias acad\u00e9micas ni de otro tipo hacia los estudiantes de la ENUFI de ambas licenciaturas, Primaria y Preescolar, en las generaciones 2020-2024, 2021-2025, 2022-2026 y 2023-2027 y subsecuentes, por parte de los integrantes del personal directivo, docente y no docente. Asimismo, los directivos se comprometen respaldar a los alumnos en caso de existir represalia alguna, gui\u00e1ndose ambas partes por el marco del respeto siempre y cuando no se atente a la moralidad e integridad de la comunidad normalista.<\/p>\n\n\n\n<p>Segundo: en apego al respeto irrestricto las partes firmantes retoman el acuerdo n\u00famero Dos de la minuta firmada el s\u00e1bado 11 de marzo de 2023 en las oficinas del IEEPO de la ciudad de Oaxaca de Ju\u00e1rez, en donde las partes se comprometen a ser respetuosos de los mecanismos y procedimientos de la instancia correspondiente, reconociendo as\u00ed la organizaci\u00f3n y la autonom\u00eda para el desarrollo de los trabajos en cada una de las escuelas normales, estableciendo mecanismos de comunicaci\u00f3n que permitan aclarar todas las dudas posibles.<\/p>\n\n\n\n<p>Tercero: en la voluntad de resolver el conflicto que prevalece en la ENUFI, el cuerpo directivo y la representaci\u00f3n sindical flexibilizar\u00e1n los cambios en la academia del s\u00e9ptimo semestre de la licenciatura de Educaci\u00f3n Preescolar, reasignando a otros docentes a los cursos respectivos de este semestre. Para ello, el Subdirector Acad\u00e9mico en coordinaci\u00f3n con el Jefe de \u00e1rea de Docencia construir\u00e1n los criterios de asignaci\u00f3n.<\/p>\n\n\n\n<p>Cuarto: en su calidad de organismo aut\u00f3nomo y como muestra de flexibilidad ante el escenario que prevalece en la ENUFI, la Comisi\u00f3n de Titulaci\u00f3n revisar\u00e1 y valorar\u00e1 de fondo el planteamiento para realizar modificaciones en la reasignaci\u00f3n de asesores para tres alumnas del s\u00e9ptimo semestre de la licenciatura de Educaci\u00f3n Preescolar o en aquellos alumnos que no cuenten con un asesor de ambas licenciaturas.<\/p>\n\n\n\n<p>Se estableci\u00f3 que este proceso se realizar\u00e1 en el marco del respeto de la decisi\u00f3n que tomen las tres alumnas, en caso de que se advierta alguna irregularidad en perjuicio de la comunidad estudiantil, se dejar\u00e1 a salvo su derecho para acudir a realizar sus manifestaciones a la instancia correspondiente.<\/p>\n\n\n\n<p>Quinto, se acuerda que para el proceso de entrega y recepci\u00f3n de la ENUFI los alumnos tendr\u00e1n el acompa\u00f1amiento de la representaci\u00f3n sectorial n\u00famero 04 de Ciudad Ixtepec y de la Secci\u00f3n XXII. Asimismo, realizar\u00e1n de manera voluntaria la limpieza general de la escuela previo al inicio de clases.<\/p>\n\n\n\n<figure class=\"wp-block-image size-large\"><img fetchpriority=\"high\" decoding=\"async\" width=\"665\" height=\"350\" src=\"https:\/\/contextoanalisisperiodistico.com\/wp-content\/uploads\/2023\/12\/screenshot_20231206_230657_samsunginternet8830092567780375883.jpg\" alt=\"\" class=\"wp-image-22148\" srcset=\"https:\/\/contextoanalisisperiodistico.com\/wp-content\/uploads\/2023\/12\/screenshot_20231206_230657_samsunginternet8830092567780375883.jpg 665w, https:\/\/contextoanalisisperiodistico.com\/wp-content\/uploads\/2023\/12\/screenshot_20231206_230657_samsunginternet8830092567780375883-300x158.jpg 300w\" sizes=\"(max-width: 665px) 100vw, 665px\" \/><\/figure>\n\n\n\n<figure class=\"wp-block-image\"><img decoding=\"async\" width=\"300\" height=\"104\" src=\"https:\/\/contextoanalisisperiodistico.com\/wp-content\/uploads\/2023\/12\/screenshot_20231206_230935_samsunginternet1393999698923984011-300x104.jpg\" alt=\"\" class=\"wp-image-22147\" srcset=\"https:\/\/contextoanalisisperiodistico.com\/wp-content\/uploads\/2023\/12\/screenshot_20231206_230935_samsunginternet1393999698923984011-300x104.jpg 300w, https:\/\/contextoanalisisperiodistico.com\/wp-content\/uploads\/2023\/12\/screenshot_20231206_230935_samsunginternet1393999698923984011.jpg 720w\" sizes=\"(max-width: 300px) 100vw, 300px\" \/><\/figure>\n\n\n\n<p>Las partes acuerdan que los alumnos entregar\u00e1n el edificio de la ENUFI el viernes 8 de diciembre de 2023 a las 16 horas, con la precisi\u00f3n que, a partir de hoy jueves, 07 de diciembre, a partir de las 8 horas iniciar\u00e1n los trabajos del \u00e1rea administrativa a efecto de avanzar con la documentaci\u00f3n que tienen retraso y tr\u00e1mites pendientes.<\/p>\n\n\n\n<p>Sexto: las partes acuerdan la validaci\u00f3n del semestre de toda la comunidad estudiantil, cumpliendo el alumnado con los m\u00ednimos requeridos establecidos en los planes y programas de estudio correspondiente, quedando de manera permanente la comunicaci\u00f3n \u00e9tica y profesional entre ambas partes.<\/p>\n\n\n\n<p>S\u00e9ptimo: El Director General del IEEPO, Montero P\u00e9rez, se compromete a visitar la ENUFI para efecto de revisar y atender las necesidades del plantel, el d\u00eda lunes 11 de diciembre de 2023<\/p>\n\n\n\n<p><\/p>\n\n\n\n<p>&nbsp;<\/p>\n\n\n\n<p>&nbsp;<\/p>\n","protected":false},"excerpt":{"rendered":"<p>(*) Alumnos entregar\u00e1n el edificio escolar esta tarde y por ende garantizado el libre tr\u00e1nsito&#8230;<\/p>\n","protected":false},"author":4,"featured_media":22146,"comment_status":"closed","ping_status":"open","sticky":false,"template":"","format":"standard","meta":{"footnotes":""},"categories":[9],"tags":[],"jetpack_sharing_enabled":true,"featured_image_urls":{"full":["https:\/\/contextoanalisisperiodistico.com\/wp-content\/uploads\/2023\/12\/Screenshot_20231206_230613_SamsungInternet.jpg",688,375,false],"thumbnail":["https:\/\/contextoanalisisperiodistico.com\/wp-content\/uploads\/2023\/12\/Screenshot_20231206_230613_SamsungInternet-150x150.jpg",150,150,true],"medium":["https:\/\/contextoanalisisperiodistico.com\/wp-content\/uploads\/2023\/12\/Screenshot_20231206_230613_SamsungInternet-300x164.jpg",300,164,true],"medium_large":["https:\/\/contextoanalisisperiodistico.com\/wp-content\/uploads\/2023\/12\/Screenshot_20231206_230613_SamsungInternet.jpg",640,349,false],"large":["https:\/\/contextoanalisisperiodistico.com\/wp-content\/uploads\/2023\/12\/Screenshot_20231206_230613_SamsungInternet.jpg",640,349,false],"1536x1536":["https:\/\/contextoanalisisperiodistico.com\/wp-content\/uploads\/2023\/12\/Screenshot_20231206_230613_SamsungInternet.jpg",688,375,false],"2048x2048":["https:\/\/contextoanalisisperiodistico.com\/wp-content\/uploads\/2023\/12\/Screenshot_20231206_230613_SamsungInternet.jpg",688,375,false],"covernews-slider-full":["https:\/\/contextoanalisisperiodistico.com\/wp-content\/uploads\/2023\/12\/Screenshot_20231206_230613_SamsungInternet.jpg",688,375,false],"covernews-slider-center":["https:\/\/contextoanalisisperiodistico.com\/wp-content\/uploads\/2023\/12\/Screenshot_20231206_230613_SamsungInternet.jpg",688,375,false],"covernews-featured":["https:\/\/contextoanalisisperiodistico.com\/wp-content\/uploads\/2023\/12\/Screenshot_20231206_230613_SamsungInternet.jpg",688,375,false],"covernews-medium":["https:\/\/contextoanalisisperiodistico.com\/wp-content\/uploads\/2023\/12\/Screenshot_20231206_230613_SamsungInternet-540x340.jpg",540,340,true],"covernews-medium-square":["https:\/\/contextoanalisisperiodistico.com\/wp-content\/uploads\/2023\/12\/Screenshot_20231206_230613_SamsungInternet-400x250.jpg",400,250,true]},"author_info":{"display_name":"Mario Gir\u00f3n","author_link":"https:\/\/contextoanalisisperiodistico.com\/index.php\/author\/director\/"},"category_info":"<a href=\"https:\/\/contextoanalisisperiodistico.com\/index.php\/category\/politica\/\" rel=\"category tag\">Pol\u00edtica<\/a>","tag_info":"Pol\u00edtica","comment_count":"0","jetpack_featured_media_url":"https:\/\/contextoanalisisperiodistico.com\/wp-content\/uploads\/2023\/12\/Screenshot_20231206_230613_SamsungInternet.jpg","_links":{"self":[{"href":"https:\/\/contextoanalisisperiodistico.com\/index.php\/wp-json\/wp\/v2\/posts\/22149"}],"collection":[{"href":"https:\/\/contextoanalisisperiodistico.com\/index.php\/wp-json\/wp\/v2\/posts"}],"about":[{"href":"https:\/\/contextoanalisisperiodistico.com\/index.php\/wp-json\/wp\/v2\/types\/post"}],"author":[{"embeddable":true,"href":"https:\/\/contextoanalisisperiodistico.com\/index.php\/wp-json\/wp\/v2\/users\/4"}],"replies":[{"embeddable":true,"href":"https:\/\/contextoanalisisperiodistico.com\/index.php\/wp-json\/wp\/v2\/comments?post=22149"}],"version-history":[{"count":1,"href":"https:\/\/contextoanalisisperiodistico.com\/index.php\/wp-json\/wp\/v2\/posts\/22149\/revisions"}],"predecessor-version":[{"id":22150,"href":"https:\/\/contextoanalisisperiodistico.com\/index.php\/wp-json\/wp\/v2\/posts\/22149\/revisions\/22150"}],"wp:featuredmedia":[{"embeddable":true,"href":"https:\/\/contextoanalisisperiodistico.com\/index.php\/wp-json\/wp\/v2\/media\/22146"}],"wp:attachment":[{"href":"https:\/\/contextoanalisisperiodistico.com\/index.php\/wp-json\/wp\/v2\/media?parent=22149"}],"wp:term":[{"taxonomy":"category","embeddable":true,"href":"https:\/\/contextoanalisisperiodistico.com\/index.php\/wp-json\/wp\/v2\/categories?post=22149"},{"taxonomy":"post_tag","embeddable":true,"href":"https:\/\/contextoanalisisperiodistico.com\/index.php\/wp-json\/wp\/v2\/tags?post=22149"}],"curies":[{"name":"wp","href":"https:\/\/api.w.org\/{rel}","templated":true}]}}