{"id":22085,"date":"2023-12-05T22:16:58","date_gmt":"2023-12-06T04:16:58","guid":{"rendered":"https:\/\/contextoanalisisperiodistico.com\/index.php\/2023\/12\/05\/presenta-cortv-convocatoria-para-producciones-independientes-2023\/"},"modified":"2023-12-05T22:16:58","modified_gmt":"2023-12-06T04:16:58","slug":"presenta-cortv-convocatoria-para-producciones-independientes-2023","status":"publish","type":"post","link":"https:\/\/contextoanalisisperiodistico.com\/index.php\/2023\/12\/05\/presenta-cortv-convocatoria-para-producciones-independientes-2023\/","title":{"rendered":"Presenta Cortv convocatoria para Producciones Independientes 2023"},"content":{"rendered":"<div id=\"fb-root\"><\/div>\n\n<p>\u2022 Podr\u00e1 participar el sector universitario, casas productoras y personas nacionales o extranjeras que radiquen en el pa\u00eds<\/p>\n\n\n\n<p>\u2022 Las personas interesadas deber\u00e1n enviar sus trabajos antes del 5 de abril de 2024<\/p>\n\n\n\n<p>Oaxaca de Ju\u00e1rez, Oax. 5 de diciembre de 2023.- El Gobierno del Estado a trav\u00e9s de la Corporaci\u00f3n Oaxaque\u00f1a de Radio y Televisi\u00f3n (Cortv) present\u00f3 la convocatoria Producciones Independientes 2023, la cual busca garantizar la libertad de expresi\u00f3n, as\u00ed como impulsar la ciudadanizaci\u00f3n de las audiencias mediante la difusi\u00f3n de materiales audiovisuales en este medio p\u00fablico.<\/p>\n\n\n\n<p>La directora de Televisi\u00f3n de la Cortv, Diana Isis Molina Dom\u00ednguez, explic\u00f3 que en esta primera edici\u00f3n podr\u00e1 participar el sector universitario, casas productoras y personas nacionales o extranjeras que radiquen en el pa\u00eds. Las personas interesadas deber\u00e1n enviar sus trabajos antes del 5 de abril de 2024.<\/p>\n\n\n\n<p>Los materiales propuestos estar\u00e1n dirigidos al p\u00fablico en general y deber\u00e1n tratar temas como Salud, Medio ambiente, Educaci\u00f3n, Turismo, Pueblos ind\u00edgenas, Derechos humanos, entre otros que reflejen la diversidad y pluralidad de la sociedad.<\/p>\n\n\n\n<p>Ante Rafael Mart\u00ednez Gonz\u00e1lez e Israel Espinosa Mandujano, participantes de la edici\u00f3n 2021, el director de Radio de la Cortv, Maclovio Cruz Gonz\u00e1lez manifest\u00f3 que la dependencia busca crear v\u00ednculos con la sociedad civil que permitan mostrar y difundir las realidades desde diversas \u00f3pticas.<\/p>\n\n\n\n<p>Las categor\u00edas para participar en televisi\u00f3n son Documental Corto, Documental Largo, Cortometrajes, Videoclip, Animaci\u00f3n, Videoarte, M\u00f3vil Video, Programa de Vinculaci\u00f3n Acad\u00e9mica, Series Televisivas y Videoblog.<\/p>\n\n\n\n<p>Mientras que, para radiofrecuencia son Podcast, C\u00e1psula, Revista, Radiodrama, Series Radiof\u00f3nicas, Programa Comunitario, Reporte de Investigaci\u00f3n, Radioarte\/Experimentaci\u00f3n sonora y mesa de an\u00e1lisis\/debate.<\/p>\n\n\n\n<p>Con estas acciones la Corporaci\u00f3n que dirige Daniel Hern\u00e1ndez Ju\u00e1rez brinda apertura a los canales de radio y televisi\u00f3n para proyectar la visi\u00f3n y creatividad de talentos que buscan mostrar intereses y realidades sociales.<\/p>\n\n\n\n<p>Las bases de la convocatoria podr\u00e1n ser consultadas a partir de este 5 de diciembre a trav\u00e9s de las redes oficiales de la Cortv, y el formulario de participaci\u00f3n podr\u00e1 ser descargado en la p\u00e1gina web: www.oaxaca.gob.mx\/cortv\/convocatorias-internas\/.<\/p>\n\n\n\n<p>-0-<\/p>\n\n\n\n<figure class=\"wp-block-image size-large\"><img fetchpriority=\"high\" decoding=\"async\" width=\"1024\" height=\"769\" src=\"https:\/\/contextoanalisisperiodistico.com\/wp-content\/uploads\/2023\/12\/img-20231205-wa01298138927594669165941.jpg\" alt=\"\" class=\"wp-image-22083\" srcset=\"https:\/\/contextoanalisisperiodistico.com\/wp-content\/uploads\/2023\/12\/img-20231205-wa01298138927594669165941.jpg 1024w, https:\/\/contextoanalisisperiodistico.com\/wp-content\/uploads\/2023\/12\/img-20231205-wa01298138927594669165941-300x225.jpg 300w, https:\/\/contextoanalisisperiodistico.com\/wp-content\/uploads\/2023\/12\/img-20231205-wa01298138927594669165941-768x577.jpg 768w\" sizes=\"(max-width: 1024px) 100vw, 1024px\" \/><\/figure>\n\n\n\n<figure class=\"wp-block-image\"><img decoding=\"async\" width=\"300\" height=\"226\" src=\"https:\/\/contextoanalisisperiodistico.com\/wp-content\/uploads\/2023\/12\/img-20231205-wa01285924584912946964956-300x226.jpg\" alt=\"\" class=\"wp-image-22082\" srcset=\"https:\/\/contextoanalisisperiodistico.com\/wp-content\/uploads\/2023\/12\/img-20231205-wa01285924584912946964956-300x226.jpg 300w, https:\/\/contextoanalisisperiodistico.com\/wp-content\/uploads\/2023\/12\/img-20231205-wa01285924584912946964956-768x578.jpg 768w, https:\/\/contextoanalisisperiodistico.com\/wp-content\/uploads\/2023\/12\/img-20231205-wa01285924584912946964956.jpg 1024w\" sizes=\"(max-width: 300px) 100vw, 300px\" \/><\/figure>\n\n\n\n<figure class=\"wp-block-image\"><img decoding=\"async\" width=\"300\" height=\"225\" src=\"https:\/\/contextoanalisisperiodistico.com\/wp-content\/uploads\/2023\/12\/img-20231205-wa01303472316802857266673-300x225.jpg\" alt=\"\" class=\"wp-image-22084\" srcset=\"https:\/\/contextoanalisisperiodistico.com\/wp-content\/uploads\/2023\/12\/img-20231205-wa01303472316802857266673-300x225.jpg 300w, https:\/\/contextoanalisisperiodistico.com\/wp-content\/uploads\/2023\/12\/img-20231205-wa01303472316802857266673-768x577.jpg 768w, https:\/\/contextoanalisisperiodistico.com\/wp-content\/uploads\/2023\/12\/img-20231205-wa01303472316802857266673.jpg 1024w\" sizes=\"(max-width: 300px) 100vw, 300px\" \/><\/figure>\n","protected":false},"excerpt":{"rendered":"<p>\u2022 Podr\u00e1 participar el sector universitario, casas productoras y personas nacionales o extranjeras que radiquen&#8230;<\/p>\n","protected":false},"author":4,"featured_media":22081,"comment_status":"","ping_status":"open","sticky":false,"template":"","format":"standard","meta":{"footnotes":""},"categories":[3],"tags":[],"jetpack_sharing_enabled":true,"featured_image_urls":{"full":["https:\/\/contextoanalisisperiodistico.com\/wp-content\/uploads\/2023\/12\/IMG-20231205-WA0131.jpg",1031,1333,false],"thumbnail":["https:\/\/contextoanalisisperiodistico.com\/wp-content\/uploads\/2023\/12\/IMG-20231205-WA0131-150x150.jpg",150,150,true],"medium":["https:\/\/contextoanalisisperiodistico.com\/wp-content\/uploads\/2023\/12\/IMG-20231205-WA0131-232x300.jpg",232,300,true],"medium_large":["https:\/\/contextoanalisisperiodistico.com\/wp-content\/uploads\/2023\/12\/IMG-20231205-WA0131-768x993.jpg",640,828,true],"large":["https:\/\/contextoanalisisperiodistico.com\/wp-content\/uploads\/2023\/12\/IMG-20231205-WA0131-792x1024.jpg",640,827,true],"1536x1536":["https:\/\/contextoanalisisperiodistico.com\/wp-content\/uploads\/2023\/12\/IMG-20231205-WA0131.jpg",1031,1333,false],"2048x2048":["https:\/\/contextoanalisisperiodistico.com\/wp-content\/uploads\/2023\/12\/IMG-20231205-WA0131.jpg",1031,1333,false],"covernews-slider-full":["https:\/\/contextoanalisisperiodistico.com\/wp-content\/uploads\/2023\/12\/IMG-20231205-WA0131-1031x715.jpg",1031,715,true],"covernews-slider-center":["https:\/\/contextoanalisisperiodistico.com\/wp-content\/uploads\/2023\/12\/IMG-20231205-WA0131-800x500.jpg",800,500,true],"covernews-featured":["https:\/\/contextoanalisisperiodistico.com\/wp-content\/uploads\/2023\/12\/IMG-20231205-WA0131-1024x1324.jpg",1024,1324,true],"covernews-medium":["https:\/\/contextoanalisisperiodistico.com\/wp-content\/uploads\/2023\/12\/IMG-20231205-WA0131-540x340.jpg",540,340,true],"covernews-medium-square":["https:\/\/contextoanalisisperiodistico.com\/wp-content\/uploads\/2023\/12\/IMG-20231205-WA0131-400x250.jpg",400,250,true]},"author_info":{"display_name":"Mario Gir\u00f3n","author_link":"https:\/\/contextoanalisisperiodistico.com\/index.php\/author\/director\/"},"category_info":"<a href=\"https:\/\/contextoanalisisperiodistico.com\/index.php\/category\/ciudad\/\" rel=\"category tag\">Ciudad<\/a>","tag_info":"Ciudad","comment_count":"0","jetpack_featured_media_url":"https:\/\/contextoanalisisperiodistico.com\/wp-content\/uploads\/2023\/12\/IMG-20231205-WA0131.jpg","_links":{"self":[{"href":"https:\/\/contextoanalisisperiodistico.com\/index.php\/wp-json\/wp\/v2\/posts\/22085"}],"collection":[{"href":"https:\/\/contextoanalisisperiodistico.com\/index.php\/wp-json\/wp\/v2\/posts"}],"about":[{"href":"https:\/\/contextoanalisisperiodistico.com\/index.php\/wp-json\/wp\/v2\/types\/post"}],"author":[{"embeddable":true,"href":"https:\/\/contextoanalisisperiodistico.com\/index.php\/wp-json\/wp\/v2\/users\/4"}],"replies":[{"embeddable":true,"href":"https:\/\/contextoanalisisperiodistico.com\/index.php\/wp-json\/wp\/v2\/comments?post=22085"}],"version-history":[{"count":0,"href":"https:\/\/contextoanalisisperiodistico.com\/index.php\/wp-json\/wp\/v2\/posts\/22085\/revisions"}],"wp:featuredmedia":[{"embeddable":true,"href":"https:\/\/contextoanalisisperiodistico.com\/index.php\/wp-json\/wp\/v2\/media\/22081"}],"wp:attachment":[{"href":"https:\/\/contextoanalisisperiodistico.com\/index.php\/wp-json\/wp\/v2\/media?parent=22085"}],"wp:term":[{"taxonomy":"category","embeddable":true,"href":"https:\/\/contextoanalisisperiodistico.com\/index.php\/wp-json\/wp\/v2\/categories?post=22085"},{"taxonomy":"post_tag","embeddable":true,"href":"https:\/\/contextoanalisisperiodistico.com\/index.php\/wp-json\/wp\/v2\/tags?post=22085"}],"curies":[{"name":"wp","href":"https:\/\/api.w.org\/{rel}","templated":true}]}}