{"id":22066,"date":"2023-12-05T19:04:12","date_gmt":"2023-12-06T01:04:12","guid":{"rendered":"https:\/\/contextoanalisisperiodistico.com\/index.php\/2023\/12\/05\/fiestas-de-noviembre-de-puerto-escondido-2023-dejan-mas-de-190-mdp-en-derrama-economica\/"},"modified":"2023-12-05T19:04:12","modified_gmt":"2023-12-06T01:04:12","slug":"fiestas-de-noviembre-de-puerto-escondido-2023-dejan-mas-de-190-mdp-en-derrama-economica","status":"publish","type":"post","link":"https:\/\/contextoanalisisperiodistico.com\/index.php\/2023\/12\/05\/fiestas-de-noviembre-de-puerto-escondido-2023-dejan-mas-de-190-mdp-en-derrama-economica\/","title":{"rendered":"Fiestas de Noviembre de Puerto Escondido 2023 dejan m\u00e1s de 190 mdp en derrama econ\u00f3mica"},"content":{"rendered":"<div id=\"fb-root\"><\/div>\n\n<p>\u2022 En conjunto con los municipios de San Pedro Mixtepec y Santa Mar\u00eda Colotepec, la Sectur Oaxaca impuls\u00f3 diversos eventos para ofrecer a locales y visitantes unas fiestas memorables<\/p>\n\n\n\n<figure class=\"wp-block-image size-large\"><img fetchpriority=\"high\" decoding=\"async\" width=\"1024\" height=\"682\" src=\"https:\/\/contextoanalisisperiodistico.com\/wp-content\/uploads\/2023\/12\/img-20231205-wa0118678542632447695032-1024x682.jpg\" alt=\"\" class=\"wp-image-22062\" srcset=\"https:\/\/contextoanalisisperiodistico.com\/wp-content\/uploads\/2023\/12\/img-20231205-wa0118678542632447695032-1024x682.jpg 1024w, https:\/\/contextoanalisisperiodistico.com\/wp-content\/uploads\/2023\/12\/img-20231205-wa0118678542632447695032-300x200.jpg 300w, https:\/\/contextoanalisisperiodistico.com\/wp-content\/uploads\/2023\/12\/img-20231205-wa0118678542632447695032-768x512.jpg 768w, https:\/\/contextoanalisisperiodistico.com\/wp-content\/uploads\/2023\/12\/img-20231205-wa0118678542632447695032-1536x1023.jpg 1536w, https:\/\/contextoanalisisperiodistico.com\/wp-content\/uploads\/2023\/12\/img-20231205-wa0118678542632447695032.jpg 1600w\" sizes=\"(max-width: 1024px) 100vw, 1024px\" \/><\/figure>\n\n\n\n<figure class=\"wp-block-image\"><img decoding=\"async\" width=\"1024\" height=\"576\" src=\"https:\/\/contextoanalisisperiodistico.com\/wp-content\/uploads\/2023\/12\/img-20231205-wa01152126391906998593179-1024x576.jpg\" alt=\"\" class=\"wp-image-22065\" srcset=\"https:\/\/contextoanalisisperiodistico.com\/wp-content\/uploads\/2023\/12\/img-20231205-wa01152126391906998593179-1024x576.jpg 1024w, https:\/\/contextoanalisisperiodistico.com\/wp-content\/uploads\/2023\/12\/img-20231205-wa01152126391906998593179-300x169.jpg 300w, https:\/\/contextoanalisisperiodistico.com\/wp-content\/uploads\/2023\/12\/img-20231205-wa01152126391906998593179-768x432.jpg 768w, https:\/\/contextoanalisisperiodistico.com\/wp-content\/uploads\/2023\/12\/img-20231205-wa01152126391906998593179-1536x864.jpg 1536w, https:\/\/contextoanalisisperiodistico.com\/wp-content\/uploads\/2023\/12\/img-20231205-wa01152126391906998593179.jpg 1600w\" sizes=\"(max-width: 1024px) 100vw, 1024px\" \/><\/figure>\n\n\n\n<figure class=\"wp-block-image\"><img decoding=\"async\" width=\"1024\" height=\"576\" src=\"https:\/\/contextoanalisisperiodistico.com\/wp-content\/uploads\/2023\/12\/img-20231205-wa01201883682512057782634-1024x576.jpg\" alt=\"\" class=\"wp-image-22063\" srcset=\"https:\/\/contextoanalisisperiodistico.com\/wp-content\/uploads\/2023\/12\/img-20231205-wa01201883682512057782634-1024x576.jpg 1024w, https:\/\/contextoanalisisperiodistico.com\/wp-content\/uploads\/2023\/12\/img-20231205-wa01201883682512057782634-300x169.jpg 300w, https:\/\/contextoanalisisperiodistico.com\/wp-content\/uploads\/2023\/12\/img-20231205-wa01201883682512057782634-768x432.jpg 768w, https:\/\/contextoanalisisperiodistico.com\/wp-content\/uploads\/2023\/12\/img-20231205-wa01201883682512057782634-1536x864.jpg 1536w, https:\/\/contextoanalisisperiodistico.com\/wp-content\/uploads\/2023\/12\/img-20231205-wa01201883682512057782634.jpg 1600w\" sizes=\"(max-width: 1024px) 100vw, 1024px\" \/><\/figure>\n\n\n\n<figure class=\"wp-block-image\"><img loading=\"lazy\" decoding=\"async\" width=\"1024\" height=\"682\" src=\"https:\/\/contextoanalisisperiodistico.com\/wp-content\/uploads\/2023\/12\/img-20231205-wa01194889581749122133787-1024x682.jpg\" alt=\"\" class=\"wp-image-22064\" srcset=\"https:\/\/contextoanalisisperiodistico.com\/wp-content\/uploads\/2023\/12\/img-20231205-wa01194889581749122133787-1024x682.jpg 1024w, https:\/\/contextoanalisisperiodistico.com\/wp-content\/uploads\/2023\/12\/img-20231205-wa01194889581749122133787-300x200.jpg 300w, https:\/\/contextoanalisisperiodistico.com\/wp-content\/uploads\/2023\/12\/img-20231205-wa01194889581749122133787-768x512.jpg 768w, https:\/\/contextoanalisisperiodistico.com\/wp-content\/uploads\/2023\/12\/img-20231205-wa01194889581749122133787-1536x1023.jpg 1536w, https:\/\/contextoanalisisperiodistico.com\/wp-content\/uploads\/2023\/12\/img-20231205-wa01194889581749122133787.jpg 1600w\" sizes=\"(max-width: 1024px) 100vw, 1024px\" \/><\/figure>\n\n\n\n<p>\u2022 Durante esta celebraci\u00f3n se registr\u00f3 una ocupaci\u00f3n hotelera promedio de 44.62%, con una afluencia total de 96 mil 847 turistas nacionales e internacionales<\/p>\n\n\n\n<p>Oaxaca de Ju\u00e1rez, Oax. 5 de diciembre de 2023.- Las Fiestas de Noviembre de Puerto Escondido 2023 generaron una derrama econ\u00f3mica de 197.42 millones de pesos, 5.05 millones de pesos m\u00e1s en comparaci\u00f3n con el a\u00f1o 2022, as\u00ed lo dio a conocer la Secretar\u00eda de Turismo del Gobierno de Oaxaca.<\/p>\n\n\n\n<p>La dependencia inform\u00f3 que en esta celebraci\u00f3n que tuvo lugar del 3 al 30 de noviembre, la ocupaci\u00f3n hotelera promedio fue de 44.62 por ciento, con una afluencia total de 96 mil 847 turistas nacionales e internacionales que disfrutaron de una amplia cartelera de actividades repletas de m\u00fasica, tradiciones, alegr\u00eda, cultura, gastronom\u00eda, encuentros deportivos y m\u00e1s.<\/p>\n\n\n\n<p>El Gobierno del Estado a trav\u00e9s de la Secretar\u00eda de Turismo trabaj\u00f3 en coordinaci\u00f3n con las autoridades municipales de Santa Mar\u00eda Colotepec y San Pedro Mixtepec para ofrecer, durante estas Fiestas de Noviembre, eventos memorables y de calidad.<\/p>\n\n\n\n<p>Con la finalidad de promover y mantener a Puerto Escondido entre las preferencias de las y los viajeros, as\u00ed como motivar la econom\u00eda local y compartir las tradiciones de la regi\u00f3n de la Costa, las fiestas iniciaron con la Guelaguetza del Mar, que se realiz\u00f3 por primera vez en este destino de playa.<\/p>\n\n\n\n<p>Con una calenda en la que participaron cerca de 20 delegaciones con su m\u00fasica y baile, alegrando a m\u00e1s de mil 800 personas, se anunci\u00f3 la m\u00e1xima fiesta que se celebr\u00f3 en la Agencia de Puerto Escondido, del municipio de San Pedro Mixtepec con la asistencia de dos mil 700 personas y 10 delegaciones; as\u00ed como en la Playa Zicatela de este destino, en Santa Mar\u00eda Colotepec, en la que ocho delegaciones se presentaron ante tres mil 200 personas.<\/p>\n\n\n\n<p>Durante estos d\u00edas se registr\u00f3 una ocupaci\u00f3n hotelera promedio de 48.50 por ciento, as\u00ed como un total de 20 mil 815 visitantes entre nacionales e internacionales, lo que gener\u00f3 una derrama econ\u00f3mica de 25 millones 663 mil pesos.<\/p>\n\n\n\n<p>El inicio de las Fiestas de Noviembre tambi\u00e9n se engalan\u00f3 con el concierto estelar de Pancho Barraza en la Unidad Deportiva Solidaridad, realizado en conjunto con las autoridades de San Pedro Mixtepec, donde m\u00e1s de ocho mil personas disfrutaron de la m\u00fasica del artista, as\u00ed como del grupo Merenglass.<\/p>\n\n\n\n<p>El Torneo Internacional de Surf PXM Pro, uno de los m\u00e1s importantes a nivel nacional e internacional tuvo lugar en la playa Zicatela con la participaci\u00f3n de 36 surfistas, entre locales, del pa\u00eds y de otras nacionalidades, en el que se entreg\u00f3 una bolsa de premiaci\u00f3n de 600 mil pesos, ratificando con este evento a Puerto Escondido como la capital mundial de este deporte.<\/p>\n\n\n\n<p>Las actividades concluyeron con un concierto de clausura el 30 de noviembre en el municipio de Santa Mar\u00eda Colotepec en la Playa Zicatela, en donde miles de personas se reunieron para disfrutar de la presentaci\u00f3n de El Fantasma.<\/p>\n\n\n\n<p>Destacaron tambi\u00e9n eventos como la Muestra de la R\u00e9plica de C\u00f3dices Mixtecos y una exposici\u00f3n con artistas de la regi\u00f3n realizada por la Secretar\u00eda de las Culturas y Artes de Oaxaca (Seculta), el Primer Concurso de Chilenas \u201cLa Gente del Mar\u201d promovido por la Secretar\u00eda de Interculturalidad, Pueblos y Comunidades Ind\u00edgenas y Afromexicanas (SIPCIA) y la Expo Feria de Promoci\u00f3n Econ\u00f3mica de la Regi\u00f3n Costa impulsada por la Secretar\u00eda de Desarrollo Econ\u00f3mico (Sedeco).<\/p>\n\n\n\n<p>De esta manera, Puerto Escondido celebr\u00f3 alrededor de 30 a\u00f1os de tradici\u00f3n de estas fiestas con diversas exposiciones pict\u00f3ricas, talleres de artes pl\u00e1sticas, exposici\u00f3n y muestra del tinte caracol p\u00farpura, presentaci\u00f3n del libro \u201cLa Ruta de los Cuerudos\u201d del poeta Fernando Amaya, muestras cinematogr\u00e1ficas, y el XXX Festival Coste\u00f1o de la Danza, uno de los eventos m\u00e1s emblem\u00e1ticos de esta celebraci\u00f3n en el que se mostraron los bailes de diferentes comunidades de la regi\u00f3n.<\/p>\n\n\n\n<p>Las personas tambi\u00e9n disfrutaron de eventos deportivos como el Torneo Internacional de Pez Vela en la Bah\u00eda Principal, el Medio Marat\u00f3n en Punta Zicatela, de una Carrera Atl\u00e9tica de 5 kil\u00f3metros, el Torneo de motocross realizado en la pista Cerro de la Vieja de San Pedro Mixtepec, entre otros.<br \/>-0-<\/p>\n","protected":false},"excerpt":{"rendered":"<p>\u2022 En conjunto con los municipios de San Pedro Mixtepec y Santa Mar\u00eda Colotepec, la&#8230;<\/p>\n","protected":false},"author":4,"featured_media":22061,"comment_status":"","ping_status":"open","sticky":false,"template":"","format":"standard","meta":{"footnotes":""},"categories":[138],"tags":[],"jetpack_sharing_enabled":true,"featured_image_urls":{"full":["https:\/\/contextoanalisisperiodistico.com\/wp-content\/uploads\/2023\/12\/IMG-20231205-WA0117.jpg",1600,900,false],"thumbnail":["https:\/\/contextoanalisisperiodistico.com\/wp-content\/uploads\/2023\/12\/IMG-20231205-WA0117-150x150.jpg",150,150,true],"medium":["https:\/\/contextoanalisisperiodistico.com\/wp-content\/uploads\/2023\/12\/IMG-20231205-WA0117-300x169.jpg",300,169,true],"medium_large":["https:\/\/contextoanalisisperiodistico.com\/wp-content\/uploads\/2023\/12\/IMG-20231205-WA0117-768x432.jpg",640,360,true],"large":["https:\/\/contextoanalisisperiodistico.com\/wp-content\/uploads\/2023\/12\/IMG-20231205-WA0117-1024x576.jpg",640,360,true],"1536x1536":["https:\/\/contextoanalisisperiodistico.com\/wp-content\/uploads\/2023\/12\/IMG-20231205-WA0117-1536x864.jpg",1536,864,true],"2048x2048":["https:\/\/contextoanalisisperiodistico.com\/wp-content\/uploads\/2023\/12\/IMG-20231205-WA0117.jpg",1600,900,false],"covernews-slider-full":["https:\/\/contextoanalisisperiodistico.com\/wp-content\/uploads\/2023\/12\/IMG-20231205-WA0117-1115x715.jpg",1115,715,true],"covernews-slider-center":["https:\/\/contextoanalisisperiodistico.com\/wp-content\/uploads\/2023\/12\/IMG-20231205-WA0117-800x500.jpg",800,500,true],"covernews-featured":["https:\/\/contextoanalisisperiodistico.com\/wp-content\/uploads\/2023\/12\/IMG-20231205-WA0117-1024x576.jpg",1024,576,true],"covernews-medium":["https:\/\/contextoanalisisperiodistico.com\/wp-content\/uploads\/2023\/12\/IMG-20231205-WA0117-540x340.jpg",540,340,true],"covernews-medium-square":["https:\/\/contextoanalisisperiodistico.com\/wp-content\/uploads\/2023\/12\/IMG-20231205-WA0117-400x250.jpg",400,250,true]},"author_info":{"display_name":"Mario Gir\u00f3n","author_link":"https:\/\/contextoanalisisperiodistico.com\/index.php\/author\/director\/"},"category_info":"<a href=\"https:\/\/contextoanalisisperiodistico.com\/index.php\/category\/turismo\/\" rel=\"category tag\">Turismo<\/a>","tag_info":"Turismo","comment_count":"0","jetpack_featured_media_url":"https:\/\/contextoanalisisperiodistico.com\/wp-content\/uploads\/2023\/12\/IMG-20231205-WA0117.jpg","_links":{"self":[{"href":"https:\/\/contextoanalisisperiodistico.com\/index.php\/wp-json\/wp\/v2\/posts\/22066"}],"collection":[{"href":"https:\/\/contextoanalisisperiodistico.com\/index.php\/wp-json\/wp\/v2\/posts"}],"about":[{"href":"https:\/\/contextoanalisisperiodistico.com\/index.php\/wp-json\/wp\/v2\/types\/post"}],"author":[{"embeddable":true,"href":"https:\/\/contextoanalisisperiodistico.com\/index.php\/wp-json\/wp\/v2\/users\/4"}],"replies":[{"embeddable":true,"href":"https:\/\/contextoanalisisperiodistico.com\/index.php\/wp-json\/wp\/v2\/comments?post=22066"}],"version-history":[{"count":0,"href":"https:\/\/contextoanalisisperiodistico.com\/index.php\/wp-json\/wp\/v2\/posts\/22066\/revisions"}],"wp:featuredmedia":[{"embeddable":true,"href":"https:\/\/contextoanalisisperiodistico.com\/index.php\/wp-json\/wp\/v2\/media\/22061"}],"wp:attachment":[{"href":"https:\/\/contextoanalisisperiodistico.com\/index.php\/wp-json\/wp\/v2\/media?parent=22066"}],"wp:term":[{"taxonomy":"category","embeddable":true,"href":"https:\/\/contextoanalisisperiodistico.com\/index.php\/wp-json\/wp\/v2\/categories?post=22066"},{"taxonomy":"post_tag","embeddable":true,"href":"https:\/\/contextoanalisisperiodistico.com\/index.php\/wp-json\/wp\/v2\/tags?post=22066"}],"curies":[{"name":"wp","href":"https:\/\/api.w.org\/{rel}","templated":true}]}}