{"id":22036,"date":"2023-12-04T18:08:36","date_gmt":"2023-12-05T00:08:36","guid":{"rendered":"https:\/\/contextoanalisisperiodistico.com\/index.php\/2023\/12\/04\/recibe-municipio-escrituras-de-predios-de-servicios-publicos\/"},"modified":"2023-12-04T18:08:36","modified_gmt":"2023-12-05T00:08:36","slug":"recibe-municipio-escrituras-de-predios-de-servicios-publicos","status":"publish","type":"post","link":"https:\/\/contextoanalisisperiodistico.com\/index.php\/2023\/12\/04\/recibe-municipio-escrituras-de-predios-de-servicios-publicos\/","title":{"rendered":"Recibe municipio escrituras de predios de servicios p\u00fablicos."},"content":{"rendered":"<div id=\"fb-root\"><\/div>\n\n<p>\u2022 La entrega se llev\u00f3 como parte del programa de \u201cMejoramiento Urbano Vertiente de la Regularizaci\u00f3n y Certeza Jur\u00eddica de Predios de Servicios P\u00fablicos\u201d.<\/p>\n\n\n\n<p>Oaxaca de Ju\u00e1rez, Oax., a 04 de diciembre de 2023.- Con el objetivo de dar certeza jur\u00eddica ante los bienes que se posee, el municipio de Oaxaca de Ju\u00e1rez, que lidera el presidente municipal, Francisco Mart\u00ednez Neri, recibi\u00f3 un total de 7 escrituras como parte del programa de \u201cMejoramiento Urbano Vertiente de la Regularizaci\u00f3n y Certeza Jur\u00eddica de Predios de Servicios P\u00fablicos\u201d. Estas escrituras fueron entregadas por el director general del Instituto Nacional de Suelo Sustentable, Jos\u00e9 Alfonso Iracheta Carroll.<\/p>\n\n\n\n<p>Al tomar la palabra, el edil capitalino expres\u00f3 su gratitud por este acto significativo para la ciudad.<br \/>\u00abEstas 7 escrituras brindan certeza jur\u00eddica a nuestros activos, fortaleciendo nuestras finanzas y cuantificando nuestro patrimonio. Agradezco al Instituto Nacional del Suelo Sustentable por hacer esto posible\u00bb, puntualiz\u00f3.<\/p>\n\n\n\n<p>Por su parte, el director general del Instituto Nacional de Suelo Sustentable, Jos\u00e9 Alfonso Iracheta Carroll, resalt\u00f3 la importancia del programa en la regularizaci\u00f3n de municipios, agradeciendo el apoyo de la administraci\u00f3n municipal para concluir estos procesos iniciados en 2019 y fortalecer las relaciones intermunicipales.<\/p>\n\n\n\n<p>El evento cont\u00f3 con la presencia de los presidentes municipales de la Villa de Zaachila, Carlos Rigoberto Chac\u00f3n P\u00e9rez, de Santa Mar\u00eda Atzompa, Juan Justino L\u00f3pez Torres, ambos beneficiarios del programa, as\u00ed como representantes de la Secretar\u00eda de Desarrollo Agrario, Territorial y Urbano (SEDATU), la Procuradur\u00eda Agraria de Oaxaca, funcionarias y funcionarios municipales.<\/p>\n\n\n\n<p>Estas acciones aseguran la certeza jur\u00eddica de los predios de servicios p\u00fablicos en Oaxaca de Ju\u00e1rez, contribuyendo al desarrollo continuo y fortaleciendo la construcci\u00f3n de una ciudad educadora.<\/p>\n\n\n\n<figure class=\"wp-block-image size-large\"><img fetchpriority=\"high\" decoding=\"async\" width=\"1024\" height=\"646\" src=\"https:\/\/contextoanalisisperiodistico.com\/wp-content\/uploads\/2023\/12\/img-20231204-wa00917170031894802903484-1024x646.jpg\" alt=\"\" class=\"wp-image-22034\" srcset=\"https:\/\/contextoanalisisperiodistico.com\/wp-content\/uploads\/2023\/12\/img-20231204-wa00917170031894802903484-1024x646.jpg 1024w, https:\/\/contextoanalisisperiodistico.com\/wp-content\/uploads\/2023\/12\/img-20231204-wa00917170031894802903484-300x189.jpg 300w, https:\/\/contextoanalisisperiodistico.com\/wp-content\/uploads\/2023\/12\/img-20231204-wa00917170031894802903484-768x485.jpg 768w, https:\/\/contextoanalisisperiodistico.com\/wp-content\/uploads\/2023\/12\/img-20231204-wa00917170031894802903484-1536x970.jpg 1536w, https:\/\/contextoanalisisperiodistico.com\/wp-content\/uploads\/2023\/12\/img-20231204-wa00917170031894802903484-540x340.jpg 540w, https:\/\/contextoanalisisperiodistico.com\/wp-content\/uploads\/2023\/12\/img-20231204-wa00917170031894802903484.jpg 1600w\" sizes=\"(max-width: 1024px) 100vw, 1024px\" \/><\/figure>\n\n\n\n<figure class=\"wp-block-image\"><img decoding=\"async\" width=\"1024\" height=\"741\" src=\"https:\/\/contextoanalisisperiodistico.com\/wp-content\/uploads\/2023\/12\/img-20231204-wa00937170253182552512433-1024x741.jpg\" alt=\"\" class=\"wp-image-22035\" srcset=\"https:\/\/contextoanalisisperiodistico.com\/wp-content\/uploads\/2023\/12\/img-20231204-wa00937170253182552512433-1024x741.jpg 1024w, https:\/\/contextoanalisisperiodistico.com\/wp-content\/uploads\/2023\/12\/img-20231204-wa00937170253182552512433-300x217.jpg 300w, https:\/\/contextoanalisisperiodistico.com\/wp-content\/uploads\/2023\/12\/img-20231204-wa00937170253182552512433-768x556.jpg 768w, https:\/\/contextoanalisisperiodistico.com\/wp-content\/uploads\/2023\/12\/img-20231204-wa00937170253182552512433-1536x1112.jpg 1536w, https:\/\/contextoanalisisperiodistico.com\/wp-content\/uploads\/2023\/12\/img-20231204-wa00937170253182552512433.jpg 1600w\" sizes=\"(max-width: 1024px) 100vw, 1024px\" \/><\/figure>\n","protected":false},"excerpt":{"rendered":"<p>\u2022 La entrega se llev\u00f3 como parte del programa de \u201cMejoramiento Urbano Vertiente de la&#8230;<\/p>\n","protected":false},"author":4,"featured_media":22033,"comment_status":"","ping_status":"open","sticky":false,"template":"","format":"standard","meta":{"footnotes":""},"categories":[9],"tags":[],"jetpack_sharing_enabled":true,"featured_image_urls":{"full":["https:\/\/contextoanalisisperiodistico.com\/wp-content\/uploads\/2023\/12\/IMG-20231204-WA0092.jpg",1600,984,false],"thumbnail":["https:\/\/contextoanalisisperiodistico.com\/wp-content\/uploads\/2023\/12\/IMG-20231204-WA0092-150x150.jpg",150,150,true],"medium":["https:\/\/contextoanalisisperiodistico.com\/wp-content\/uploads\/2023\/12\/IMG-20231204-WA0092-300x185.jpg",300,185,true],"medium_large":["https:\/\/contextoanalisisperiodistico.com\/wp-content\/uploads\/2023\/12\/IMG-20231204-WA0092-768x472.jpg",640,393,true],"large":["https:\/\/contextoanalisisperiodistico.com\/wp-content\/uploads\/2023\/12\/IMG-20231204-WA0092-1024x630.jpg",640,394,true],"1536x1536":["https:\/\/contextoanalisisperiodistico.com\/wp-content\/uploads\/2023\/12\/IMG-20231204-WA0092-1536x945.jpg",1536,945,true],"2048x2048":["https:\/\/contextoanalisisperiodistico.com\/wp-content\/uploads\/2023\/12\/IMG-20231204-WA0092.jpg",1600,984,false],"covernews-slider-full":["https:\/\/contextoanalisisperiodistico.com\/wp-content\/uploads\/2023\/12\/IMG-20231204-WA0092-1115x715.jpg",1115,715,true],"covernews-slider-center":["https:\/\/contextoanalisisperiodistico.com\/wp-content\/uploads\/2023\/12\/IMG-20231204-WA0092-800x500.jpg",800,500,true],"covernews-featured":["https:\/\/contextoanalisisperiodistico.com\/wp-content\/uploads\/2023\/12\/IMG-20231204-WA0092-1024x630.jpg",1024,630,true],"covernews-medium":["https:\/\/contextoanalisisperiodistico.com\/wp-content\/uploads\/2023\/12\/IMG-20231204-WA0092-540x340.jpg",540,340,true],"covernews-medium-square":["https:\/\/contextoanalisisperiodistico.com\/wp-content\/uploads\/2023\/12\/IMG-20231204-WA0092-400x250.jpg",400,250,true]},"author_info":{"display_name":"Mario Gir\u00f3n","author_link":"https:\/\/contextoanalisisperiodistico.com\/index.php\/author\/director\/"},"category_info":"<a href=\"https:\/\/contextoanalisisperiodistico.com\/index.php\/category\/politica\/\" rel=\"category tag\">Pol\u00edtica<\/a>","tag_info":"Pol\u00edtica","comment_count":"0","jetpack_featured_media_url":"https:\/\/contextoanalisisperiodistico.com\/wp-content\/uploads\/2023\/12\/IMG-20231204-WA0092.jpg","_links":{"self":[{"href":"https:\/\/contextoanalisisperiodistico.com\/index.php\/wp-json\/wp\/v2\/posts\/22036"}],"collection":[{"href":"https:\/\/contextoanalisisperiodistico.com\/index.php\/wp-json\/wp\/v2\/posts"}],"about":[{"href":"https:\/\/contextoanalisisperiodistico.com\/index.php\/wp-json\/wp\/v2\/types\/post"}],"author":[{"embeddable":true,"href":"https:\/\/contextoanalisisperiodistico.com\/index.php\/wp-json\/wp\/v2\/users\/4"}],"replies":[{"embeddable":true,"href":"https:\/\/contextoanalisisperiodistico.com\/index.php\/wp-json\/wp\/v2\/comments?post=22036"}],"version-history":[{"count":0,"href":"https:\/\/contextoanalisisperiodistico.com\/index.php\/wp-json\/wp\/v2\/posts\/22036\/revisions"}],"wp:featuredmedia":[{"embeddable":true,"href":"https:\/\/contextoanalisisperiodistico.com\/index.php\/wp-json\/wp\/v2\/media\/22033"}],"wp:attachment":[{"href":"https:\/\/contextoanalisisperiodistico.com\/index.php\/wp-json\/wp\/v2\/media?parent=22036"}],"wp:term":[{"taxonomy":"category","embeddable":true,"href":"https:\/\/contextoanalisisperiodistico.com\/index.php\/wp-json\/wp\/v2\/categories?post=22036"},{"taxonomy":"post_tag","embeddable":true,"href":"https:\/\/contextoanalisisperiodistico.com\/index.php\/wp-json\/wp\/v2\/tags?post=22036"}],"curies":[{"name":"wp","href":"https:\/\/api.w.org\/{rel}","templated":true}]}}